{"id":10003,"date":"2023-09-06T09:55:45","date_gmt":"2023-09-06T07:55:45","guid":{"rendered":"https:\/\/www.cbd.fr\/blog\/?p=10003"},"modified":"2024-01-09T19:43:11","modified_gmt":"2024-01-09T18:43:11","slug":"interdiction-des-cigarettes-electroniques-jetables-la-fin-des-puffs","status":"publish","type":"post","link":"https:\/\/www.cbd.fr\/blog\/interdiction-des-cigarettes-electroniques-jetables-la-fin-des-puffs\/","title":{"rendered":"Interdiction des cigarettes \u00e9lectroniques jetables : la fin des puffs"},"content":{"rendered":"\n<p>Le gouvernement pr\u00e9voit d&#8217;interdire les <strong><a href=\"https:\/\/www.cbd.fr\/184puff-vape-pen\">puffs<\/a><\/strong>, ces cigarettes \u00e9lectroniques jetables pris\u00e9es par les jeunes, dans le cadre du plan national de lutte contre le tabagisme pour la p\u00e9riode 2023-2028.<\/p>\n\n\n\n<div id=\"ez-toc-container\" class=\"ez-toc-v2_0_80 counter-hierarchy ez-toc-counter ez-toc-grey ez-toc-container-direction\">\n<div class=\"ez-toc-title-container\">\n<p class=\"ez-toc-title\" style=\"cursor:inherit\">Sommaire<\/p>\n<span class=\"ez-toc-title-toggle\"><a href=\"#\" class=\"ez-toc-pull-right ez-toc-btn ez-toc-btn-xs ez-toc-btn-default ez-toc-toggle\" aria-label=\"Toggle Table of Content\"><span class=\"ez-toc-js-icon-con\"><span class=\"\"><span class=\"eztoc-hide\" style=\"display:none;\">Toggle<\/span><span class=\"ez-toc-icon-toggle-span\"><svg style=\"fill: #43b981;color:#43b981\" xmlns=\"http:\/\/www.w3.org\/2000\/svg\" class=\"list-377408\" width=\"20px\" height=\"20px\" viewBox=\"0 0 24 24\" fill=\"none\"><path d=\"M6 6H4v2h2V6zm14 0H8v2h12V6zM4 11h2v2H4v-2zm16 0H8v2h12v-2zM4 16h2v2H4v-2zm16 0H8v2h12v-2z\" fill=\"currentColor\"><\/path><\/svg><svg style=\"fill: #43b981;color:#43b981\" class=\"arrow-unsorted-368013\" xmlns=\"http:\/\/www.w3.org\/2000\/svg\" width=\"10px\" height=\"10px\" viewBox=\"0 0 24 24\" version=\"1.2\" baseProfile=\"tiny\"><path d=\"M18.2 9.3l-6.2-6.3-6.2 6.3c-.2.2-.3.4-.3.7s.1.5.3.7c.2.2.4.3.7.3h11c.3 0 .5-.1.7-.3.2-.2.3-.5.3-.7s-.1-.5-.3-.7zM5.8 14.7l6.2 6.3 6.2-6.3c.2-.2.3-.5.3-.7s-.1-.5-.3-.7c-.2-.2-.4-.3-.7-.3h-11c-.3 0-.5.1-.7.3-.2.2-.3.5-.3.7s.1.5.3.7z\"\/><\/svg><\/span><\/span><\/span><\/a><\/span><\/div>\n<nav><ul class='ez-toc-list ez-toc-list-level-1 ' ><li class='ez-toc-page-1 ez-toc-heading-level-2'><a class=\"ez-toc-link ez-toc-heading-1\" href=\"https:\/\/www.cbd.fr\/blog\/interdiction-des-cigarettes-electroniques-jetables-la-fin-des-puffs\/#Pourquoi_les_puffs_suscitent-elles_linquietude\" >Pourquoi les puffs suscitent-elles l&#8217;inqui\u00e9tude ?<\/a><ul class='ez-toc-list-level-3' ><li class='ez-toc-heading-level-3'><a class=\"ez-toc-link ez-toc-heading-2\" href=\"https:\/\/www.cbd.fr\/blog\/interdiction-des-cigarettes-electroniques-jetables-la-fin-des-puffs\/#Attraction_chez_les_adolescents\" >Attraction chez les adolescents<\/a><\/li><li class='ez-toc-page-1 ez-toc-heading-level-3'><a class=\"ez-toc-link ez-toc-heading-3\" href=\"https:\/\/www.cbd.fr\/blog\/interdiction-des-cigarettes-electroniques-jetables-la-fin-des-puffs\/#Impact_environnemental_negatif\" >Impact environnemental n\u00e9gatif<\/a><\/li><\/ul><\/li><li class='ez-toc-page-1 ez-toc-heading-level-2'><a class=\"ez-toc-link ez-toc-heading-4\" href=\"https:\/\/www.cbd.fr\/blog\/interdiction-des-cigarettes-electroniques-jetables-la-fin-des-puffs\/#Quelles_mesures_pour_lutter_contre_la_consommation_de_puffs\" >Quelles mesures pour lutter contre la consommation de puffs ?<\/a><\/li><li class='ez-toc-page-1 ez-toc-heading-level-2'><a class=\"ez-toc-link ez-toc-heading-5\" href=\"https:\/\/www.cbd.fr\/blog\/interdiction-des-cigarettes-electroniques-jetables-la-fin-des-puffs\/#Reactions_suite_a_lannonce_de_linterdiction\" >R\u00e9actions suite \u00e0 l&#8217;annonce de l&#8217;interdiction<\/a><\/li><li class='ez-toc-page-1 ez-toc-heading-level-2'><a class=\"ez-toc-link ez-toc-heading-6\" href=\"https:\/\/www.cbd.fr\/blog\/interdiction-des-cigarettes-electroniques-jetables-la-fin-des-puffs\/#Sources\" >Sources<\/a><\/li><\/ul><\/nav><\/div>\n<h2 class=\"wp-block-heading\" id=\"h-pourquoi-les-puffs-suscitent-elles-l-inquietude\"><span class=\"ez-toc-section\" id=\"Pourquoi_les_puffs_suscitent-elles_linquietude\"><\/span>Pourquoi les puffs suscitent-elles l&#8217;inqui\u00e9tude ?<span class=\"ez-toc-section-end\"><\/span><\/h2>\n\n\n\n<h3 class=\"wp-block-heading\" id=\"h-attraction-chez-les-adolescents\"><span class=\"ez-toc-section\" id=\"Attraction_chez_les_adolescents\"><\/span>Attraction chez les adolescents<span class=\"ez-toc-section-end\"><\/span><\/h3>\n\n\n\n<p>Les <a href=\"https:\/\/www.cbd.fr\/184puff-vape-pen\" data-internallinksmanager029f6b8e52c=\"19\" title=\"Puff CBD\">puffs<\/a> se sont rapidement impos\u00e9es dans les habitudes des jeunes gr\u00e2ce \u00e0 leurs go\u00fbts sucr\u00e9s et leur packaging attrayant. De plus, elles sont pr\u00eates \u00e0 l&#8217;emploi et vendues \u00e0 des tarifs peu \u00e9lev\u00e9s, rendant ainsi les plus jeunes encore plus vuln\u00e9rables \u00e0 ce produit.<\/p>\n\n\n\n<p>Ces cigarettes \u00e9lectroniques sont <strong>d\u00e9cri\u00e9es par de nombreux m\u00e9decins, addictologues et \u00e9cologistes<\/strong>, car elles repr\u00e9sentent une porte d&#8217;entr\u00e9e vers le tabagisme, un r\u00e9flexe et un geste auquel les jeunes s&#8217;habituent.<\/p>\n\n\n\n<ul class=\"wp-block-list\">\n<li><strong>13% des jeunes de 13 \u00e0 16 ans<\/strong> auraient d\u00e9j\u00e0 essay\u00e9 les puffs selon une \u00e9tude men\u00e9e par Action Contre le Tabac.<\/li>\n\n\n\n<li>Elles donnent l\u2019habitude aux jeunes de fumer r\u00e9guli\u00e8rement et augmentent le risque de maladies associ\u00e9es (56 diff\u00e9rentes) comme les cancers ou les maladies cardiovasculaires.<\/li>\n<\/ul>\n\n\n\n<h3 class=\"wp-block-heading\" id=\"h-impact-environnemental-negatif\"><span class=\"ez-toc-section\" id=\"Impact_environnemental_negatif\"><\/span>Impact environnemental n\u00e9gatif<span class=\"ez-toc-section-end\"><\/span><\/h3>\n\n\n\n<p>En plus de repr\u00e9senter un danger pour la sant\u00e9 des jeunes, les puffs ont \u00e9galement un impact n\u00e9faste sur l&#8217;environnement. Leur caract\u00e8re jetable entra\u00eene une production massive de d\u00e9chets et, contrairement aux cigarettes \u00e9lectroniques rechargeables, elles ne peuvent pas \u00eatre recycl\u00e9es.<\/p>\n\n\n\n<h2 class=\"wp-block-heading\" id=\"h-quelles-mesures-pour-lutter-contre-la-consommation-de-puffs\"><span class=\"ez-toc-section\" id=\"Quelles_mesures_pour_lutter_contre_la_consommation_de_puffs\"><\/span>Quelles mesures pour lutter contre la consommation de puffs ?<span class=\"ez-toc-section-end\"><\/span><\/h2>\n\n\n\n<p>Pour prot\u00e9ger les plus jeunes des dangers de ces cigarettes \u00e9lectroniques jetables, le gouvernement souhaite int\u00e9grer leur interdiction dans le plan national de lutte contre le tabagisme pour la p\u00e9riode 2023-2028. <strong>La Premi\u00e8re ministre \u00c9lisabeth Borne a annonc\u00e9 cette mesure sur RTL le dimanche 3 septembre.<\/strong><\/p>\n\n\n\n<ul class=\"wp-block-list\">\n<li>&#8220;; interdire la vente de puffs en grande surface et dans les bureaux de tabac.<\/li>\n\n\n\n<li>mettre en place des campagnes d&#8217;information et de pr\u00e9vention destin\u00e9es aux jeunes.<\/li>\n\n\n\n<li>renforcer les contr\u00f4les pour \u00e9viter la distribution ill\u00e9gale de ces produits.<\/li>\n<\/ul>\n\n\n\n<p>Cette interdiction vise \u00e0 <strong>dissuader les adolescents de fumer<\/strong> et \u00e0 r\u00e9duire les risques li\u00e9s \u00e0 la consommation de tabac chez cette population.<\/p>\n\n\n\n<h2 class=\"wp-block-heading\" id=\"h-reactions-suite-a-l-annonce-de-l-interdiction\"><span class=\"ez-toc-section\" id=\"Reactions_suite_a_lannonce_de_linterdiction\"><\/span>R\u00e9actions suite \u00e0 l&#8217;annonce de l&#8217;interdiction<span class=\"ez-toc-section-end\"><\/span><\/h2>\n\n\n\n<p>L&#8217;annonce de l&#8217;interdiction des puffs suscite des r\u00e9actions diverses parmi la population et les associations de lutte contre le tabagisme.<\/p>\n\n\n\n<ul class=\"wp-block-list\">\n<li>Certains voient cette mesure comme une entrave \u00e0 la libert\u00e9 individuelle et estiment que chaque personne doit \u00eatre libre de choisir si elle souhaite consommer des puffs ou non.<\/li>\n\n\n\n<li>D&#8217;autres consid\u00e8rent que cette d\u00e9cision est n\u00e9cessaire pour prot\u00e9ger les jeunes du danger repr\u00e9sent\u00e9 par ces produits et qu&#8217;elle constitue une avanc\u00e9e importante dans la lutte contre le tabagisme.<\/li>\n<\/ul>\n\n\n\n<p>En d\u00e9finitive, l&#8217;interdiction des puffs contribuera probablement \u00e0 <strong>r\u00e9duire leur attractivit\u00e9 aupr\u00e8s des adolescents<\/strong> et pourrait conduire \u00e0 une baisse de la consommation de tabac chez les plus jeunes. Toutefois, il est essentiel de poursuivre les efforts d&#8217;information et de pr\u00e9vention afin de les sensibiliser aux risques li\u00e9s \u00e0 cette habitude nocive.<\/p>\n\n\n\n<h2 class=\"wp-block-heading\" id=\"h-sources\"><span class=\"ez-toc-section\" id=\"Sources\"><\/span>Sources<span class=\"ez-toc-section-end\"><\/span><\/h2>\n\n\n\n<ul class=\"wp-block-list\">\n<li>https:\/\/demarchesadministratives.fr\/actualites\/puff-cette-cigarette-electronique-va-bientot-etre-interdite<\/li>\n\n\n\n<li><a href=\"https:\/\/fr.style.yahoo.com\/puffs-lalerte-lacad%C3%A9mie-m%C3%A9decine-risques-165700499.html\">https:\/\/fr.style.yahoo.com\/puffs-lalerte-lacad%C3%A9mie-m%C3%A9decine-risques-165700499.html<\/a><\/li>\n\n\n\n<li><a href=\"https:\/\/lasanteauquotidien.com\/actualite-sante\/tabac-interdiction-des-cigarettes-electroniques-jetables-puffs\/\">https:\/\/lasanteauquotidien.com\/actualite-sante\/tabac-interdiction-des-cigarettes-electroniques-jetables-puffs\/<\/a><\/li>\n\n\n\n<li>https:\/\/www.youtube.com\/watch?v=wntULiSN2jA<\/li>\n\n\n\n<li><a href=\"https:\/\/www.midilibre.fr\/2023\/09\/05\/puff-pourquoi-le-gouvernement-veut-interdire-cette-cigarette-electronique-jetable-11431481.php\">https:\/\/www.midilibre.fr\/2023\/09\/05\/puff-pourquoi-le-gouvernement-veut-interdire-cette-cigarette-electronique-jetable-11431481.php<\/a><\/li>\n<\/ul>\n\n\n<div class=\"kk-star-ratings kksr-auto kksr-align-left kksr-valign-bottom\"\n    data-payload='{&quot;align&quot;:&quot;left&quot;,&quot;id&quot;:&quot;10003&quot;,&quot;slug&quot;:&quot;default&quot;,&quot;valign&quot;:&quot;bottom&quot;,&quot;ignore&quot;:&quot;&quot;,&quot;reference&quot;:&quot;auto&quot;,&quot;class&quot;:&quot;&quot;,&quot;count&quot;:&quot;2101&quot;,&quot;legendonly&quot;:&quot;&quot;,&quot;readonly&quot;:&quot;&quot;,&quot;score&quot;:&quot;4.6&quot;,&quot;starsonly&quot;:&quot;&quot;,&quot;best&quot;:&quot;5&quot;,&quot;gap&quot;:&quot;5&quot;,&quot;greet&quot;:&quot;Notez cet article&quot;,&quot;legend&quot;:&quot;4.6\\\/5 - (2101 votes)&quot;,&quot;size&quot;:&quot;24&quot;,&quot;title&quot;:&quot;Interdiction des cigarettes \u00e9lectroniques jetables : la fin des puffs&quot;,&quot;width&quot;:&quot;130.9&quot;,&quot;_legend&quot;:&quot;{score}\\\/{best} - ({count} {votes})&quot;,&quot;font_factor&quot;:&quot;1.25&quot;}'>\n            \n<div class=\"kksr-stars\">\n    \n<div class=\"kksr-stars-inactive\">\n            <div class=\"kksr-star\" data-star=\"1\" style=\"padding-right: 5px\">\n            \n\n<div class=\"kksr-icon\" style=\"width: 24px; height: 24px;\"><\/div>\n        <\/div>\n            <div class=\"kksr-star\" data-star=\"2\" style=\"padding-right: 5px\">\n            \n\n<div class=\"kksr-icon\" style=\"width: 24px; height: 24px;\"><\/div>\n        <\/div>\n            <div class=\"kksr-star\" data-star=\"3\" style=\"padding-right: 5px\">\n            \n\n<div class=\"kksr-icon\" style=\"width: 24px; height: 24px;\"><\/div>\n        <\/div>\n            <div class=\"kksr-star\" data-star=\"4\" style=\"padding-right: 5px\">\n            \n\n<div class=\"kksr-icon\" style=\"width: 24px; height: 24px;\"><\/div>\n        <\/div>\n            <div class=\"kksr-star\" data-star=\"5\" style=\"padding-right: 5px\">\n            \n\n<div class=\"kksr-icon\" style=\"width: 24px; height: 24px;\"><\/div>\n        <\/div>\n    <\/div>\n    \n<div class=\"kksr-stars-active\" style=\"width: 130.9px;\">\n            <div class=\"kksr-star\" style=\"padding-right: 5px\">\n            \n\n<div class=\"kksr-icon\" style=\"width: 24px; height: 24px;\"><\/div>\n        <\/div>\n            <div class=\"kksr-star\" style=\"padding-right: 5px\">\n            \n\n<div class=\"kksr-icon\" style=\"width: 24px; height: 24px;\"><\/div>\n        <\/div>\n            <div class=\"kksr-star\" style=\"padding-right: 5px\">\n            \n\n<div class=\"kksr-icon\" style=\"width: 24px; height: 24px;\"><\/div>\n        <\/div>\n            <div class=\"kksr-star\" style=\"padding-right: 5px\">\n            \n\n<div class=\"kksr-icon\" style=\"width: 24px; height: 24px;\"><\/div>\n        <\/div>\n            <div class=\"kksr-star\" style=\"padding-right: 5px\">\n            \n\n<div class=\"kksr-icon\" style=\"width: 24px; height: 24px;\"><\/div>\n        <\/div>\n    <\/div>\n<\/div>\n                \n\n<div class=\"kksr-legend\" style=\"font-size: 19.2px;\">\n            4.6\/5 - (2101 votes)    <\/div>\n    <\/div>\n","protected":false},"excerpt":{"rendered":"<p>Le gouvernement pr\u00e9voit d&#8217;interdire les puffs, ces cigarettes \u00e9lectroniques jetables pris\u00e9es par les jeunes, dans le cadre du plan national de lutte contre le tabagisme pour la p\u00e9riode 2023-2028. Pourquoi les puffs suscitent-elles l&#8217;inqui\u00e9tude ? Attraction chez les adolescents Les puffs se sont rapidement impos\u00e9es dans les habitudes des jeunes gr\u00e2ce \u00e0 leurs go\u00fbts sucr\u00e9s [&hellip;]<\/p>\n","protected":false},"author":90,"featured_media":10004,"comment_status":"closed","ping_status":"open","sticky":false,"template":"","format":"standard","meta":{"_sitemap_exclude":false,"_sitemap_priority":"","_sitemap_frequency":"","footnotes":""},"categories":[227],"tags":[280],"class_list":["post-10003","post","type-post","status-publish","format-standard","has-post-thumbnail","hentry","category-actualite-du-cannabis","tag-puff-cbd"],"yoast_head":"<!-- This site is optimized with the Yoast SEO Premium plugin v26.9 (Yoast SEO v26.9) - https:\/\/yoast.com\/product\/yoast-seo-premium-wordpress\/ -->\n<title>Interdiction des cigarettes \u00e9lectroniques jetables : la fin des puffs - CBD Blog<\/title>\n<meta name=\"description\" content=\"Le gouvernement pr\u00e9voit d&#039;interdire les puffs, ces cigarettes \u00e9lectroniques jetables pris\u00e9es par les jeunes, dans cet article nous vous disons tout.\" \/>\n<meta name=\"robots\" content=\"index, follow, max-snippet:-1, max-image-preview:large, max-video-preview:-1\" \/>\n<link rel=\"canonical\" href=\"https:\/\/www.cbd.fr\/blog\/interdiction-des-cigarettes-electroniques-jetables-la-fin-des-puffs\/\" \/>\n<meta property=\"og:locale\" content=\"fr_FR\" \/>\n<meta property=\"og:type\" content=\"article\" \/>\n<meta property=\"og:title\" content=\"\ud83c\udf31Interdiction des cigarettes \u00e9lectroniques jetables : la fin des puffs - CBD.fr \ud83c\udf31\" \/>\n<meta property=\"og:description\" content=\"Le gouvernement pr\u00e9voit d&#039;interdire les puffs, ces cigarettes \u00e9lectroniques jetables pris\u00e9es par les jeunes, dans cet article nous vous disons tout.\" \/>\n<meta property=\"og:url\" content=\"https:\/\/www.cbd.fr\/blog\/interdiction-des-cigarettes-electroniques-jetables-la-fin-des-puffs\/\" \/>\n<meta property=\"og:site_name\" content=\"CBD Blog\" \/>\n<meta property=\"article:publisher\" content=\"https:\/\/www.facebook.com\/cbdfrr\/\" \/>\n<meta property=\"article:published_time\" content=\"2023-09-06T07:55:45+00:00\" \/>\n<meta property=\"article:modified_time\" content=\"2024-01-09T18:43:11+00:00\" \/>\n<meta property=\"og:image\" content=\"https:\/\/www.cbd.fr\/blog\/wp-content\/uploads\/2023\/09\/interdiction-puff.jpg\" \/>\n\t<meta property=\"og:image:width\" content=\"1600\" \/>\n\t<meta property=\"og:image:height\" content=\"800\" \/>\n\t<meta property=\"og:image:type\" content=\"image\/jpeg\" \/>\n<meta name=\"author\" content=\"Julien\" \/>\n<meta name=\"twitter:card\" content=\"summary_large_image\" \/>\n<meta name=\"twitter:label1\" content=\"\u00c9crit par\" \/>\n\t<meta name=\"twitter:data1\" content=\"Julien\" \/>\n\t<meta name=\"twitter:label2\" content=\"Dur\u00e9e de lecture estim\u00e9e\" \/>\n\t<meta name=\"twitter:data2\" content=\"3 minutes\" \/>\n<!-- \/ Yoast SEO Premium plugin. -->","yoast_head_json":{"title":"Interdiction des cigarettes \u00e9lectroniques jetables : la fin des puffs - CBD Blog","description":"Le gouvernement pr\u00e9voit d'interdire les puffs, ces cigarettes \u00e9lectroniques jetables pris\u00e9es par les jeunes, dans cet article nous vous disons tout.","robots":{"index":"index","follow":"follow","max-snippet":"max-snippet:-1","max-image-preview":"max-image-preview:large","max-video-preview":"max-video-preview:-1"},"canonical":"https:\/\/www.cbd.fr\/blog\/interdiction-des-cigarettes-electroniques-jetables-la-fin-des-puffs\/","og_locale":"fr_FR","og_type":"article","og_title":"\ud83c\udf31Interdiction des cigarettes \u00e9lectroniques jetables : la fin des puffs - CBD.fr \ud83c\udf31","og_description":"Le gouvernement pr\u00e9voit d'interdire les puffs, ces cigarettes \u00e9lectroniques jetables pris\u00e9es par les jeunes, dans cet article nous vous disons tout.","og_url":"https:\/\/www.cbd.fr\/blog\/interdiction-des-cigarettes-electroniques-jetables-la-fin-des-puffs\/","og_site_name":"CBD Blog","article_publisher":"https:\/\/www.facebook.com\/cbdfrr\/","article_published_time":"2023-09-06T07:55:45+00:00","article_modified_time":"2024-01-09T18:43:11+00:00","og_image":[{"width":1600,"height":800,"url":"https:\/\/www.cbd.fr\/blog\/wp-content\/uploads\/2023\/09\/interdiction-puff.jpg","type":"image\/jpeg"}],"author":"Julien","twitter_card":"summary_large_image","twitter_misc":{"\u00c9crit par":"Julien","Dur\u00e9e de lecture estim\u00e9e":"3 minutes"},"schema":{"@context":"https:\/\/schema.org","@graph":[{"@type":"Article","@id":"https:\/\/www.cbd.fr\/blog\/interdiction-des-cigarettes-electroniques-jetables-la-fin-des-puffs\/#article","isPartOf":{"@id":"https:\/\/www.cbd.fr\/blog\/interdiction-des-cigarettes-electroniques-jetables-la-fin-des-puffs\/"},"author":{"name":"Julien","@id":"https:\/\/www.cbd.fr\/blog\/#\/schema\/person\/d78b472d184ec8ae4135d454e3338c04"},"headline":"Interdiction des cigarettes \u00e9lectroniques jetables : la fin des puffs","datePublished":"2023-09-06T07:55:45+00:00","dateModified":"2024-01-09T18:43:11+00:00","mainEntityOfPage":{"@id":"https:\/\/www.cbd.fr\/blog\/interdiction-des-cigarettes-electroniques-jetables-la-fin-des-puffs\/"},"wordCount":537,"publisher":{"@id":"https:\/\/www.cbd.fr\/blog\/#organization"},"image":{"@id":"https:\/\/www.cbd.fr\/blog\/interdiction-des-cigarettes-electroniques-jetables-la-fin-des-puffs\/#primaryimage"},"thumbnailUrl":"https:\/\/www.cbd.fr\/blog\/wp-content\/uploads\/2023\/09\/interdiction-puff.jpg","keywords":["puff cbd"],"articleSection":["News Cannabis et CBD"],"inLanguage":"fr-FR"},{"@type":"WebPage","@id":"https:\/\/www.cbd.fr\/blog\/interdiction-des-cigarettes-electroniques-jetables-la-fin-des-puffs\/","url":"https:\/\/www.cbd.fr\/blog\/interdiction-des-cigarettes-electroniques-jetables-la-fin-des-puffs\/","name":"Interdiction des cigarettes \u00e9lectroniques jetables : la fin des puffs - CBD Blog","isPartOf":{"@id":"https:\/\/www.cbd.fr\/blog\/#website"},"primaryImageOfPage":{"@id":"https:\/\/www.cbd.fr\/blog\/interdiction-des-cigarettes-electroniques-jetables-la-fin-des-puffs\/#primaryimage"},"image":{"@id":"https:\/\/www.cbd.fr\/blog\/interdiction-des-cigarettes-electroniques-jetables-la-fin-des-puffs\/#primaryimage"},"thumbnailUrl":"https:\/\/www.cbd.fr\/blog\/wp-content\/uploads\/2023\/09\/interdiction-puff.jpg","datePublished":"2023-09-06T07:55:45+00:00","dateModified":"2024-01-09T18:43:11+00:00","description":"Le gouvernement pr\u00e9voit d'interdire les puffs, ces cigarettes \u00e9lectroniques jetables pris\u00e9es par les jeunes, dans cet article nous vous disons tout.","breadcrumb":{"@id":"https:\/\/www.cbd.fr\/blog\/interdiction-des-cigarettes-electroniques-jetables-la-fin-des-puffs\/#breadcrumb"},"inLanguage":"fr-FR","potentialAction":[{"@type":"ReadAction","target":["https:\/\/www.cbd.fr\/blog\/interdiction-des-cigarettes-electroniques-jetables-la-fin-des-puffs\/"]}]},{"@type":"ImageObject","inLanguage":"fr-FR","@id":"https:\/\/www.cbd.fr\/blog\/interdiction-des-cigarettes-electroniques-jetables-la-fin-des-puffs\/#primaryimage","url":"https:\/\/www.cbd.fr\/blog\/wp-content\/uploads\/2023\/09\/interdiction-puff.jpg","contentUrl":"https:\/\/www.cbd.fr\/blog\/wp-content\/uploads\/2023\/09\/interdiction-puff.jpg","width":1600,"height":800,"caption":"interdiction-puff"},{"@type":"BreadcrumbList","@id":"https:\/\/www.cbd.fr\/blog\/interdiction-des-cigarettes-electroniques-jetables-la-fin-des-puffs\/#breadcrumb","itemListElement":[{"@type":"ListItem","position":1,"name":"CBD Blog","item":"https:\/\/www.cbd.fr\/blog\/"},{"@type":"ListItem","position":2,"name":"Interdiction des cigarettes \u00e9lectroniques jetables : la fin des puffs"}]},{"@type":"WebSite","@id":"https:\/\/www.cbd.fr\/blog\/#website","url":"https:\/\/www.cbd.fr\/blog\/","name":"CBD Blog","description":"Le meilleur blog de CBD et du chanvre en France par CBD.fr","publisher":{"@id":"https:\/\/www.cbd.fr\/blog\/#organization"},"alternateName":"CBD.fr","potentialAction":[{"@type":"SearchAction","target":{"@type":"EntryPoint","urlTemplate":"https:\/\/www.cbd.fr\/blog\/?s={search_term_string}"},"query-input":{"@type":"PropertyValueSpecification","valueRequired":true,"valueName":"search_term_string"}}],"inLanguage":"fr-FR"},{"@type":"Organization","@id":"https:\/\/www.cbd.fr\/blog\/#organization","name":"CBD.fr","alternateName":"CBD.fr","url":"https:\/\/www.cbd.fr\/blog\/","logo":{"@type":"ImageObject","inLanguage":"fr-FR","@id":"https:\/\/www.cbd.fr\/blog\/#\/schema\/logo\/image\/","url":"https:\/\/www.cbd.fr\/blog\/wp-content\/uploads\/2023\/01\/logo-cbd.png","contentUrl":"https:\/\/www.cbd.fr\/blog\/wp-content\/uploads\/2023\/01\/logo-cbd.png","width":215,"height":100,"caption":"CBD.fr"},"image":{"@id":"https:\/\/www.cbd.fr\/blog\/#\/schema\/logo\/image\/"},"sameAs":["https:\/\/www.facebook.com\/cbdfrr\/","https:\/\/www.instagram.com\/cbdfr\/","https:\/\/www.youtube.com\/@CBD_fr","https:\/\/www.linkedin.com\/company\/cbd-fr\/"],"description":"CBD.fr est le leaders fran\u00e7ais du bien-\u00eatre et du CBD, proposant une large gamme de produits \u00e0 base de chanvre rigoureusement s\u00e9lectionn\u00e9s. Expertise, qualit\u00e9 et p\u00e9dagogie sont au c\u0153ur de l\u2019exp\u00e9rience CBD.fr.","email":"support@cbd.fr","telephone":"0189720196","legalName":"CBD.fr","foundingDate":"2021-01-01","taxID":"760933","numberOfEmployees":{"@type":"QuantitativeValue","minValue":"11","maxValue":"50"}},{"@type":"Person","@id":"https:\/\/www.cbd.fr\/blog\/#\/schema\/person\/d78b472d184ec8ae4135d454e3338c04","name":"Julien","image":{"@type":"ImageObject","inLanguage":"fr-FR","@id":"https:\/\/www.cbd.fr\/blog\/#\/schema\/person\/image\/","url":"https:\/\/secure.gravatar.com\/avatar\/58f2f1b1e71c329d0226efe2cc40174640e1757e077dac013c980f3ee43c73a0?s=96&d=mm&r=g","contentUrl":"https:\/\/secure.gravatar.com\/avatar\/58f2f1b1e71c329d0226efe2cc40174640e1757e077dac013c980f3ee43c73a0?s=96&d=mm&r=g","caption":"Julien"},"description":"R\u00e9dacteur en chef sp\u00e9cialis\u00e9 en CBD Julien, n\u00e9 le 17 juillet 1978 en r\u00e9gion Parisienne, est un \u00e9minent r\u00e9dacteur et expert dans le domaine des produits \u00e0 base de CBD. Suite \u00e0 ses \u00e9tudes, Julien a d\u00e9velopp\u00e9 une passion pour les rem\u00e8des naturels, dont le CBD. En 2022, il int\u00e8gre l\u2019\u00e9quipe du site CBD.fr en qualit\u00e9 d\u2019expert et de contributeur r\u00e9gulier. Gr\u00e2ce \u00e0 son expertise scientifique et une \u00e9criture claire, Julien aide \u00e0 d\u00e9mystifier les aspects complexes du CBD, tout en mettant en lumi\u00e8re ses bienfaits et applications potentielles \u00e0 travers ses articles et participations \u00e0 des conf\u00e9rences.","honorificPrefix":"Mr","gender":"male","knowsAbout":["CBD","Cannabis","Copywriter"],"knowsLanguage":["French"],"jobTitle":"Editor-in-chief specializing in CBD","worksFor":"CBD.fr","url":"https:\/\/www.cbd.fr\/blog\/author\/redac-cbd\/"}]}},"_links":{"self":[{"href":"https:\/\/www.cbd.fr\/blog\/wp-json\/wp\/v2\/posts\/10003","targetHints":{"allow":["GET"]}}],"collection":[{"href":"https:\/\/www.cbd.fr\/blog\/wp-json\/wp\/v2\/posts"}],"about":[{"href":"https:\/\/www.cbd.fr\/blog\/wp-json\/wp\/v2\/types\/post"}],"author":[{"embeddable":true,"href":"https:\/\/www.cbd.fr\/blog\/wp-json\/wp\/v2\/users\/90"}],"replies":[{"embeddable":true,"href":"https:\/\/www.cbd.fr\/blog\/wp-json\/wp\/v2\/comments?post=10003"}],"version-history":[{"count":0,"href":"https:\/\/www.cbd.fr\/blog\/wp-json\/wp\/v2\/posts\/10003\/revisions"}],"wp:featuredmedia":[{"embeddable":true,"href":"https:\/\/www.cbd.fr\/blog\/wp-json\/wp\/v2\/media\/10004"}],"wp:attachment":[{"href":"https:\/\/www.cbd.fr\/blog\/wp-json\/wp\/v2\/media?parent=10003"}],"wp:term":[{"taxonomy":"category","embeddable":true,"href":"https:\/\/www.cbd.fr\/blog\/wp-json\/wp\/v2\/categories?post=10003"},{"taxonomy":"post_tag","embeddable":true,"href":"https:\/\/www.cbd.fr\/blog\/wp-json\/wp\/v2\/tags?post=10003"}],"curies":[{"name":"wp","href":"https:\/\/api.w.org\/{rel}","templated":true}]}}