{"id":10157,"date":"2023-09-28T08:01:00","date_gmt":"2023-09-28T06:01:00","guid":{"rendered":"https:\/\/www.cbd.fr\/blog\/?p=10157"},"modified":"2023-09-26T14:12:30","modified_gmt":"2023-09-26T12:12:30","slug":"legalisation-du-cannabis-en-france","status":"publish","type":"post","link":"https:\/\/www.cbd.fr\/blog\/legalisation-du-cannabis-en-france\/","title":{"rendered":"L\u00e9galisation du cannabis en France"},"content":{"rendered":"\n<p>Alors que la l\u00e9galisation du cannabis m\u00e9dical semblait \u00eatre sur le point de franchir une \u00e9tape importante avec le futur projet de loi de financement de la s\u00e9curit\u00e9 sociale (PLFSS), les derni\u00e8res d\u00e9cisions des pouvoirs publics laissent planer le doute sur son int\u00e9gration rapide et g\u00e9n\u00e9ralis\u00e9e. Retour sur cette situation et ses implications pour les patients et les professionnels de sant\u00e9.<\/p>\n\n\n\n<div id=\"ez-toc-container\" class=\"ez-toc-v2_0_80 counter-hierarchy ez-toc-counter ez-toc-grey ez-toc-container-direction\">\n<div class=\"ez-toc-title-container\">\n<p class=\"ez-toc-title\" style=\"cursor:inherit\">Sommaire<\/p>\n<span class=\"ez-toc-title-toggle\"><a href=\"#\" class=\"ez-toc-pull-right ez-toc-btn ez-toc-btn-xs ez-toc-btn-default ez-toc-toggle\" aria-label=\"Toggle Table of Content\"><span class=\"ez-toc-js-icon-con\"><span class=\"\"><span class=\"eztoc-hide\" style=\"display:none;\">Toggle<\/span><span class=\"ez-toc-icon-toggle-span\"><svg style=\"fill: #43b981;color:#43b981\" xmlns=\"http:\/\/www.w3.org\/2000\/svg\" class=\"list-377408\" width=\"20px\" height=\"20px\" viewBox=\"0 0 24 24\" fill=\"none\"><path d=\"M6 6H4v2h2V6zm14 0H8v2h12V6zM4 11h2v2H4v-2zm16 0H8v2h12v-2zM4 16h2v2H4v-2zm16 0H8v2h12v-2z\" fill=\"currentColor\"><\/path><\/svg><svg style=\"fill: #43b981;color:#43b981\" class=\"arrow-unsorted-368013\" xmlns=\"http:\/\/www.w3.org\/2000\/svg\" width=\"10px\" height=\"10px\" viewBox=\"0 0 24 24\" version=\"1.2\" baseProfile=\"tiny\"><path d=\"M18.2 9.3l-6.2-6.3-6.2 6.3c-.2.2-.3.4-.3.7s.1.5.3.7c.2.2.4.3.7.3h11c.3 0 .5-.1.7-.3.2-.2.3-.5.3-.7s-.1-.5-.3-.7zM5.8 14.7l6.2 6.3 6.2-6.3c.2-.2.3-.5.3-.7s-.1-.5-.3-.7c-.2-.2-.4-.3-.7-.3h-11c-.3 0-.5.1-.7.3-.2.2-.3.5-.3.7s.1.5.3.7z\"\/><\/svg><\/span><\/span><\/span><\/a><\/span><\/div>\n<nav><ul class='ez-toc-list ez-toc-list-level-1 ' ><li class='ez-toc-page-1 ez-toc-heading-level-2'><a class=\"ez-toc-link ez-toc-heading-1\" href=\"https:\/\/www.cbd.fr\/blog\/legalisation-du-cannabis-en-france\/#Le_cannabis_medical_un_espoir_pour_de_nombreux_patients\" >Le cannabis m\u00e9dical, un espoir pour de nombreux patients<\/a><\/li><li class='ez-toc-page-1 ez-toc-heading-level-2'><a class=\"ez-toc-link ez-toc-heading-2\" href=\"https:\/\/www.cbd.fr\/blog\/legalisation-du-cannabis-en-france\/#Integration_du_cannabis_medical_dans_le_PLFSS_un_enjeu_crucial_pour_lavenir\" >Int\u00e9gration du cannabis m\u00e9dical dans le PLFSS : un enjeu crucial pour l&#8217;avenir<\/a><ul class='ez-toc-list-level-3' ><li class='ez-toc-heading-level-3'><a class=\"ez-toc-link ez-toc-heading-3\" href=\"https:\/\/www.cbd.fr\/blog\/legalisation-du-cannabis-en-france\/#Les_reactions_et_contre-propositions_face_au_flou_actuel\" >Les r\u00e9actions et contre-propositions face au flou actuel<\/a><\/li><\/ul><\/li><li class='ez-toc-page-1 ez-toc-heading-level-2'><a class=\"ez-toc-link ez-toc-heading-4\" href=\"https:\/\/www.cbd.fr\/blog\/legalisation-du-cannabis-en-france\/#Legalisation_du_cannabis_en_France_a_la_croisee_des_chemins\" >L\u00e9galisation du cannabis en France : \u00e0 la crois\u00e9e des chemins<\/a><\/li><\/ul><\/nav><\/div>\n<h2 class=\"wp-block-heading\" id=\"h-le-cannabis-medical-un-espoir-pour-de-nombreux-patients\"><span class=\"ez-toc-section\" id=\"Le_cannabis_medical_un_espoir_pour_de_nombreux_patients\"><\/span>Le cannabis m\u00e9dical, un espoir pour de nombreux patients<span class=\"ez-toc-section-end\"><\/span><\/h2>\n\n\n\n<p><strong>Selon diff\u00e9rentes sources, pr\u00e8s de 70% des personnes ayant particip\u00e9 \u00e0 l&#8217;exp\u00e9rimentation entam\u00e9e il y a cinq ans en France ont constat\u00e9 une am\u00e9lioration significative de leur \u00e9tat de sant\u00e9 gr\u00e2ce au cannabis m\u00e9dical<\/strong>. Pourtant, en d\u00e9pit des r\u00e9sultats probants et des avanc\u00e9es l\u00e9gislatives en cours, l&#8217;int\u00e9gration du cannabis th\u00e9rapeutique dans le PLFSS 2024 n&#8217;est pas encore acquise.<\/p>\n\n\n\n<ul class=\"wp-block-list\">\n<li>Cette situation pose de nombreuses questions quant \u00e0 l&#8217;accessibilit\u00e9 et la reconduction de l&#8217;exp\u00e9rimentation.<\/li>\n\n\n\n<li>De plus, certaines forces s&#8217;opposent toujours \u00e0 cette l\u00e9galisation, nourrissant ainsi un d\u00e9bat houleux entreten du par des id\u00e9es re\u00e7ues et une vision peu rationnelle de la question.<\/li>\n<\/ul>\n\n\n\n<h2 class=\"wp-block-heading\" id=\"h-integration-du-cannabis-medical-dans-le-plfss-un-enjeu-crucial-pour-l-avenir\"><span class=\"ez-toc-section\" id=\"Integration_du_cannabis_medical_dans_le_PLFSS_un_enjeu_crucial_pour_lavenir\"><\/span>Int\u00e9gration du cannabis m\u00e9dical dans le PLFSS : un enjeu crucial pour l&#8217;avenir<span class=\"ez-toc-section-end\"><\/span><\/h2>\n\n\n\n<p>Selon Franck Milone, fondateur de LaFleur &#8211; un producteur de cannabis m\u00e9dical fran\u00e7ais, les l\u00e9gislateurs travaillent d&#8217;arrache-pied avec les autorit\u00e9s pour int\u00e9grer cette plante aux textes de loi en vigueur. Si l&#8217;objectif est louable, force est de constater que les d\u00e9cideurs ne sont pas encore totalement convaincus.<\/p>\n\n\n\n<ul class=\"wp-block-list\">\n<li>En effet, <strong>les p\u00e9nuries de produits survenues l&#8217;ann\u00e9e derni\u00e8re ont soulign\u00e9 le manque de visibilit\u00e9 et d&#8217;acc\u00e8s au cannabis m\u00e9dical pour de nombreux patients<\/strong>, ainsi que la n\u00e9cessit\u00e9 urgente d&#8217;un cadre l\u00e9gal adapt\u00e9.<\/li>\n\n\n\n<li>Par ailleurs, certains experts redoutent une int\u00e9gration partielle du cannabis m\u00e9dical dans le droit commun qui ne serait pas suffisamment \u00e0 la hauteur des attentes des personnes concern\u00e9es.<\/li>\n<\/ul>\n\n\n\n<h3 class=\"wp-block-heading\" id=\"h-les-reactions-et-contre-propositions-face-au-flou-actuel\"><span class=\"ez-toc-section\" id=\"Les_reactions_et_contre-propositions_face_au_flou_actuel\"><\/span>Les r\u00e9actions et contre-propositions face au flou actuel<span class=\"ez-toc-section-end\"><\/span><\/h3>\n\n\n\n<p>Plusieurs personnalit\u00e9s ont exprim\u00e9 leur d\u00e9saccord quant \u00e0 la non-inclusion du cannabis m\u00e9dical dans le PLFSS 2024. Le Pr. Nicolas Authier, par exemple, d\u00e9nonce les discours &#8220;irrationnels&#8221; des opposants et plaide pour une approche rigoureuse bas\u00e9e sur les acquis scientifiques et cliniques de ces derni\u00e8res ann\u00e9es.<\/p>\n\n\n\n<ul class=\"wp-block-list\">\n<li>De son c\u00f4t\u00e9, le m\u00e9decin et patient Pascal Douek regrette lui aussi la tournure que prend cette affaire, d&#8217;autant plus qu&#8217;il fait partie des personnes ayant b\u00e9n\u00e9fici\u00e9 directement de l&#8217;exp\u00e9rimentation en cours depuis avril 2021.<\/li>\n\n\n\n<li>Cependant, il reste un espoir : la possibilit\u00e9 d&#8217;int\u00e9grer la l\u00e9galisation du cannabis m\u00e9dical par amendement lors des d\u00e9bats entourant le PLFSS. Le Pr. Authier et la d\u00e9put\u00e9e Caroline Janvier pr\u00e9parent d&#8217;ailleurs une contre-proposition en ce sens, afin de pallier les \u00e9ventuelles lacunes de l&#8217;amendement gouvernemental.<\/li>\n<\/ul>\n\n\n\n<h2 class=\"wp-block-heading\" id=\"h-legalisation-du-cannabis-en-france-a-la-croisee-des-chemins\"><span class=\"ez-toc-section\" id=\"Legalisation_du_cannabis_en_France_a_la_croisee_des_chemins\"><\/span>L\u00e9galisation du cannabis en France : \u00e0 la crois\u00e9e des chemins<span class=\"ez-toc-section-end\"><\/span><\/h2>\n\n\n\n<p>La l\u00e9galisation du cannabis m\u00e9dical en France est donc toujours en suspens, alors m\u00eame que pr\u00e8s de <strong>2000 patients b\u00e9n\u00e9ficient d\u00e9j\u00e0 de cette th\u00e9rapie alternative dans le cadre de l&#8217;exp\u00e9rimentation nationale<\/strong>. Les r\u00e9sultats positifs obtenus jusqu&#8217;\u00e0 pr\u00e9sent plaident pourtant en faveur d&#8217;une mise en \u0153uvre rapide et g\u00e9n\u00e9ralis\u00e9e de la loi.<\/p>\n\n\n\n<ul class=\"wp-block-list\">\n<li>N\u00e9anmoins, il est crucial que les l\u00e9gislateurs prennent en compte les besoins r\u00e9els des usagers potentiels et s&#8217;attellent \u00e0 instaurer un cadre s\u00e9curis\u00e9 et p\u00e9renne pour leur prise en charge, qu&#8217;il s&#8217;agisse de l&#8217;acc\u00e8s aux produits ou du suivi m\u00e9dical appropri\u00e9.<\/li>\n\n\n\n<li><strong>En attendant, les acteurs du domaine continuent de militer pour que la l\u00e9galisation du cannabis m\u00e9dical ne reste pas lettre morte en France<\/strong>, et ce, malgr\u00e9 les reticences et l&#8217;incompr\u00e9hension de certains.<\/li>\n<\/ul>\n\n\n\n<p><strong>Seul l&#8217;avenir nous dira si les avanc\u00e9es scientifiques et cliniques actuelles suffiront \u00e0 faire pencher la balance du bon c\u00f4t\u00e9<\/strong>. Jusque-l\u00e0, la bataille pour la reconnaissance et l&#8217;acceptabilit\u00e9 du cannabis m\u00e9dical se poursuit, en France comme ailleurs.<\/p>\n\n\n<div class=\"kk-star-ratings kksr-auto kksr-align-left kksr-valign-bottom\"\n    data-payload='{&quot;align&quot;:&quot;left&quot;,&quot;id&quot;:&quot;10157&quot;,&quot;slug&quot;:&quot;default&quot;,&quot;valign&quot;:&quot;bottom&quot;,&quot;ignore&quot;:&quot;&quot;,&quot;reference&quot;:&quot;auto&quot;,&quot;class&quot;:&quot;&quot;,&quot;count&quot;:&quot;2233&quot;,&quot;legendonly&quot;:&quot;&quot;,&quot;readonly&quot;:&quot;&quot;,&quot;score&quot;:&quot;4.5&quot;,&quot;starsonly&quot;:&quot;&quot;,&quot;best&quot;:&quot;5&quot;,&quot;gap&quot;:&quot;5&quot;,&quot;greet&quot;:&quot;Notez cet article&quot;,&quot;legend&quot;:&quot;4.5\\\/5 - (2233 votes)&quot;,&quot;size&quot;:&quot;24&quot;,&quot;title&quot;:&quot;L\u00e9galisation du cannabis en France&quot;,&quot;width&quot;:&quot;128&quot;,&quot;_legend&quot;:&quot;{score}\\\/{best} - ({count} {votes})&quot;,&quot;font_factor&quot;:&quot;1.25&quot;}'>\n            \n<div class=\"kksr-stars\">\n    \n<div class=\"kksr-stars-inactive\">\n            <div class=\"kksr-star\" data-star=\"1\" style=\"padding-right: 5px\">\n            \n\n<div class=\"kksr-icon\" style=\"width: 24px; height: 24px;\"><\/div>\n        <\/div>\n            <div class=\"kksr-star\" data-star=\"2\" style=\"padding-right: 5px\">\n            \n\n<div class=\"kksr-icon\" style=\"width: 24px; height: 24px;\"><\/div>\n        <\/div>\n            <div class=\"kksr-star\" data-star=\"3\" style=\"padding-right: 5px\">\n            \n\n<div class=\"kksr-icon\" style=\"width: 24px; height: 24px;\"><\/div>\n        <\/div>\n            <div class=\"kksr-star\" data-star=\"4\" style=\"padding-right: 5px\">\n            \n\n<div class=\"kksr-icon\" style=\"width: 24px; height: 24px;\"><\/div>\n        <\/div>\n            <div class=\"kksr-star\" data-star=\"5\" style=\"padding-right: 5px\">\n            \n\n<div class=\"kksr-icon\" style=\"width: 24px; height: 24px;\"><\/div>\n        <\/div>\n    <\/div>\n    \n<div class=\"kksr-stars-active\" style=\"width: 128px;\">\n            <div class=\"kksr-star\" style=\"padding-right: 5px\">\n            \n\n<div class=\"kksr-icon\" style=\"width: 24px; height: 24px;\"><\/div>\n        <\/div>\n            <div class=\"kksr-star\" style=\"padding-right: 5px\">\n            \n\n<div class=\"kksr-icon\" style=\"width: 24px; height: 24px;\"><\/div>\n        <\/div>\n            <div class=\"kksr-star\" style=\"padding-right: 5px\">\n            \n\n<div class=\"kksr-icon\" style=\"width: 24px; height: 24px;\"><\/div>\n        <\/div>\n            <div class=\"kksr-star\" style=\"padding-right: 5px\">\n            \n\n<div class=\"kksr-icon\" style=\"width: 24px; height: 24px;\"><\/div>\n        <\/div>\n            <div class=\"kksr-star\" style=\"padding-right: 5px\">\n            \n\n<div class=\"kksr-icon\" style=\"width: 24px; height: 24px;\"><\/div>\n        <\/div>\n    <\/div>\n<\/div>\n                \n\n<div class=\"kksr-legend\" style=\"font-size: 19.2px;\">\n            4.5\/5 - (2233 votes)    <\/div>\n    <\/div>\n","protected":false},"excerpt":{"rendered":"<p>Alors que la l\u00e9galisation du cannabis m\u00e9dical semblait \u00eatre sur le point de franchir une \u00e9tape importante avec le futur projet de loi de financement de la s\u00e9curit\u00e9 sociale (PLFSS), les derni\u00e8res d\u00e9cisions des pouvoirs publics laissent planer le doute sur son int\u00e9gration rapide et g\u00e9n\u00e9ralis\u00e9e. Retour sur cette situation et ses implications pour les [&hellip;]<\/p>\n","protected":false},"author":90,"featured_media":10158,"comment_status":"closed","ping_status":"open","sticky":false,"template":"","format":"standard","meta":{"_sitemap_exclude":false,"_sitemap_priority":"","_sitemap_frequency":"","footnotes":""},"categories":[227],"tags":[],"class_list":["post-10157","post","type-post","status-publish","format-standard","has-post-thumbnail","hentry","category-actualite-du-cannabis"],"yoast_head":"<!-- This site is optimized with the Yoast SEO Premium plugin v26.9 (Yoast SEO v26.9) - https:\/\/yoast.com\/product\/yoast-seo-premium-wordpress\/ -->\n<title>L\u00e9galisation du cannabis en France - CBD Blog<\/title>\n<meta name=\"robots\" content=\"index, follow, max-snippet:-1, max-image-preview:large, max-video-preview:-1\" \/>\n<link rel=\"canonical\" href=\"https:\/\/www.cbd.fr\/blog\/legalisation-du-cannabis-en-france\/\" \/>\n<meta property=\"og:locale\" content=\"fr_FR\" \/>\n<meta property=\"og:type\" content=\"article\" \/>\n<meta property=\"og:title\" content=\"\ud83c\udf31L\u00e9galisation du cannabis en France - CBD.fr \ud83c\udf31\" \/>\n<meta property=\"og:description\" content=\"Alors que la l\u00e9galisation du cannabis m\u00e9dical semblait \u00eatre sur le point de franchir une \u00e9tape importante avec le futur projet de loi de financement de la s\u00e9curit\u00e9 sociale (PLFSS), les derni\u00e8res d\u00e9cisions des pouvoirs publics laissent planer le doute sur son int\u00e9gration rapide et g\u00e9n\u00e9ralis\u00e9e. Retour sur cette situation et ses implications pour les [&hellip;]\" \/>\n<meta property=\"og:url\" content=\"https:\/\/www.cbd.fr\/blog\/legalisation-du-cannabis-en-france\/\" \/>\n<meta property=\"og:site_name\" content=\"CBD Blog\" \/>\n<meta property=\"article:publisher\" content=\"https:\/\/www.facebook.com\/cbdfrr\/\" \/>\n<meta property=\"article:published_time\" content=\"2023-09-28T06:01:00+00:00\" \/>\n<meta property=\"og:image\" content=\"https:\/\/www.cbd.fr\/blog\/wp-content\/uploads\/2023\/09\/legalisation-cannabis-france.jpg\" \/>\n\t<meta property=\"og:image:width\" content=\"1600\" \/>\n\t<meta property=\"og:image:height\" content=\"800\" \/>\n\t<meta property=\"og:image:type\" content=\"image\/jpeg\" \/>\n<meta name=\"author\" content=\"Julien\" \/>\n<meta name=\"twitter:card\" content=\"summary_large_image\" \/>\n<meta name=\"twitter:label1\" content=\"\u00c9crit par\" \/>\n\t<meta name=\"twitter:data1\" content=\"Julien\" \/>\n\t<meta name=\"twitter:label2\" content=\"Dur\u00e9e de lecture estim\u00e9e\" \/>\n\t<meta name=\"twitter:data2\" content=\"4 minutes\" \/>\n<!-- \/ Yoast SEO Premium plugin. -->","yoast_head_json":{"title":"L\u00e9galisation du cannabis en France - CBD Blog","robots":{"index":"index","follow":"follow","max-snippet":"max-snippet:-1","max-image-preview":"max-image-preview:large","max-video-preview":"max-video-preview:-1"},"canonical":"https:\/\/www.cbd.fr\/blog\/legalisation-du-cannabis-en-france\/","og_locale":"fr_FR","og_type":"article","og_title":"\ud83c\udf31L\u00e9galisation du cannabis en France - CBD.fr \ud83c\udf31","og_description":"Alors que la l\u00e9galisation du cannabis m\u00e9dical semblait \u00eatre sur le point de franchir une \u00e9tape importante avec le futur projet de loi de financement de la s\u00e9curit\u00e9 sociale (PLFSS), les derni\u00e8res d\u00e9cisions des pouvoirs publics laissent planer le doute sur son int\u00e9gration rapide et g\u00e9n\u00e9ralis\u00e9e. Retour sur cette situation et ses implications pour les [&hellip;]","og_url":"https:\/\/www.cbd.fr\/blog\/legalisation-du-cannabis-en-france\/","og_site_name":"CBD Blog","article_publisher":"https:\/\/www.facebook.com\/cbdfrr\/","article_published_time":"2023-09-28T06:01:00+00:00","og_image":[{"width":1600,"height":800,"url":"https:\/\/www.cbd.fr\/blog\/wp-content\/uploads\/2023\/09\/legalisation-cannabis-france.jpg","type":"image\/jpeg"}],"author":"Julien","twitter_card":"summary_large_image","twitter_misc":{"\u00c9crit par":"Julien","Dur\u00e9e de lecture estim\u00e9e":"4 minutes"},"schema":{"@context":"https:\/\/schema.org","@graph":[{"@type":"Article","@id":"https:\/\/www.cbd.fr\/blog\/legalisation-du-cannabis-en-france\/#article","isPartOf":{"@id":"https:\/\/www.cbd.fr\/blog\/legalisation-du-cannabis-en-france\/"},"author":{"name":"Julien","@id":"https:\/\/www.cbd.fr\/blog\/#\/schema\/person\/d78b472d184ec8ae4135d454e3338c04"},"headline":"L\u00e9galisation du cannabis en France","datePublished":"2023-09-28T06:01:00+00:00","mainEntityOfPage":{"@id":"https:\/\/www.cbd.fr\/blog\/legalisation-du-cannabis-en-france\/"},"wordCount":683,"publisher":{"@id":"https:\/\/www.cbd.fr\/blog\/#organization"},"image":{"@id":"https:\/\/www.cbd.fr\/blog\/legalisation-du-cannabis-en-france\/#primaryimage"},"thumbnailUrl":"https:\/\/www.cbd.fr\/blog\/wp-content\/uploads\/2023\/09\/legalisation-cannabis-france.jpg","articleSection":["News Cannabis et CBD"],"inLanguage":"fr-FR"},{"@type":"WebPage","@id":"https:\/\/www.cbd.fr\/blog\/legalisation-du-cannabis-en-france\/","url":"https:\/\/www.cbd.fr\/blog\/legalisation-du-cannabis-en-france\/","name":"L\u00e9galisation du cannabis en France - CBD Blog","isPartOf":{"@id":"https:\/\/www.cbd.fr\/blog\/#website"},"primaryImageOfPage":{"@id":"https:\/\/www.cbd.fr\/blog\/legalisation-du-cannabis-en-france\/#primaryimage"},"image":{"@id":"https:\/\/www.cbd.fr\/blog\/legalisation-du-cannabis-en-france\/#primaryimage"},"thumbnailUrl":"https:\/\/www.cbd.fr\/blog\/wp-content\/uploads\/2023\/09\/legalisation-cannabis-france.jpg","datePublished":"2023-09-28T06:01:00+00:00","breadcrumb":{"@id":"https:\/\/www.cbd.fr\/blog\/legalisation-du-cannabis-en-france\/#breadcrumb"},"inLanguage":"fr-FR","potentialAction":[{"@type":"ReadAction","target":["https:\/\/www.cbd.fr\/blog\/legalisation-du-cannabis-en-france\/"]}]},{"@type":"ImageObject","inLanguage":"fr-FR","@id":"https:\/\/www.cbd.fr\/blog\/legalisation-du-cannabis-en-france\/#primaryimage","url":"https:\/\/www.cbd.fr\/blog\/wp-content\/uploads\/2023\/09\/legalisation-cannabis-france.jpg","contentUrl":"https:\/\/www.cbd.fr\/blog\/wp-content\/uploads\/2023\/09\/legalisation-cannabis-france.jpg","width":1600,"height":800,"caption":"legalisation-cannabis-france"},{"@type":"BreadcrumbList","@id":"https:\/\/www.cbd.fr\/blog\/legalisation-du-cannabis-en-france\/#breadcrumb","itemListElement":[{"@type":"ListItem","position":1,"name":"CBD Blog","item":"https:\/\/www.cbd.fr\/blog\/"},{"@type":"ListItem","position":2,"name":"News Cannabis et CBD","item":"https:\/\/www.cbd.fr\/blog\/category\/actualite-du-cannabis\/"},{"@type":"ListItem","position":3,"name":"L\u00e9galisation du cannabis en France"}]},{"@type":"WebSite","@id":"https:\/\/www.cbd.fr\/blog\/#website","url":"https:\/\/www.cbd.fr\/blog\/","name":"CBD Blog","description":"Le meilleur blog de CBD et du chanvre en France par CBD.fr","publisher":{"@id":"https:\/\/www.cbd.fr\/blog\/#organization"},"alternateName":"CBD.fr","potentialAction":[{"@type":"SearchAction","target":{"@type":"EntryPoint","urlTemplate":"https:\/\/www.cbd.fr\/blog\/?s={search_term_string}"},"query-input":{"@type":"PropertyValueSpecification","valueRequired":true,"valueName":"search_term_string"}}],"inLanguage":"fr-FR"},{"@type":"Organization","@id":"https:\/\/www.cbd.fr\/blog\/#organization","name":"CBD.fr","alternateName":"CBD.fr","url":"https:\/\/www.cbd.fr\/blog\/","logo":{"@type":"ImageObject","inLanguage":"fr-FR","@id":"https:\/\/www.cbd.fr\/blog\/#\/schema\/logo\/image\/","url":"https:\/\/www.cbd.fr\/blog\/wp-content\/uploads\/2023\/01\/logo-cbd.png","contentUrl":"https:\/\/www.cbd.fr\/blog\/wp-content\/uploads\/2023\/01\/logo-cbd.png","width":215,"height":100,"caption":"CBD.fr"},"image":{"@id":"https:\/\/www.cbd.fr\/blog\/#\/schema\/logo\/image\/"},"sameAs":["https:\/\/www.facebook.com\/cbdfrr\/","https:\/\/www.instagram.com\/cbdfr\/","https:\/\/www.youtube.com\/@CBD_fr","https:\/\/www.linkedin.com\/company\/cbd-fr\/"],"description":"CBD.fr est le leaders fran\u00e7ais du bien-\u00eatre et du CBD, proposant une large gamme de produits \u00e0 base de chanvre rigoureusement s\u00e9lectionn\u00e9s. Expertise, qualit\u00e9 et p\u00e9dagogie sont au c\u0153ur de l\u2019exp\u00e9rience CBD.fr.","email":"support@cbd.fr","telephone":"0189720196","legalName":"CBD.fr","foundingDate":"2021-01-01","taxID":"760933","numberOfEmployees":{"@type":"QuantitativeValue","minValue":"11","maxValue":"50"}},{"@type":"Person","@id":"https:\/\/www.cbd.fr\/blog\/#\/schema\/person\/d78b472d184ec8ae4135d454e3338c04","name":"Julien","image":{"@type":"ImageObject","inLanguage":"fr-FR","@id":"https:\/\/www.cbd.fr\/blog\/#\/schema\/person\/image\/","url":"https:\/\/secure.gravatar.com\/avatar\/58f2f1b1e71c329d0226efe2cc40174640e1757e077dac013c980f3ee43c73a0?s=96&d=mm&r=g","contentUrl":"https:\/\/secure.gravatar.com\/avatar\/58f2f1b1e71c329d0226efe2cc40174640e1757e077dac013c980f3ee43c73a0?s=96&d=mm&r=g","caption":"Julien"},"description":"R\u00e9dacteur en chef sp\u00e9cialis\u00e9 en CBD Julien, n\u00e9 le 17 juillet 1978 en r\u00e9gion Parisienne, est un \u00e9minent r\u00e9dacteur et expert dans le domaine des produits \u00e0 base de CBD. Suite \u00e0 ses \u00e9tudes, Julien a d\u00e9velopp\u00e9 une passion pour les rem\u00e8des naturels, dont le CBD. En 2022, il int\u00e8gre l\u2019\u00e9quipe du site CBD.fr en qualit\u00e9 d\u2019expert et de contributeur r\u00e9gulier. Gr\u00e2ce \u00e0 son expertise scientifique et une \u00e9criture claire, Julien aide \u00e0 d\u00e9mystifier les aspects complexes du CBD, tout en mettant en lumi\u00e8re ses bienfaits et applications potentielles \u00e0 travers ses articles et participations \u00e0 des conf\u00e9rences.","honorificPrefix":"Mr","gender":"male","knowsAbout":["CBD","Cannabis","Copywriter"],"knowsLanguage":["French"],"jobTitle":"Editor-in-chief specializing in CBD","worksFor":"CBD.fr","url":"https:\/\/www.cbd.fr\/blog\/author\/redac-cbd\/"}]}},"_links":{"self":[{"href":"https:\/\/www.cbd.fr\/blog\/wp-json\/wp\/v2\/posts\/10157","targetHints":{"allow":["GET"]}}],"collection":[{"href":"https:\/\/www.cbd.fr\/blog\/wp-json\/wp\/v2\/posts"}],"about":[{"href":"https:\/\/www.cbd.fr\/blog\/wp-json\/wp\/v2\/types\/post"}],"author":[{"embeddable":true,"href":"https:\/\/www.cbd.fr\/blog\/wp-json\/wp\/v2\/users\/90"}],"replies":[{"embeddable":true,"href":"https:\/\/www.cbd.fr\/blog\/wp-json\/wp\/v2\/comments?post=10157"}],"version-history":[{"count":0,"href":"https:\/\/www.cbd.fr\/blog\/wp-json\/wp\/v2\/posts\/10157\/revisions"}],"wp:featuredmedia":[{"embeddable":true,"href":"https:\/\/www.cbd.fr\/blog\/wp-json\/wp\/v2\/media\/10158"}],"wp:attachment":[{"href":"https:\/\/www.cbd.fr\/blog\/wp-json\/wp\/v2\/media?parent=10157"}],"wp:term":[{"taxonomy":"category","embeddable":true,"href":"https:\/\/www.cbd.fr\/blog\/wp-json\/wp\/v2\/categories?post=10157"},{"taxonomy":"post_tag","embeddable":true,"href":"https:\/\/www.cbd.fr\/blog\/wp-json\/wp\/v2\/tags?post=10157"}],"curies":[{"name":"wp","href":"https:\/\/api.w.org\/{rel}","templated":true}]}}