{"id":10160,"date":"2023-09-29T07:12:00","date_gmt":"2023-09-29T05:12:00","guid":{"rendered":"https:\/\/www.cbd.fr\/blog\/?p=10160"},"modified":"2023-09-26T14:18:41","modified_gmt":"2023-09-26T12:18:41","slug":"legalisation-du-cannabis-au-portugal-pour-bientot","status":"publish","type":"post","link":"https:\/\/www.cbd.fr\/blog\/legalisation-du-cannabis-au-portugal-pour-bientot\/","title":{"rendered":"L\u00e9galisation du cannabis au Portugal, pour bient\u00f4t ?"},"content":{"rendered":"\n<div id=\"ez-toc-container\" class=\"ez-toc-v2_0_81 counter-hierarchy ez-toc-counter ez-toc-grey ez-toc-container-direction\">\n<div class=\"ez-toc-title-container\">\n<p class=\"ez-toc-title\" style=\"cursor:inherit\">Sommaire<\/p>\n<span class=\"ez-toc-title-toggle\"><a href=\"#\" class=\"ez-toc-pull-right ez-toc-btn ez-toc-btn-xs ez-toc-btn-default ez-toc-toggle\" aria-label=\"Toggle Table of Content\"><span class=\"ez-toc-js-icon-con\"><span class=\"\"><span class=\"eztoc-hide\" style=\"display:none;\">Toggle<\/span><span class=\"ez-toc-icon-toggle-span\"><svg style=\"fill: #43b981;color:#43b981\" xmlns=\"http:\/\/www.w3.org\/2000\/svg\" class=\"list-377408\" width=\"20px\" height=\"20px\" viewBox=\"0 0 24 24\" fill=\"none\"><path d=\"M6 6H4v2h2V6zm14 0H8v2h12V6zM4 11h2v2H4v-2zm16 0H8v2h12v-2zM4 16h2v2H4v-2zm16 0H8v2h12v-2z\" fill=\"currentColor\"><\/path><\/svg><svg style=\"fill: #43b981;color:#43b981\" class=\"arrow-unsorted-368013\" xmlns=\"http:\/\/www.w3.org\/2000\/svg\" width=\"10px\" height=\"10px\" viewBox=\"0 0 24 24\" version=\"1.2\" baseProfile=\"tiny\"><path d=\"M18.2 9.3l-6.2-6.3-6.2 6.3c-.2.2-.3.4-.3.7s.1.5.3.7c.2.2.4.3.7.3h11c.3 0 .5-.1.7-.3.2-.2.3-.5.3-.7s-.1-.5-.3-.7zM5.8 14.7l6.2 6.3 6.2-6.3c.2-.2.3-.5.3-.7s-.1-.5-.3-.7c-.2-.2-.4-.3-.7-.3h-11c-.3 0-.5.1-.7.3-.2.2-.3.5-.3.7s.1.5.3.7z\"\/><\/svg><\/span><\/span><\/span><\/a><\/span><\/div>\n<nav><ul class='ez-toc-list ez-toc-list-level-1 ' ><li class='ez-toc-page-1 ez-toc-heading-level-2'><a class=\"ez-toc-link ez-toc-heading-1\" href=\"https:\/\/www.cbd.fr\/blog\/legalisation-du-cannabis-au-portugal-pour-bientot\/#Presentation_dune_resolution_preliminaire_a_la_commission_de_la_sante\" >Pr\u00e9sentation d&#8217;une r\u00e9solution pr\u00e9liminaire \u00e0 la commission de la sant\u00e9<\/a><\/li><li class='ez-toc-page-1 ez-toc-heading-level-2'><a class=\"ez-toc-link ez-toc-heading-2\" href=\"https:\/\/www.cbd.fr\/blog\/legalisation-du-cannabis-au-portugal-pour-bientot\/#Objectifs_et_fonctionnement_du_groupe_de_travail_sur_la_legalisation_du_cannabis\" >Objectifs et fonctionnement du groupe de travail sur la l\u00e9galisation du cannabis<\/a><ul class='ez-toc-list-level-3' ><li class='ez-toc-heading-level-3'><a class=\"ez-toc-link ez-toc-heading-3\" href=\"https:\/\/www.cbd.fr\/blog\/legalisation-du-cannabis-au-portugal-pour-bientot\/#Collaboration_avec_les_autres_groupes_parlementaires\" >Collaboration avec les autres groupes parlementaires<\/a><\/li><\/ul><\/li><li class='ez-toc-page-1 ez-toc-heading-level-2'><a class=\"ez-toc-link ez-toc-heading-4\" href=\"https:\/\/www.cbd.fr\/blog\/legalisation-du-cannabis-au-portugal-pour-bientot\/#Pourquoi_la_legalisation_du_cannabis_est-elle_importante\" >Pourquoi la l\u00e9galisation du cannabis est-elle importante ?<\/a><\/li><li class='ez-toc-page-1 ez-toc-heading-level-2'><a class=\"ez-toc-link ez-toc-heading-5\" href=\"https:\/\/www.cbd.fr\/blog\/legalisation-du-cannabis-au-portugal-pour-bientot\/#Que_peut-on_attendre_de_la_conference_de_fin_dannee_sur_le_cannabis\" >Que peut-on attendre de la conf\u00e9rence de fin d&#8217;ann\u00e9e sur le cannabis ?<\/a><\/li><\/ul><\/nav><\/div>\n<h2 class=\"wp-block-heading\" id=\"h-presentation-d-une-resolution-preliminaire-a-la-commission-de-la-sante\"><span class=\"ez-toc-section\" id=\"Presentation_dune_resolution_preliminaire_a_la_commission_de_la_sante\"><\/span>Pr\u00e9sentation d&#8217;une r\u00e9solution pr\u00e9liminaire \u00e0 la commission de la sant\u00e9<span class=\"ez-toc-section-end\"><\/span><\/h2>\n\n\n\n<p>Dans les jours \u00e0 venir, il est pr\u00e9vu que le <strong>Parti socialiste portugais (PS) pr\u00e9sente une r\u00e9solution pr\u00e9liminaire \u00e0 la commission de la sant\u00e9<\/strong> concernant la l\u00e9galisation du cannabis. L&#8217;objectif de cette d\u00e9marche est de constituer un groupe de travail charg\u00e9 d&#8217;examiner cette question controvers\u00e9e et d&#8217;approfondir la r\u00e9flexion sur l&#8217;utilisation non m\u00e9dicale du cannabis.<\/p>\n\n\n\n<ul class=\"wp-block-list\">\n<li>Le PS souhaite d\u00e9battre de cette question lors d&#8217;une conf\u00e9rence \u00e0 l&#8217;Assembl\u00e9e de la R\u00e9publique ce mois-ci.<\/li>\n\n\n\n<li>Cet \u00e9t\u00e9, un pays membre de l&#8217;Union europ\u00e9enne, l&#8217;Allemagne, a r\u00e9alis\u00e9 des progr\u00e8s importants en mati\u00e8re de l\u00e9gislation sur le cannabis.<\/li>\n<\/ul>\n\n\n\n<p>Eurico Brilhante Dias, membre du PS, estime qu&#8217;il est essentiel de cr\u00e9er ce groupe de travail au sein de la commission de la sant\u00e9, car <strong>la l\u00e9galisation du cannabis est avant tout une question de sant\u00e9 publique<\/strong>.<\/p>\n\n\n\n<h2 class=\"wp-block-heading\" id=\"h-objectifs-et-fonctionnement-du-groupe-de-travail-sur-la-legalisation-du-cannabis\"><span class=\"ez-toc-section\" id=\"Objectifs_et_fonctionnement_du_groupe_de_travail_sur_la_legalisation_du_cannabis\"><\/span>Objectifs et fonctionnement du groupe de travail sur la l\u00e9galisation du cannabis<span class=\"ez-toc-section-end\"><\/span><\/h2>\n\n\n\n<p>Le r\u00f4le principal du groupe de travail sera de <strong>mener des \u00e9tudes approfondies et de consulter des experts<\/strong> issus de divers domaines afin d&#8217;\u00e9clairer le d\u00e9bat sur les implications de la l\u00e9galisation du cannabis au Portugal. Ce groupe devra rendre ses conclusions d&#8217;ici la fin de l&#8217;ann\u00e9e, lors d&#8217;une conf\u00e9rence d\u00e9di\u00e9e \u00e0 cette probl\u00e9matique.<\/p>\n\n\n\n<p>\u00c0 l&#8217;issue de cette conf\u00e9rence, le groupe parlementaire du PS examinera la possibilit\u00e9 de proposer une initiative l\u00e9gislative sur la l\u00e9galisation du cannabis.<\/p>\n\n\n\n<h3 class=\"wp-block-heading\" id=\"h-collaboration-avec-les-autres-groupes-parlementaires\"><span class=\"ez-toc-section\" id=\"Collaboration_avec_les_autres_groupes_parlementaires\"><\/span>Collaboration avec les autres groupes parlementaires<span class=\"ez-toc-section-end\"><\/span><\/h3>\n\n\n\n<p>Le Parti socialiste portugais <strong>ne souhaite pas poursuivre seul cette d\u00e9marche<\/strong> et esp\u00e8re collaborer \u00e9troitement avec d&#8217;autres groupes parlementaires tout au long de cette session l\u00e9gislative.<\/p>\n\n\n\n<ul class=\"wp-block-list\">\n<li>Bloc de gauche et Initiative lib\u00e9rale sont deux formations politiques ayant d\u00e9j\u00e0 soumis des propositions similaires lors de la l\u00e9gislature pr\u00e9c\u00e9dente, m\u00eame si celles-ci n&#8217;ont jamais \u00e9t\u00e9 vot\u00e9es par la commission de la sant\u00e9.<\/li>\n\n\n\n<li>Le Bloc de gauche avait vu un projet de loi rejet\u00e9 d\u00e9but 2019, lorsque le PS s&#8217;\u00e9tait montr\u00e9 divis\u00e9 entre abstentions, votes favorables et oppositions.<\/li>\n<\/ul>\n\n\n\n<p><strong>L&#8217;Initiative lib\u00e9rale propose d&#8217;autoriser la vente en ligne et en magasin de cannabis<\/strong>, mais exclurait certains types d&#8217;\u00e9tablissements tels que les institutions \u00e9ducatives, les \u00e9tablissements de sant\u00e9, les installations sportives, les aires de jeux familiales ou pour enfants, ainsi que les stations-service.<\/p>\n\n\n\n<h2 class=\"wp-block-heading\" id=\"h-pourquoi-la-legalisation-du-cannabis-est-elle-importante\"><span class=\"ez-toc-section\" id=\"Pourquoi_la_legalisation_du_cannabis_est-elle_importante\"><\/span>Pourquoi la l\u00e9galisation du cannabis est-elle importante ?<span class=\"ez-toc-section-end\"><\/span><\/h2>\n\n\n\n<p>La l\u00e9galisation du cannabis soul\u00e8ve des questions complexes qui touchent plusieurs domaines :<\/p>\n\n\n\n<ul class=\"wp-block-list\">\n<li><strong>La sant\u00e9 publique : <\/strong>le cannabis est-il nuisible pour la sant\u00e9 ? Peut-on envisager une r\u00e9gulation efficace de sa consommation ?<\/li>\n\n\n\n<li><strong>L&#8217;\u00e9conomie : <\/strong>quelle pourrait \u00eatre l&#8217;incidence \u00e9conomique de la l\u00e9galisation du cannabis sur le march\u00e9 et quelles sont les opportunit\u00e9s commerciales qu&#8217;elle pourrait cr\u00e9er ?<\/li>\n\n\n\n<li><strong>La s\u00e9curit\u00e9 sociale : <\/strong>la l\u00e9galisation du cannabis permettrait-elle de r\u00e9duire la criminalit\u00e9 li\u00e9e \u00e0 la production, au trafic et \u00e0 la consommation de cette substance ?<\/li>\n\n\n\n<li><strong>L&#8217;\u00e9thique :<\/strong> doit-on libert\u00e9 individuelle prime sur les pr\u00e9occupations de sant\u00e9 publique et de s\u00e9curit\u00e9 ?<\/li>\n<\/ul>\n\n\n\n<p>Le groupe de travail constitu\u00e9 par la r\u00e9solution pr\u00e9liminaire du PS devra se pencher sur toutes ces questions afin d&#8217;informer au mieux les d\u00e9cideurs politiques et de formuler des recommandations \u00e0 m\u00eame de favoriser la prise de d\u00e9cision \u00e9clair\u00e9e en mati\u00e8re de l\u00e9gislation sur le cannabis.<\/p>\n\n\n\n<h2 class=\"wp-block-heading\" id=\"h-que-peut-on-attendre-de-la-conference-de-fin-d-annee-sur-le-cannabis\"><span class=\"ez-toc-section\" id=\"Que_peut-on_attendre_de_la_conference_de_fin_dannee_sur_le_cannabis\"><\/span>Que peut-on attendre de la conf\u00e9rence de fin d&#8217;ann\u00e9e sur le cannabis ?<span class=\"ez-toc-section-end\"><\/span><\/h2>\n\n\n\n<p>Lors de la conf\u00e9rence qui cl\u00f4turera les travaux du groupe de travail, il faudra s&#8217;attendre \u00e0 ce que plusieurs intervenants d\u00e9battent des conclusions relatives \u00e0 l&#8217;\u00e9tude de la l\u00e9galisation du cannabis au Portugal. Cette conf\u00e9rence permettra \u00e9galement aux divers groupes parlementaires de confronter leurs opinions et de discuter de la pertinence d&#8217;une initiative l\u00e9gislative commune.<strong>Il convient donc de suivre avec attention l&#8217;\u00e9volution des travaux du groupe de travail et les discussions qui auront lieu lors de cette conf\u00e9rence, car elles pourraient bien d\u00e9terminer l&#8217;avenir de la l\u00e9gislation sur le cannabis au Portugal.<\/strong><\/p>\n\n\n<div class=\"kk-star-ratings kksr-auto kksr-align-left kksr-valign-bottom\"\n    data-payload='{&quot;align&quot;:&quot;left&quot;,&quot;id&quot;:&quot;10160&quot;,&quot;slug&quot;:&quot;default&quot;,&quot;valign&quot;:&quot;bottom&quot;,&quot;ignore&quot;:&quot;&quot;,&quot;reference&quot;:&quot;auto&quot;,&quot;class&quot;:&quot;&quot;,&quot;count&quot;:&quot;2167&quot;,&quot;legendonly&quot;:&quot;&quot;,&quot;readonly&quot;:&quot;&quot;,&quot;score&quot;:&quot;4.8&quot;,&quot;starsonly&quot;:&quot;&quot;,&quot;best&quot;:&quot;5&quot;,&quot;gap&quot;:&quot;5&quot;,&quot;greet&quot;:&quot;Notez cet article&quot;,&quot;legend&quot;:&quot;4.8\\\/5 - (2167 votes)&quot;,&quot;size&quot;:&quot;24&quot;,&quot;title&quot;:&quot;L\u00e9galisation du cannabis au Portugal, pour bient\u00f4t ?&quot;,&quot;width&quot;:&quot;136.7&quot;,&quot;_legend&quot;:&quot;{score}\\\/{best} - ({count} {votes})&quot;,&quot;font_factor&quot;:&quot;1.25&quot;}'>\n            \n<div class=\"kksr-stars\">\n    \n<div class=\"kksr-stars-inactive\">\n            <div class=\"kksr-star\" data-star=\"1\" style=\"padding-right: 5px\">\n            \n\n<div class=\"kksr-icon\" style=\"width: 24px; height: 24px;\"><\/div>\n        <\/div>\n            <div class=\"kksr-star\" data-star=\"2\" style=\"padding-right: 5px\">\n            \n\n<div class=\"kksr-icon\" style=\"width: 24px; height: 24px;\"><\/div>\n        <\/div>\n            <div class=\"kksr-star\" data-star=\"3\" style=\"padding-right: 5px\">\n            \n\n<div class=\"kksr-icon\" style=\"width: 24px; height: 24px;\"><\/div>\n        <\/div>\n            <div class=\"kksr-star\" data-star=\"4\" style=\"padding-right: 5px\">\n            \n\n<div class=\"kksr-icon\" style=\"width: 24px; height: 24px;\"><\/div>\n        <\/div>\n            <div class=\"kksr-star\" data-star=\"5\" style=\"padding-right: 5px\">\n            \n\n<div class=\"kksr-icon\" style=\"width: 24px; height: 24px;\"><\/div>\n        <\/div>\n    <\/div>\n    \n<div class=\"kksr-stars-active\" style=\"width: 136.7px;\">\n            <div class=\"kksr-star\" style=\"padding-right: 5px\">\n            \n\n<div class=\"kksr-icon\" style=\"width: 24px; height: 24px;\"><\/div>\n        <\/div>\n            <div class=\"kksr-star\" style=\"padding-right: 5px\">\n            \n\n<div class=\"kksr-icon\" style=\"width: 24px; height: 24px;\"><\/div>\n        <\/div>\n            <div class=\"kksr-star\" style=\"padding-right: 5px\">\n            \n\n<div class=\"kksr-icon\" style=\"width: 24px; height: 24px;\"><\/div>\n        <\/div>\n            <div class=\"kksr-star\" style=\"padding-right: 5px\">\n            \n\n<div class=\"kksr-icon\" style=\"width: 24px; height: 24px;\"><\/div>\n        <\/div>\n            <div class=\"kksr-star\" style=\"padding-right: 5px\">\n            \n\n<div class=\"kksr-icon\" style=\"width: 24px; height: 24px;\"><\/div>\n        <\/div>\n    <\/div>\n<\/div>\n                \n\n<div class=\"kksr-legend\" style=\"font-size: 19.2px;\">\n            4.8\/5 - (2167 votes)    <\/div>\n    <\/div>\n","protected":false},"excerpt":{"rendered":"<p>Pr\u00e9sentation d&#8217;une r\u00e9solution pr\u00e9liminaire \u00e0 la commission de la sant\u00e9 Dans les jours \u00e0 venir, il est pr\u00e9vu que le Parti socialiste portugais (PS) pr\u00e9sente une r\u00e9solution pr\u00e9liminaire \u00e0 la commission de la sant\u00e9 concernant la l\u00e9galisation du cannabis. L&#8217;objectif de cette d\u00e9marche est de constituer un groupe de travail charg\u00e9 d&#8217;examiner cette question controvers\u00e9e [&hellip;]<\/p>\n","protected":false},"author":90,"featured_media":10161,"comment_status":"closed","ping_status":"open","sticky":false,"template":"","format":"standard","meta":{"_sitemap_exclude":false,"_sitemap_priority":"","_sitemap_frequency":"","footnotes":""},"categories":[227],"tags":[303],"class_list":["post-10160","post","type-post","status-publish","format-standard","has-post-thumbnail","hentry","category-actualite-du-cannabis","tag-legalisation-cannabis"],"yoast_head":"<!-- This site is optimized with the Yoast SEO Premium plugin v27.0 (Yoast SEO v27.1.1) - https:\/\/yoast.com\/product\/yoast-seo-premium-wordpress\/ -->\n<title>L\u00e9galisation du cannabis au Portugal, pour bient\u00f4t ? - CBD Blog<\/title>\n<meta name=\"robots\" content=\"index, follow, max-snippet:-1, max-image-preview:large, max-video-preview:-1\" \/>\n<link rel=\"canonical\" href=\"https:\/\/www.cbd.fr\/blog\/legalisation-du-cannabis-au-portugal-pour-bientot\/\" \/>\n<meta property=\"og:locale\" content=\"fr_FR\" \/>\n<meta property=\"og:type\" content=\"article\" \/>\n<meta property=\"og:title\" content=\"\ud83c\udf31L\u00e9galisation du cannabis au Portugal, pour bient\u00f4t ? - CBD.fr \ud83c\udf31\" \/>\n<meta property=\"og:description\" content=\"Pr\u00e9sentation d&#8217;une r\u00e9solution pr\u00e9liminaire \u00e0 la commission de la sant\u00e9 Dans les jours \u00e0 venir, il est pr\u00e9vu que le Parti socialiste portugais (PS) pr\u00e9sente une r\u00e9solution pr\u00e9liminaire \u00e0 la commission de la sant\u00e9 concernant la l\u00e9galisation du cannabis. L&#8217;objectif de cette d\u00e9marche est de constituer un groupe de travail charg\u00e9 d&#8217;examiner cette question controvers\u00e9e [&hellip;]\" \/>\n<meta property=\"og:url\" content=\"https:\/\/www.cbd.fr\/blog\/legalisation-du-cannabis-au-portugal-pour-bientot\/\" \/>\n<meta property=\"og:site_name\" content=\"CBD Blog\" \/>\n<meta property=\"article:publisher\" content=\"https:\/\/www.facebook.com\/cbdfrr\/\" \/>\n<meta property=\"article:published_time\" content=\"2023-09-29T05:12:00+00:00\" \/>\n<meta property=\"og:image\" content=\"https:\/\/www.cbd.fr\/blog\/wp-content\/uploads\/2023\/09\/legalisation-cannabis-portugal.jpg\" \/>\n\t<meta property=\"og:image:width\" content=\"1600\" \/>\n\t<meta property=\"og:image:height\" content=\"800\" \/>\n\t<meta property=\"og:image:type\" content=\"image\/jpeg\" \/>\n<meta name=\"author\" content=\"Julien\" \/>\n<meta name=\"twitter:card\" content=\"summary_large_image\" \/>\n<meta name=\"twitter:label1\" content=\"\u00c9crit par\" \/>\n\t<meta name=\"twitter:data1\" content=\"Julien\" \/>\n\t<meta name=\"twitter:label2\" content=\"Dur\u00e9e de lecture estim\u00e9e\" \/>\n\t<meta name=\"twitter:data2\" content=\"4 minutes\" \/>\n<!-- \/ Yoast SEO Premium plugin. -->","yoast_head_json":{"title":"L\u00e9galisation du cannabis au Portugal, pour bient\u00f4t ? - CBD Blog","robots":{"index":"index","follow":"follow","max-snippet":"max-snippet:-1","max-image-preview":"max-image-preview:large","max-video-preview":"max-video-preview:-1"},"canonical":"https:\/\/www.cbd.fr\/blog\/legalisation-du-cannabis-au-portugal-pour-bientot\/","og_locale":"fr_FR","og_type":"article","og_title":"\ud83c\udf31L\u00e9galisation du cannabis au Portugal, pour bient\u00f4t ? - CBD.fr \ud83c\udf31","og_description":"Pr\u00e9sentation d&#8217;une r\u00e9solution pr\u00e9liminaire \u00e0 la commission de la sant\u00e9 Dans les jours \u00e0 venir, il est pr\u00e9vu que le Parti socialiste portugais (PS) pr\u00e9sente une r\u00e9solution pr\u00e9liminaire \u00e0 la commission de la sant\u00e9 concernant la l\u00e9galisation du cannabis. L&#8217;objectif de cette d\u00e9marche est de constituer un groupe de travail charg\u00e9 d&#8217;examiner cette question controvers\u00e9e [&hellip;]","og_url":"https:\/\/www.cbd.fr\/blog\/legalisation-du-cannabis-au-portugal-pour-bientot\/","og_site_name":"CBD Blog","article_publisher":"https:\/\/www.facebook.com\/cbdfrr\/","article_published_time":"2023-09-29T05:12:00+00:00","og_image":[{"width":1600,"height":800,"url":"https:\/\/www.cbd.fr\/blog\/wp-content\/uploads\/2023\/09\/legalisation-cannabis-portugal.jpg","type":"image\/jpeg"}],"author":"Julien","twitter_card":"summary_large_image","twitter_misc":{"\u00c9crit par":"Julien","Dur\u00e9e de lecture estim\u00e9e":"4 minutes"},"schema":{"@context":"https:\/\/schema.org","@graph":[{"@type":"Article","@id":"https:\/\/www.cbd.fr\/blog\/legalisation-du-cannabis-au-portugal-pour-bientot\/#article","isPartOf":{"@id":"https:\/\/www.cbd.fr\/blog\/legalisation-du-cannabis-au-portugal-pour-bientot\/"},"author":{"name":"Julien","@id":"https:\/\/www.cbd.fr\/blog\/#\/schema\/person\/d78b472d184ec8ae4135d454e3338c04"},"headline":"L\u00e9galisation du cannabis au Portugal, pour bient\u00f4t ?","datePublished":"2023-09-29T05:12:00+00:00","mainEntityOfPage":{"@id":"https:\/\/www.cbd.fr\/blog\/legalisation-du-cannabis-au-portugal-pour-bientot\/"},"wordCount":695,"publisher":{"@id":"https:\/\/www.cbd.fr\/blog\/#organization"},"image":{"@id":"https:\/\/www.cbd.fr\/blog\/legalisation-du-cannabis-au-portugal-pour-bientot\/#primaryimage"},"thumbnailUrl":"https:\/\/www.cbd.fr\/blog\/wp-content\/uploads\/2023\/09\/legalisation-cannabis-portugal.jpg","keywords":["l\u00e9galisation cannabis"],"articleSection":["News Cannabis et CBD"],"inLanguage":"fr-FR"},{"@type":"WebPage","@id":"https:\/\/www.cbd.fr\/blog\/legalisation-du-cannabis-au-portugal-pour-bientot\/","url":"https:\/\/www.cbd.fr\/blog\/legalisation-du-cannabis-au-portugal-pour-bientot\/","name":"L\u00e9galisation du cannabis au Portugal, pour bient\u00f4t ? - CBD Blog","isPartOf":{"@id":"https:\/\/www.cbd.fr\/blog\/#website"},"primaryImageOfPage":{"@id":"https:\/\/www.cbd.fr\/blog\/legalisation-du-cannabis-au-portugal-pour-bientot\/#primaryimage"},"image":{"@id":"https:\/\/www.cbd.fr\/blog\/legalisation-du-cannabis-au-portugal-pour-bientot\/#primaryimage"},"thumbnailUrl":"https:\/\/www.cbd.fr\/blog\/wp-content\/uploads\/2023\/09\/legalisation-cannabis-portugal.jpg","datePublished":"2023-09-29T05:12:00+00:00","breadcrumb":{"@id":"https:\/\/www.cbd.fr\/blog\/legalisation-du-cannabis-au-portugal-pour-bientot\/#breadcrumb"},"inLanguage":"fr-FR","potentialAction":[{"@type":"ReadAction","target":["https:\/\/www.cbd.fr\/blog\/legalisation-du-cannabis-au-portugal-pour-bientot\/"]}]},{"@type":"ImageObject","inLanguage":"fr-FR","@id":"https:\/\/www.cbd.fr\/blog\/legalisation-du-cannabis-au-portugal-pour-bientot\/#primaryimage","url":"https:\/\/www.cbd.fr\/blog\/wp-content\/uploads\/2023\/09\/legalisation-cannabis-portugal.jpg","contentUrl":"https:\/\/www.cbd.fr\/blog\/wp-content\/uploads\/2023\/09\/legalisation-cannabis-portugal.jpg","width":1600,"height":800,"caption":"legalisation-cannabis-portugal"},{"@type":"BreadcrumbList","@id":"https:\/\/www.cbd.fr\/blog\/legalisation-du-cannabis-au-portugal-pour-bientot\/#breadcrumb","itemListElement":[{"@type":"ListItem","position":1,"name":"CBD Blog","item":"https:\/\/www.cbd.fr\/blog\/"},{"@type":"ListItem","position":2,"name":"News Cannabis et CBD","item":"https:\/\/www.cbd.fr\/blog\/category\/actualite-du-cannabis\/"},{"@type":"ListItem","position":3,"name":"L\u00e9galisation du cannabis au Portugal, pour bient\u00f4t ?"}]},{"@type":"WebSite","@id":"https:\/\/www.cbd.fr\/blog\/#website","url":"https:\/\/www.cbd.fr\/blog\/","name":"CBD Blog","description":"Le meilleur blog de CBD et du chanvre en France par CBD.fr","publisher":{"@id":"https:\/\/www.cbd.fr\/blog\/#organization"},"alternateName":"CBD.fr","potentialAction":[{"@type":"SearchAction","target":{"@type":"EntryPoint","urlTemplate":"https:\/\/www.cbd.fr\/blog\/?s={search_term_string}"},"query-input":{"@type":"PropertyValueSpecification","valueRequired":true,"valueName":"search_term_string"}}],"inLanguage":"fr-FR"},{"@type":"Organization","@id":"https:\/\/www.cbd.fr\/blog\/#organization","name":"CBD.fr","alternateName":"CBD.fr","url":"https:\/\/www.cbd.fr\/blog\/","logo":{"@type":"ImageObject","inLanguage":"fr-FR","@id":"https:\/\/www.cbd.fr\/blog\/#\/schema\/logo\/image\/","url":"https:\/\/www.cbd.fr\/blog\/wp-content\/uploads\/2023\/01\/logo-cbd.png","contentUrl":"https:\/\/www.cbd.fr\/blog\/wp-content\/uploads\/2023\/01\/logo-cbd.png","width":215,"height":100,"caption":"CBD.fr"},"image":{"@id":"https:\/\/www.cbd.fr\/blog\/#\/schema\/logo\/image\/"},"sameAs":["https:\/\/www.facebook.com\/cbdfrr\/","https:\/\/www.instagram.com\/cbdfr\/","https:\/\/www.youtube.com\/@CBD_fr","https:\/\/www.linkedin.com\/company\/cbd-fr\/"],"description":"CBD.fr est le leaders fran\u00e7ais du bien-\u00eatre et du CBD, proposant une large gamme de produits \u00e0 base de chanvre rigoureusement s\u00e9lectionn\u00e9s. Expertise, qualit\u00e9 et p\u00e9dagogie sont au c\u0153ur de l\u2019exp\u00e9rience CBD.fr.","email":"support@cbd.fr","telephone":"0189720196","legalName":"CBD.fr","foundingDate":"2021-01-01","taxID":"760933","numberOfEmployees":{"@type":"QuantitativeValue","minValue":"11","maxValue":"50"}},{"@type":"Person","@id":"https:\/\/www.cbd.fr\/blog\/#\/schema\/person\/d78b472d184ec8ae4135d454e3338c04","name":"Julien","image":{"@type":"ImageObject","inLanguage":"fr-FR","@id":"https:\/\/www.cbd.fr\/blog\/#\/schema\/person\/image\/","url":"https:\/\/secure.gravatar.com\/avatar\/58f2f1b1e71c329d0226efe2cc40174640e1757e077dac013c980f3ee43c73a0?s=96&d=mm&r=g","contentUrl":"https:\/\/secure.gravatar.com\/avatar\/58f2f1b1e71c329d0226efe2cc40174640e1757e077dac013c980f3ee43c73a0?s=96&d=mm&r=g","caption":"Julien"},"description":"R\u00e9dacteur en chef sp\u00e9cialis\u00e9 en CBD Julien, n\u00e9 le 17 juillet 1978 en r\u00e9gion Parisienne, est un \u00e9minent r\u00e9dacteur et expert dans le domaine des produits \u00e0 base de CBD. Suite \u00e0 ses \u00e9tudes, Julien a d\u00e9velopp\u00e9 une passion pour les rem\u00e8des naturels, dont le CBD. En 2022, il int\u00e8gre l\u2019\u00e9quipe du site CBD.fr en qualit\u00e9 d\u2019expert et de contributeur r\u00e9gulier. Gr\u00e2ce \u00e0 son expertise scientifique et une \u00e9criture claire, Julien aide \u00e0 d\u00e9mystifier les aspects complexes du CBD, tout en mettant en lumi\u00e8re ses bienfaits et applications potentielles \u00e0 travers ses articles et participations \u00e0 des conf\u00e9rences.","honorificPrefix":"Mr","gender":"male","knowsAbout":["CBD","Cannabis","Copywriter"],"knowsLanguage":["French"],"jobTitle":"Editor-in-chief specializing in CBD","worksFor":"CBD.fr","url":"https:\/\/www.cbd.fr\/blog\/author\/redac-cbd\/"}]}},"_links":{"self":[{"href":"https:\/\/www.cbd.fr\/blog\/wp-json\/wp\/v2\/posts\/10160","targetHints":{"allow":["GET"]}}],"collection":[{"href":"https:\/\/www.cbd.fr\/blog\/wp-json\/wp\/v2\/posts"}],"about":[{"href":"https:\/\/www.cbd.fr\/blog\/wp-json\/wp\/v2\/types\/post"}],"author":[{"embeddable":true,"href":"https:\/\/www.cbd.fr\/blog\/wp-json\/wp\/v2\/users\/90"}],"replies":[{"embeddable":true,"href":"https:\/\/www.cbd.fr\/blog\/wp-json\/wp\/v2\/comments?post=10160"}],"version-history":[{"count":0,"href":"https:\/\/www.cbd.fr\/blog\/wp-json\/wp\/v2\/posts\/10160\/revisions"}],"wp:featuredmedia":[{"embeddable":true,"href":"https:\/\/www.cbd.fr\/blog\/wp-json\/wp\/v2\/media\/10161"}],"wp:attachment":[{"href":"https:\/\/www.cbd.fr\/blog\/wp-json\/wp\/v2\/media?parent=10160"}],"wp:term":[{"taxonomy":"category","embeddable":true,"href":"https:\/\/www.cbd.fr\/blog\/wp-json\/wp\/v2\/categories?post=10160"},{"taxonomy":"post_tag","embeddable":true,"href":"https:\/\/www.cbd.fr\/blog\/wp-json\/wp\/v2\/tags?post=10160"}],"curies":[{"name":"wp","href":"https:\/\/api.w.org\/{rel}","templated":true}]}}