{"id":11650,"date":"2024-02-07T07:00:00","date_gmt":"2024-02-07T06:00:00","guid":{"rendered":"https:\/\/www.cbd.fr\/blog\/?p=11650"},"modified":"2024-02-07T07:00:00","modified_gmt":"2024-02-07T06:00:00","slug":"le-cbd-et-la-securite-sociale-une-prise-en-charge-en-question","status":"publish","type":"post","link":"https:\/\/www.cbd.fr\/blog\/le-cbd-et-la-securite-sociale-une-prise-en-charge-en-question\/","title":{"rendered":"Le CBD et la s\u00e9curit\u00e9 sociale : une prise en charge en question"},"content":{"rendered":"<p>Le cannabidiol, plus commun\u00e9ment appel\u00e9 <strong>CBD<\/strong>, est un compos\u00e9 pr\u00e9sent dans le cannabis qui suscite de plus en plus d&#8217;int\u00e9r\u00eat pour ses propri\u00e9t\u00e9s th\u00e9rapeutiques. Contrairement au <a href=\"https:\/\/www.cbd.fr\/198thccbd\" data-internallinksmanager029f6b8e52c=\"17\" title=\"thc - t\u00e9trahydrocannabinol\">THC<\/a>, autre compos\u00e9 majeur du cannabis, le CBD n&#8217;a pas d&#8217;effet psychoactif et ne provoque pas de &#8220;d\u00e9fonce&#8221;. Cela fait de lui une option int\u00e9ressante pour ceux qui cherchent \u00e0 profiter de ses bienfaits sans subir les effets ind\u00e9sirables li\u00e9s \u00e0 la consommation de cannabis.<\/p>\n<p>Mais une question se pose pour les patients qui souhaitent utiliser le CBD comme traitement alternatif&nbsp;: est-ce que cette m\u00e9decine douce est-elle prise en charge par la s\u00e9curit\u00e9 sociale ? Pour r\u00e9pondre \u00e0 cela, il convient d&#8217;examiner plusieurs aspects tels que l&#8217;\u00e9tat actuel de la l\u00e9gislation sur le CBD en France et les conditions de remboursement des traitements m\u00e9dicaux.<\/p>\n<div id=\"ez-toc-container\" class=\"ez-toc-v2_0_80 counter-hierarchy ez-toc-counter ez-toc-grey ez-toc-container-direction\">\n<div class=\"ez-toc-title-container\">\n<p class=\"ez-toc-title\" style=\"cursor:inherit\">Sommaire<\/p>\n<span class=\"ez-toc-title-toggle\"><a href=\"#\" class=\"ez-toc-pull-right ez-toc-btn ez-toc-btn-xs ez-toc-btn-default ez-toc-toggle\" aria-label=\"Toggle Table of Content\"><span class=\"ez-toc-js-icon-con\"><span class=\"\"><span class=\"eztoc-hide\" style=\"display:none;\">Toggle<\/span><span class=\"ez-toc-icon-toggle-span\"><svg style=\"fill: #43b981;color:#43b981\" xmlns=\"http:\/\/www.w3.org\/2000\/svg\" class=\"list-377408\" width=\"20px\" height=\"20px\" viewBox=\"0 0 24 24\" fill=\"none\"><path d=\"M6 6H4v2h2V6zm14 0H8v2h12V6zM4 11h2v2H4v-2zm16 0H8v2h12v-2zM4 16h2v2H4v-2zm16 0H8v2h12v-2z\" fill=\"currentColor\"><\/path><\/svg><svg style=\"fill: #43b981;color:#43b981\" class=\"arrow-unsorted-368013\" xmlns=\"http:\/\/www.w3.org\/2000\/svg\" width=\"10px\" height=\"10px\" viewBox=\"0 0 24 24\" version=\"1.2\" baseProfile=\"tiny\"><path d=\"M18.2 9.3l-6.2-6.3-6.2 6.3c-.2.2-.3.4-.3.7s.1.5.3.7c.2.2.4.3.7.3h11c.3 0 .5-.1.7-.3.2-.2.3-.5.3-.7s-.1-.5-.3-.7zM5.8 14.7l6.2 6.3 6.2-6.3c.2-.2.3-.5.3-.7s-.1-.5-.3-.7c-.2-.2-.4-.3-.7-.3h-11c-.3 0-.5.1-.7.3-.2.2-.3.5-.3.7s.1.5.3.7z\"\/><\/svg><\/span><\/span><\/span><\/a><\/span><\/div>\n<nav><ul class='ez-toc-list ez-toc-list-level-1 ' ><li class='ez-toc-page-1 ez-toc-heading-level-2'><a class=\"ez-toc-link ez-toc-heading-1\" href=\"https:\/\/www.cbd.fr\/blog\/le-cbd-et-la-securite-sociale-une-prise-en-charge-en-question\/#La_legislation_du_CBD_en_France\" >La l\u00e9gislation du CBD en France<\/a><\/li><li class='ez-toc-page-1 ez-toc-heading-level-2'><a class=\"ez-toc-link ez-toc-heading-2\" href=\"https:\/\/www.cbd.fr\/blog\/le-cbd-et-la-securite-sociale-une-prise-en-charge-en-question\/#Le_CBD_dans_la_medecine\" >Le CBD dans la m\u00e9decine<\/a><ul class='ez-toc-list-level-3' ><li class='ez-toc-heading-level-3'><a class=\"ez-toc-link ez-toc-heading-3\" href=\"https:\/\/www.cbd.fr\/blog\/le-cbd-et-la-securite-sociale-une-prise-en-charge-en-question\/#Le_CBD_comme_medicament_Epidiolex_et_Sativex\" >Le CBD comme m\u00e9dicament&nbsp;: Epidiolex et Sativex<\/a><\/li><\/ul><\/li><li class='ez-toc-page-1 ez-toc-heading-level-2'><a class=\"ez-toc-link ez-toc-heading-4\" href=\"https:\/\/www.cbd.fr\/blog\/le-cbd-et-la-securite-sociale-une-prise-en-charge-en-question\/#La_prise_en_charge_du_CBD_par_la_securite_sociale_ou_en_sommes-nous\" >La prise en charge du CBD par la s\u00e9curit\u00e9 sociale&nbsp;: o\u00f9 en sommes-nous ?<\/a><ul class='ez-toc-list-level-3' ><li class='ez-toc-heading-level-3'><a class=\"ez-toc-link ez-toc-heading-5\" href=\"https:\/\/www.cbd.fr\/blog\/le-cbd-et-la-securite-sociale-une-prise-en-charge-en-question\/#Les_medicaments_a_base_de_CBD_et_leur_remboursement\" >Les m\u00e9dicaments \u00e0 base de CBD et leur remboursement<\/a><\/li><li class='ez-toc-page-1 ez-toc-heading-level-3'><a class=\"ez-toc-link ez-toc-heading-6\" href=\"https:\/\/www.cbd.fr\/blog\/le-cbd-et-la-securite-sociale-une-prise-en-charge-en-question\/#Les_complements_alimentaires_et_huiles_de_CBD\" >Les compl\u00e9ments alimentaires et huiles de CBD<\/a><\/li><\/ul><\/li><li class='ez-toc-page-1 ez-toc-heading-level-2'><a class=\"ez-toc-link ez-toc-heading-7\" href=\"https:\/\/www.cbd.fr\/blog\/le-cbd-et-la-securite-sociale-une-prise-en-charge-en-question\/#Conclusion_provisoire\" >Conclusion provisoire<\/a><\/li><\/ul><\/nav><\/div>\n<h2><span class=\"ez-toc-section\" id=\"La_legislation_du_CBD_en_France\"><\/span>La l\u00e9gislation du CBD en France<span class=\"ez-toc-section-end\"><\/span><\/h2>\n<p>Les lois r\u00e9gissant les produits issus du cannabis varient consid\u00e9rablement d&#8217;un pays \u00e0 l&#8217;autre. Selon la l\u00e9gislation fran\u00e7aise, la culture, la d\u00e9tention, la distribution et l\u2019utilisation de certaines vari\u00e9t\u00e9s de plants de chanvre sont autoris\u00e9es \u00e0 condition qu&#8217;ils contiennent moins de 0,2% de THC. Toutefois, ce taux faible pour les plants de chanvre autoris\u00e9s ne signifie pas n\u00e9cessairement la vente libre des produits \u00e0 base de CBD si ces derniers d\u00e9passent le taux de THC maximal tol\u00e9r\u00e9.<\/p>\n<p>En revanche, le CBD lui-m\u00eame n&#8217;est pas class\u00e9 comme produit stup\u00e9fiant et fait l&#8217;objet d&#8217;un r\u00e9gime juridique distinct en France. Les produits \u00e0 base de CBD ne sont soumis \u00e0 aucune r\u00e8glementation sp\u00e9cifique, mais les autorit\u00e9s contr\u00f4lent \u00e9troitement la commercialisation des produits qui contiennent du cannabidiol afin d&#8217;\u00e9viter toute incitation \u00e0 la consommation de cannabis.<\/p>\n<h2><span class=\"ez-toc-section\" id=\"Le_CBD_dans_la_medecine\"><\/span>Le CBD dans la m\u00e9decine<span class=\"ez-toc-section-end\"><\/span><\/h2>\n<p>Au niveau m\u00e9dical, le CBD a \u00e9t\u00e9 \u00e9tudi\u00e9 pour ses propri\u00e9t\u00e9s antalgiques, anti-inflammatoires, neuroprotectrices ou encore anxiolytiques. Certaines recherches sugg\u00e8rent que ce compos\u00e9 pourrait \u00eatre utile dans le traitement de nombreuses affections, notamment :<\/p>\n<ul>\n<li>Douleurs chroniques<\/li>\n<li>Fibromyalgie<\/li>\n<li>\u00c9pilepsie<\/li>\n<li>Anxi\u00e9t\u00e9 et stress<\/li>\n<li>D\u00e9pression<\/li>\n<li>Troubles du <a href=\"https:\/\/www.cbd.fr\/s\/30\/cbd-dormir-sommeil\" data-internallinksmanager029f6b8e52c=\"22\" title=\"Sommeil Dormir\">sommeil<\/a><\/li>\n<li>Maladies inflammatoires intestinales<\/li>\n<li>Sclerosis en plaques<\/li>\n<\/ul>\n<p>Alors que certains pays, comme les Etats-Unis et le Canada, ont d\u00e9j\u00e0 l\u00e9galis\u00e9 l&#8217;utilisation du cannabis m\u00e9dical, y compris pour les prescriptions de CBD, la France n&#8217;en est qu&#8217;aux balbutiements de cette d\u00e9marche. En 2020, l&#8217;Agence Nationale de S\u00e9curit\u00e9 du M\u00e9dicament (ANSM) a mis en place un comit\u00e9 scientifique sp\u00e9cialis\u00e9 temporaire charg\u00e9 d&#8217;\u00e9valuer la pertinence et la faisabilit\u00e9 de l&#8217;utilisation du cannabis \u00e0 des fins th\u00e9rapeutiques. <\/p>\n<h3><span class=\"ez-toc-section\" id=\"Le_CBD_comme_medicament_Epidiolex_et_Sativex\"><\/span>Le CBD comme m\u00e9dicament&nbsp;: Epidiolex et Sativex<span class=\"ez-toc-section-end\"><\/span><\/h3>\n<p>Cependant, il existe d\u00e9j\u00e0 quelques m\u00e9dicaments contenant du CBD qui ont re\u00e7u une autorisation de mise sur le march\u00e9 (AMM) en France. L&#8217;Epidiolex, un m\u00e9dicament prescrit pour le traitement de certaines formes graves d&#8217;\u00e9pilepsie, est le premier m\u00e9dicament \u00e0 base de CBD ayant obtenu cette AMM.<\/p>\n<p>De m\u00eame, le Sativex est un autre m\u00e9dicament qui contient \u00e0 la fois du THC et du CBD. Il est utilis\u00e9 pour traiter les patients atteints de scl\u00e9rose en plaques qui souffrent de raideur musculaire s\u00e9v\u00e8re. Le Sativex n&#8217;est disponible que sur ordonnance et dans des conditions tr\u00e8s strictes.<\/p>\n<h2><span class=\"ez-toc-section\" id=\"La_prise_en_charge_du_CBD_par_la_securite_sociale_ou_en_sommes-nous\"><\/span>La prise en charge du CBD par la s\u00e9curit\u00e9 sociale&nbsp;: o\u00f9 en sommes-nous ?<span class=\"ez-toc-section-end\"><\/span><\/h2>\n<p>Pour qu&#8217;un traitement soit pris en charge par la s\u00e9curit\u00e9 sociale, il doit r\u00e9pondre \u00e0 plusieurs crit\u00e8res : avoir obtenu une autorisation de mise sur le march\u00e9, \u00eatre inscrit sur la liste des m\u00e9dicaments remboursables et respecter certaines conditions fix\u00e9es par la Haute Autorit\u00e9 de Sant\u00e9.<\/p>\n<h3><span class=\"ez-toc-section\" id=\"Les_medicaments_a_base_de_CBD_et_leur_remboursement\"><\/span>Les m\u00e9dicaments \u00e0 base de CBD et leur remboursement<span class=\"ez-toc-section-end\"><\/span><\/h3>\n<p>Concernant les m\u00e9dicaments \u00e0 base de CBD pr\u00e9c\u00e9demment mentionn\u00e9s, l&#8217;Epidiolex a \u00e9tabli un pr\u00e9c\u00e9dent en \u00e9tant le premier m\u00e9dicament contenant du CBD \u00e0 \u00eatre rembours\u00e9 par la s\u00e9curit\u00e9 sociale fran\u00e7aise. Le taux de remboursement est fix\u00e9 \u00e0 65% pour ce m\u00e9dicament, mais il faut souligner que sa prescription est strictement limit\u00e9e aux cas d&#8217;\u00e9pilepsies s\u00e9v\u00e8res chez les enfants et les jeunes adultes. Quant au Sativex, malgr\u00e9 son AMM, il n&#8217;est toujours pas commercialis\u00e9 en France en raison d&#8217;un d\u00e9saccord entre le laboratoire producteur et la commission de transparence sur les modalit\u00e9s de prix et de remboursement.<\/p>\n<h3><span class=\"ez-toc-section\" id=\"Les_complements_alimentaires_et_huiles_de_CBD\"><\/span>Les compl\u00e9ments alimentaires et huiles de CBD<span class=\"ez-toc-section-end\"><\/span><\/h3>\n<p>En ce qui concerne les compl\u00e9ments alimentaires et autres formules contenant du CBD, leur prise en charge par la s\u00e9curit\u00e9 sociale est beaucoup plus incertaine. En r\u00e8gle g\u00e9n\u00e9rale, ces produits ne sont pas consid\u00e9r\u00e9s comme des m\u00e9dicaments et ne r\u00e9pondent donc pas aux crit\u00e8res n\u00e9cessaires pour obtenir un remboursement. Cependant, \u00e9tant donn\u00e9 l&#8217;\u00e9volution rapide du march\u00e9 du cannabidiol et de son cadre l\u00e9gislatif, il reste \u00e0 voir si cette situation pourrait \u00e9voluer \u00e0 l&#8217;avenir avec de nouvelles r\u00e9gulations.<\/p>\n<h2><span class=\"ez-toc-section\" id=\"Conclusion_provisoire\"><\/span>Conclusion provisoire<span class=\"ez-toc-section-end\"><\/span><\/h2>\n<p>\u00c0 l&#8217;heure actuelle, la prise en charge du CBD par la s\u00e9curit\u00e9 sociale reste tr\u00e8s limit\u00e9e et ne concerne que quelques m\u00e9dicaments sp\u00e9cifiques. Les traitements alternatifs \u00e0 base de CBD tels que les compl\u00e9ments alimentaires et les <a href=\"https:\/\/www.cbd.fr\/84huiles-de-cbd\" data-internallinksmanager029f6b8e52c=\"3\" title=\"Huile CBD\">huiles<\/a> ne sont pas rembours\u00e9s et il appartient donc aux patients de supporter les co\u00fbts li\u00e9s \u00e0 leur utilisation. Toutefois, le paysage l\u00e9gal entourant le cannabis th\u00e9rapeutique \u00e9volue rapidement et il sera int\u00e9ressant de suivre comment cela pourrait influencer les strat\u00e9gies de remboursement \u00e0 l&#8217;avenir, notamment pour les traitements \u00e0 base de CBD.<\/p>\n\n\n<div class=\"kk-star-ratings kksr-auto kksr-align-left kksr-valign-bottom\"\n    data-payload='{&quot;align&quot;:&quot;left&quot;,&quot;id&quot;:&quot;11650&quot;,&quot;slug&quot;:&quot;default&quot;,&quot;valign&quot;:&quot;bottom&quot;,&quot;ignore&quot;:&quot;&quot;,&quot;reference&quot;:&quot;auto&quot;,&quot;class&quot;:&quot;&quot;,&quot;count&quot;:&quot;3288&quot;,&quot;legendonly&quot;:&quot;&quot;,&quot;readonly&quot;:&quot;&quot;,&quot;score&quot;:&quot;4.6&quot;,&quot;starsonly&quot;:&quot;&quot;,&quot;best&quot;:&quot;5&quot;,&quot;gap&quot;:&quot;5&quot;,&quot;greet&quot;:&quot;Notez cet article&quot;,&quot;legend&quot;:&quot;4.6\\\/5 - (3288 votes)&quot;,&quot;size&quot;:&quot;24&quot;,&quot;title&quot;:&quot;Le CBD et la s\u00e9curit\u00e9 sociale : une prise en charge en question&quot;,&quot;width&quot;:&quot;130.9&quot;,&quot;_legend&quot;:&quot;{score}\\\/{best} - ({count} {votes})&quot;,&quot;font_factor&quot;:&quot;1.25&quot;}'>\n            \n<div class=\"kksr-stars\">\n    \n<div class=\"kksr-stars-inactive\">\n            <div class=\"kksr-star\" data-star=\"1\" style=\"padding-right: 5px\">\n            \n\n<div class=\"kksr-icon\" style=\"width: 24px; height: 24px;\"><\/div>\n        <\/div>\n            <div class=\"kksr-star\" data-star=\"2\" style=\"padding-right: 5px\">\n            \n\n<div class=\"kksr-icon\" style=\"width: 24px; height: 24px;\"><\/div>\n        <\/div>\n            <div class=\"kksr-star\" data-star=\"3\" style=\"padding-right: 5px\">\n            \n\n<div class=\"kksr-icon\" style=\"width: 24px; height: 24px;\"><\/div>\n        <\/div>\n            <div class=\"kksr-star\" data-star=\"4\" style=\"padding-right: 5px\">\n            \n\n<div class=\"kksr-icon\" style=\"width: 24px; height: 24px;\"><\/div>\n        <\/div>\n            <div class=\"kksr-star\" data-star=\"5\" style=\"padding-right: 5px\">\n            \n\n<div class=\"kksr-icon\" style=\"width: 24px; height: 24px;\"><\/div>\n        <\/div>\n    <\/div>\n    \n<div class=\"kksr-stars-active\" style=\"width: 130.9px;\">\n            <div class=\"kksr-star\" style=\"padding-right: 5px\">\n            \n\n<div class=\"kksr-icon\" style=\"width: 24px; height: 24px;\"><\/div>\n        <\/div>\n            <div class=\"kksr-star\" style=\"padding-right: 5px\">\n            \n\n<div class=\"kksr-icon\" style=\"width: 24px; height: 24px;\"><\/div>\n        <\/div>\n            <div class=\"kksr-star\" style=\"padding-right: 5px\">\n            \n\n<div class=\"kksr-icon\" style=\"width: 24px; height: 24px;\"><\/div>\n        <\/div>\n            <div class=\"kksr-star\" style=\"padding-right: 5px\">\n            \n\n<div class=\"kksr-icon\" style=\"width: 24px; height: 24px;\"><\/div>\n        <\/div>\n            <div class=\"kksr-star\" style=\"padding-right: 5px\">\n            \n\n<div class=\"kksr-icon\" style=\"width: 24px; height: 24px;\"><\/div>\n        <\/div>\n    <\/div>\n<\/div>\n                \n\n<div class=\"kksr-legend\" style=\"font-size: 19.2px;\">\n            4.6\/5 - (3288 votes)    <\/div>\n    <\/div>\n","protected":false},"excerpt":{"rendered":"<p>Le cannabidiol, plus commun\u00e9ment appel\u00e9 CBD, est un compos\u00e9 pr\u00e9sent dans le cannabis qui suscite de plus en plus d&#8217;int\u00e9r\u00eat pour ses propri\u00e9t\u00e9s th\u00e9rapeutiques. Contrairement au THC, autre compos\u00e9 majeur du cannabis, le CBD n&#8217;a pas d&#8217;effet psychoactif et ne provoque pas de &#8220;d\u00e9fonce&#8221;. Cela fait de lui une option int\u00e9ressante pour ceux qui cherchent [&hellip;]<\/p>\n","protected":false},"author":90,"featured_media":11649,"comment_status":"","ping_status":"open","sticky":false,"template":"","format":"standard","meta":{"_sitemap_exclude":false,"_sitemap_priority":"","_sitemap_frequency":"","footnotes":""},"categories":[388],"tags":[],"class_list":["post-11650","post","type-post","status-publish","format-standard","has-post-thumbnail","hentry","category-faq"],"yoast_head":"<!-- This site is optimized with the Yoast SEO Premium plugin v26.9 (Yoast SEO v26.9) - https:\/\/yoast.com\/product\/yoast-seo-premium-wordpress\/ -->\n<title>Le CBD et la s\u00e9curit\u00e9 sociale : une prise en charge en question - CBD Blog<\/title>\n<meta name=\"robots\" content=\"index, follow, max-snippet:-1, max-image-preview:large, max-video-preview:-1\" \/>\n<link rel=\"canonical\" href=\"https:\/\/www.cbd.fr\/blog\/le-cbd-et-la-securite-sociale-une-prise-en-charge-en-question\/\" \/>\n<meta property=\"og:locale\" content=\"fr_FR\" \/>\n<meta property=\"og:type\" content=\"article\" \/>\n<meta property=\"og:title\" content=\"\ud83c\udf31Le CBD et la s\u00e9curit\u00e9 sociale : une prise en charge en question - CBD.fr \ud83c\udf31\" \/>\n<meta property=\"og:description\" content=\"Le cannabidiol, plus commun\u00e9ment appel\u00e9 CBD, est un compos\u00e9 pr\u00e9sent dans le cannabis qui suscite de plus en plus d&#8217;int\u00e9r\u00eat pour ses propri\u00e9t\u00e9s th\u00e9rapeutiques. Contrairement au THC, autre compos\u00e9 majeur du cannabis, le CBD n&#8217;a pas d&#8217;effet psychoactif et ne provoque pas de &#8220;d\u00e9fonce&#8221;. Cela fait de lui une option int\u00e9ressante pour ceux qui cherchent [&hellip;]\" \/>\n<meta property=\"og:url\" content=\"https:\/\/www.cbd.fr\/blog\/le-cbd-et-la-securite-sociale-une-prise-en-charge-en-question\/\" \/>\n<meta property=\"og:site_name\" content=\"CBD Blog\" \/>\n<meta property=\"article:publisher\" content=\"https:\/\/www.facebook.com\/cbdfrr\/\" \/>\n<meta property=\"article:published_time\" content=\"2024-02-07T06:00:00+00:00\" \/>\n<meta property=\"og:image\" content=\"https:\/\/www.cbd.fr\/blog\/wp-content\/uploads\/2024\/01\/le-cbd-et-la-securite-sociale-une-prise-en-charge-en-question.jpg\" \/>\n\t<meta property=\"og:image:width\" content=\"1456\" \/>\n\t<meta property=\"og:image:height\" content=\"832\" \/>\n\t<meta property=\"og:image:type\" content=\"image\/jpeg\" \/>\n<meta name=\"author\" content=\"Julien\" \/>\n<meta name=\"twitter:card\" content=\"summary_large_image\" \/>\n<meta name=\"twitter:label1\" content=\"\u00c9crit par\" \/>\n\t<meta name=\"twitter:data1\" content=\"Julien\" \/>\n\t<meta name=\"twitter:label2\" content=\"Dur\u00e9e de lecture estim\u00e9e\" \/>\n\t<meta name=\"twitter:data2\" content=\"5 minutes\" \/>\n<!-- \/ Yoast SEO Premium plugin. -->","yoast_head_json":{"title":"Le CBD et la s\u00e9curit\u00e9 sociale : une prise en charge en question - CBD Blog","robots":{"index":"index","follow":"follow","max-snippet":"max-snippet:-1","max-image-preview":"max-image-preview:large","max-video-preview":"max-video-preview:-1"},"canonical":"https:\/\/www.cbd.fr\/blog\/le-cbd-et-la-securite-sociale-une-prise-en-charge-en-question\/","og_locale":"fr_FR","og_type":"article","og_title":"\ud83c\udf31Le CBD et la s\u00e9curit\u00e9 sociale : une prise en charge en question - CBD.fr \ud83c\udf31","og_description":"Le cannabidiol, plus commun\u00e9ment appel\u00e9 CBD, est un compos\u00e9 pr\u00e9sent dans le cannabis qui suscite de plus en plus d&#8217;int\u00e9r\u00eat pour ses propri\u00e9t\u00e9s th\u00e9rapeutiques. Contrairement au THC, autre compos\u00e9 majeur du cannabis, le CBD n&#8217;a pas d&#8217;effet psychoactif et ne provoque pas de &#8220;d\u00e9fonce&#8221;. Cela fait de lui une option int\u00e9ressante pour ceux qui cherchent [&hellip;]","og_url":"https:\/\/www.cbd.fr\/blog\/le-cbd-et-la-securite-sociale-une-prise-en-charge-en-question\/","og_site_name":"CBD Blog","article_publisher":"https:\/\/www.facebook.com\/cbdfrr\/","article_published_time":"2024-02-07T06:00:00+00:00","og_image":[{"width":1456,"height":832,"url":"https:\/\/www.cbd.fr\/blog\/wp-content\/uploads\/2024\/01\/le-cbd-et-la-securite-sociale-une-prise-en-charge-en-question.jpg","type":"image\/jpeg"}],"author":"Julien","twitter_card":"summary_large_image","twitter_misc":{"\u00c9crit par":"Julien","Dur\u00e9e de lecture estim\u00e9e":"5 minutes"},"schema":{"@context":"https:\/\/schema.org","@graph":[{"@type":"Article","@id":"https:\/\/www.cbd.fr\/blog\/le-cbd-et-la-securite-sociale-une-prise-en-charge-en-question\/#article","isPartOf":{"@id":"https:\/\/www.cbd.fr\/blog\/le-cbd-et-la-securite-sociale-une-prise-en-charge-en-question\/"},"author":{"name":"Julien","@id":"https:\/\/www.cbd.fr\/blog\/#\/schema\/person\/d78b472d184ec8ae4135d454e3338c04"},"headline":"Le CBD et la s\u00e9curit\u00e9 sociale : une prise en charge en question","datePublished":"2024-02-07T06:00:00+00:00","mainEntityOfPage":{"@id":"https:\/\/www.cbd.fr\/blog\/le-cbd-et-la-securite-sociale-une-prise-en-charge-en-question\/"},"wordCount":938,"publisher":{"@id":"https:\/\/www.cbd.fr\/blog\/#organization"},"image":{"@id":"https:\/\/www.cbd.fr\/blog\/le-cbd-et-la-securite-sociale-une-prise-en-charge-en-question\/#primaryimage"},"thumbnailUrl":"https:\/\/www.cbd.fr\/blog\/wp-content\/uploads\/2024\/01\/le-cbd-et-la-securite-sociale-une-prise-en-charge-en-question.jpg","articleSection":["FAQ"],"inLanguage":"fr-FR"},{"@type":"WebPage","@id":"https:\/\/www.cbd.fr\/blog\/le-cbd-et-la-securite-sociale-une-prise-en-charge-en-question\/","url":"https:\/\/www.cbd.fr\/blog\/le-cbd-et-la-securite-sociale-une-prise-en-charge-en-question\/","name":"Le CBD et la s\u00e9curit\u00e9 sociale : une prise en charge en question - CBD Blog","isPartOf":{"@id":"https:\/\/www.cbd.fr\/blog\/#website"},"primaryImageOfPage":{"@id":"https:\/\/www.cbd.fr\/blog\/le-cbd-et-la-securite-sociale-une-prise-en-charge-en-question\/#primaryimage"},"image":{"@id":"https:\/\/www.cbd.fr\/blog\/le-cbd-et-la-securite-sociale-une-prise-en-charge-en-question\/#primaryimage"},"thumbnailUrl":"https:\/\/www.cbd.fr\/blog\/wp-content\/uploads\/2024\/01\/le-cbd-et-la-securite-sociale-une-prise-en-charge-en-question.jpg","datePublished":"2024-02-07T06:00:00+00:00","breadcrumb":{"@id":"https:\/\/www.cbd.fr\/blog\/le-cbd-et-la-securite-sociale-une-prise-en-charge-en-question\/#breadcrumb"},"inLanguage":"fr-FR","potentialAction":[{"@type":"ReadAction","target":["https:\/\/www.cbd.fr\/blog\/le-cbd-et-la-securite-sociale-une-prise-en-charge-en-question\/"]}]},{"@type":"ImageObject","inLanguage":"fr-FR","@id":"https:\/\/www.cbd.fr\/blog\/le-cbd-et-la-securite-sociale-une-prise-en-charge-en-question\/#primaryimage","url":"https:\/\/www.cbd.fr\/blog\/wp-content\/uploads\/2024\/01\/le-cbd-et-la-securite-sociale-une-prise-en-charge-en-question.jpg","contentUrl":"https:\/\/www.cbd.fr\/blog\/wp-content\/uploads\/2024\/01\/le-cbd-et-la-securite-sociale-une-prise-en-charge-en-question.jpg","width":1456,"height":832,"caption":"Le CBD et la s\u00e9curit\u00e9 sociale : une prise en charge en question"},{"@type":"BreadcrumbList","@id":"https:\/\/www.cbd.fr\/blog\/le-cbd-et-la-securite-sociale-une-prise-en-charge-en-question\/#breadcrumb","itemListElement":[{"@type":"ListItem","position":1,"name":"CBD Blog","item":"https:\/\/www.cbd.fr\/blog\/"},{"@type":"ListItem","position":2,"name":"FAQ","item":"https:\/\/www.cbd.fr\/blog\/category\/faq\/"},{"@type":"ListItem","position":3,"name":"Le CBD et la s\u00e9curit\u00e9 sociale : une prise en charge en question"}]},{"@type":"WebSite","@id":"https:\/\/www.cbd.fr\/blog\/#website","url":"https:\/\/www.cbd.fr\/blog\/","name":"CBD Blog","description":"Le meilleur blog de CBD et du chanvre en France par CBD.fr","publisher":{"@id":"https:\/\/www.cbd.fr\/blog\/#organization"},"alternateName":"CBD.fr","potentialAction":[{"@type":"SearchAction","target":{"@type":"EntryPoint","urlTemplate":"https:\/\/www.cbd.fr\/blog\/?s={search_term_string}"},"query-input":{"@type":"PropertyValueSpecification","valueRequired":true,"valueName":"search_term_string"}}],"inLanguage":"fr-FR"},{"@type":"Organization","@id":"https:\/\/www.cbd.fr\/blog\/#organization","name":"CBD.fr","alternateName":"CBD.fr","url":"https:\/\/www.cbd.fr\/blog\/","logo":{"@type":"ImageObject","inLanguage":"fr-FR","@id":"https:\/\/www.cbd.fr\/blog\/#\/schema\/logo\/image\/","url":"https:\/\/www.cbd.fr\/blog\/wp-content\/uploads\/2023\/01\/logo-cbd.png","contentUrl":"https:\/\/www.cbd.fr\/blog\/wp-content\/uploads\/2023\/01\/logo-cbd.png","width":215,"height":100,"caption":"CBD.fr"},"image":{"@id":"https:\/\/www.cbd.fr\/blog\/#\/schema\/logo\/image\/"},"sameAs":["https:\/\/www.facebook.com\/cbdfrr\/","https:\/\/www.instagram.com\/cbdfr\/","https:\/\/www.youtube.com\/@CBD_fr","https:\/\/www.linkedin.com\/company\/cbd-fr\/"],"description":"CBD.fr est le leaders fran\u00e7ais du bien-\u00eatre et du CBD, proposant une large gamme de produits \u00e0 base de chanvre rigoureusement s\u00e9lectionn\u00e9s. Expertise, qualit\u00e9 et p\u00e9dagogie sont au c\u0153ur de l\u2019exp\u00e9rience CBD.fr.","email":"support@cbd.fr","telephone":"0189720196","legalName":"CBD.fr","foundingDate":"2021-01-01","taxID":"760933","numberOfEmployees":{"@type":"QuantitativeValue","minValue":"11","maxValue":"50"}},{"@type":"Person","@id":"https:\/\/www.cbd.fr\/blog\/#\/schema\/person\/d78b472d184ec8ae4135d454e3338c04","name":"Julien","image":{"@type":"ImageObject","inLanguage":"fr-FR","@id":"https:\/\/www.cbd.fr\/blog\/#\/schema\/person\/image\/","url":"https:\/\/secure.gravatar.com\/avatar\/58f2f1b1e71c329d0226efe2cc40174640e1757e077dac013c980f3ee43c73a0?s=96&d=mm&r=g","contentUrl":"https:\/\/secure.gravatar.com\/avatar\/58f2f1b1e71c329d0226efe2cc40174640e1757e077dac013c980f3ee43c73a0?s=96&d=mm&r=g","caption":"Julien"},"description":"R\u00e9dacteur en chef sp\u00e9cialis\u00e9 en CBD Julien, n\u00e9 le 17 juillet 1978 en r\u00e9gion Parisienne, est un \u00e9minent r\u00e9dacteur et expert dans le domaine des produits \u00e0 base de CBD. Suite \u00e0 ses \u00e9tudes, Julien a d\u00e9velopp\u00e9 une passion pour les rem\u00e8des naturels, dont le CBD. En 2022, il int\u00e8gre l\u2019\u00e9quipe du site CBD.fr en qualit\u00e9 d\u2019expert et de contributeur r\u00e9gulier. Gr\u00e2ce \u00e0 son expertise scientifique et une \u00e9criture claire, Julien aide \u00e0 d\u00e9mystifier les aspects complexes du CBD, tout en mettant en lumi\u00e8re ses bienfaits et applications potentielles \u00e0 travers ses articles et participations \u00e0 des conf\u00e9rences.","honorificPrefix":"Mr","gender":"male","knowsAbout":["CBD","Cannabis","Copywriter"],"knowsLanguage":["French"],"jobTitle":"Editor-in-chief specializing in CBD","worksFor":"CBD.fr","url":"https:\/\/www.cbd.fr\/blog\/author\/redac-cbd\/"}]}},"_links":{"self":[{"href":"https:\/\/www.cbd.fr\/blog\/wp-json\/wp\/v2\/posts\/11650","targetHints":{"allow":["GET"]}}],"collection":[{"href":"https:\/\/www.cbd.fr\/blog\/wp-json\/wp\/v2\/posts"}],"about":[{"href":"https:\/\/www.cbd.fr\/blog\/wp-json\/wp\/v2\/types\/post"}],"author":[{"embeddable":true,"href":"https:\/\/www.cbd.fr\/blog\/wp-json\/wp\/v2\/users\/90"}],"replies":[{"embeddable":true,"href":"https:\/\/www.cbd.fr\/blog\/wp-json\/wp\/v2\/comments?post=11650"}],"version-history":[{"count":0,"href":"https:\/\/www.cbd.fr\/blog\/wp-json\/wp\/v2\/posts\/11650\/revisions"}],"wp:featuredmedia":[{"embeddable":true,"href":"https:\/\/www.cbd.fr\/blog\/wp-json\/wp\/v2\/media\/11649"}],"wp:attachment":[{"href":"https:\/\/www.cbd.fr\/blog\/wp-json\/wp\/v2\/media?parent=11650"}],"wp:term":[{"taxonomy":"category","embeddable":true,"href":"https:\/\/www.cbd.fr\/blog\/wp-json\/wp\/v2\/categories?post=11650"},{"taxonomy":"post_tag","embeddable":true,"href":"https:\/\/www.cbd.fr\/blog\/wp-json\/wp\/v2\/tags?post=11650"}],"curies":[{"name":"wp","href":"https:\/\/api.w.org\/{rel}","templated":true}]}}