{"id":11676,"date":"2024-02-05T07:00:00","date_gmt":"2024-02-05T06:00:00","guid":{"rendered":"https:\/\/www.cbd.fr\/blog\/?p=11676"},"modified":"2024-02-05T07:00:00","modified_gmt":"2024-02-05T06:00:00","slug":"la-prise-de-cbd-peut-elle-provoquer-de-la-fatigue","status":"publish","type":"post","link":"https:\/\/www.cbd.fr\/blog\/la-prise-de-cbd-peut-elle-provoquer-de-la-fatigue\/","title":{"rendered":"La prise de CBD peut-elle provoquer de la fatigue ?"},"content":{"rendered":"<p>Le cannabidiol, ou CBD, est une mol\u00e9cule extraite du cannabis qui conna\u00eet un succ\u00e8s grandissant en raison de ses nombreuses propri\u00e9t\u00e9s th\u00e9rapeutiques. Parmi les questions fr\u00e9quemment pos\u00e9es par les consommateurs potentiels figure celle de savoir si la prise de CBD peut entra\u00eener de la fatigue. Dans cet article, nous vous proposons d&#8217;explorer cette question afin de mieux comprendre les effets du CBD sur notre organisme.<\/p>\n<div id=\"ez-toc-container\" class=\"ez-toc-v2_0_80 counter-hierarchy ez-toc-counter ez-toc-grey ez-toc-container-direction\">\n<div class=\"ez-toc-title-container\">\n<p class=\"ez-toc-title\" style=\"cursor:inherit\">Sommaire<\/p>\n<span class=\"ez-toc-title-toggle\"><a href=\"#\" class=\"ez-toc-pull-right ez-toc-btn ez-toc-btn-xs ez-toc-btn-default ez-toc-toggle\" aria-label=\"Toggle Table of Content\"><span class=\"ez-toc-js-icon-con\"><span class=\"\"><span class=\"eztoc-hide\" style=\"display:none;\">Toggle<\/span><span class=\"ez-toc-icon-toggle-span\"><svg style=\"fill: #43b981;color:#43b981\" xmlns=\"http:\/\/www.w3.org\/2000\/svg\" class=\"list-377408\" width=\"20px\" height=\"20px\" viewBox=\"0 0 24 24\" fill=\"none\"><path d=\"M6 6H4v2h2V6zm14 0H8v2h12V6zM4 11h2v2H4v-2zm16 0H8v2h12v-2zM4 16h2v2H4v-2zm16 0H8v2h12v-2z\" fill=\"currentColor\"><\/path><\/svg><svg style=\"fill: #43b981;color:#43b981\" class=\"arrow-unsorted-368013\" xmlns=\"http:\/\/www.w3.org\/2000\/svg\" width=\"10px\" height=\"10px\" viewBox=\"0 0 24 24\" version=\"1.2\" baseProfile=\"tiny\"><path d=\"M18.2 9.3l-6.2-6.3-6.2 6.3c-.2.2-.3.4-.3.7s.1.5.3.7c.2.2.4.3.7.3h11c.3 0 .5-.1.7-.3.2-.2.3-.5.3-.7s-.1-.5-.3-.7zM5.8 14.7l6.2 6.3 6.2-6.3c.2-.2.3-.5.3-.7s-.1-.5-.3-.7c-.2-.2-.4-.3-.7-.3h-11c-.3 0-.5.1-.7.3-.2.2-.3.5-.3.7s.1.5.3.7z\"\/><\/svg><\/span><\/span><\/span><\/a><\/span><\/div>\n<nav><ul class='ez-toc-list ez-toc-list-level-1 ' ><li class='ez-toc-page-1 ez-toc-heading-level-2'><a class=\"ez-toc-link ez-toc-heading-1\" href=\"https:\/\/www.cbd.fr\/blog\/la-prise-de-cbd-peut-elle-provoquer-de-la-fatigue\/#Le_CBD_et_le_systeme_endocannabinoide\" >Le CBD et le syst\u00e8me endocannabino\u00efde<\/a><\/li><li class='ez-toc-page-1 ez-toc-heading-level-2'><a class=\"ez-toc-link ez-toc-heading-2\" href=\"https:\/\/www.cbd.fr\/blog\/la-prise-de-cbd-peut-elle-provoquer-de-la-fatigue\/#Les_effets_du_CBD_sur_le_sommeil_et_la_fatigue\" >Les effets du CBD sur le sommeil et la fatigue<\/a><ul class='ez-toc-list-level-3' ><li class='ez-toc-heading-level-3'><a class=\"ez-toc-link ez-toc-heading-3\" href=\"https:\/\/www.cbd.fr\/blog\/la-prise-de-cbd-peut-elle-provoquer-de-la-fatigue\/#La_prise_de_CBD_peut-elle_entrainer_une_sensation_de_fatigue\" >La prise de CBD peut-elle entra\u00eener une sensation de fatigue ?<\/a><\/li><\/ul><\/li><li class='ez-toc-page-1 ez-toc-heading-level-2'><a class=\"ez-toc-link ez-toc-heading-4\" href=\"https:\/\/www.cbd.fr\/blog\/la-prise-de-cbd-peut-elle-provoquer-de-la-fatigue\/#Les_facteurs_pouvant_influencer_la_reponse_a_la_prise_de_CBD\" >Les facteurs pouvant influencer la r\u00e9ponse \u00e0 la prise de CBD<\/a><\/li><li class='ez-toc-page-1 ez-toc-heading-level-2'><a class=\"ez-toc-link ez-toc-heading-5\" href=\"https:\/\/www.cbd.fr\/blog\/la-prise-de-cbd-peut-elle-provoquer-de-la-fatigue\/#Que_faire_en_cas_de_fatigue_liee_a_la_prise_de_CBD\" >Que faire en cas de fatigue li\u00e9e \u00e0 la prise de CBD ?<\/a><\/li><\/ul><\/nav><\/div>\n<h2><span class=\"ez-toc-section\" id=\"Le_CBD_et_le_systeme_endocannabinoide\"><\/span>Le CBD et le syst\u00e8me endocannabino\u00efde<span class=\"ez-toc-section-end\"><\/span><\/h2>\n<p>Pour aborder la question de la fatigue li\u00e9e au CBD, il faut tout d&#8217;abord s&#8217;int\u00e9resser au fonctionnement de cette mol\u00e9cule dans notre corps. Le CBD agit en effet principalement sur le syst\u00e8me endocannabino\u00efde, un ensemble de r\u00e9cepteurs pr\u00e9sents dans notre organisme et impliqu\u00e9s dans la r\u00e9gulation de divers processus physiologiques tels que l&#8217;humeur, la douleur, l&#8217;inflammation ou encore le <a href=\"https:\/\/www.cbd.fr\/s\/30\/cbd-dormir-sommeil\" data-internallinksmanager029f6b8e52c=\"22\" title=\"Sommeil Dormir\">sommeil<\/a>.<\/p>\n<p>Ainsi, contrairement au THC (<a href=\"https:\/\/www.cbd.fr\/198thccbd\" data-internallinksmanager029f6b8e52c=\"17\" title=\"thc - t\u00e9trahydrocannabinol\">t\u00e9trahydrocannabinol<\/a>), autre cannabino\u00efde pr\u00e9sent dans le cannabis et responsable des effets psychotropes de cette plante, <strong>le CBD n&#8217;a pas d&#8217;effet psychoactif et ne provoque donc pas de sensation d&#8217;euphorie ou de \u00ab high \u00bb<\/strong>. Il est \u00e9galement important de souligner que la l\u00e9gislation fran\u00e7aise encadre strictement la production et la commercialisation de produits \u00e0 base de CBD, en imposant une concentration maximale de 0,2% de THC.<\/p>\n<h2><span class=\"ez-toc-section\" id=\"Les_effets_du_CBD_sur_le_sommeil_et_la_fatigue\"><\/span>Les effets du CBD sur le sommeil et la fatigue<span class=\"ez-toc-section-end\"><\/span><\/h2>\n<p>Maintenant que nous avons clarifi\u00e9 les aspects l\u00e9gaux et fonctionnels du CBD, penchons-nous sur son \u00e9ventuelle influence sur la fatigue et le sommeil. Plusieurs \u00e9tudes scientifiques ont en effet sugg\u00e9r\u00e9 que le CBD pourrait agir de mani\u00e8re b\u00e9n\u00e9fique sur ces deux param\u00e8tres :<\/p>\n<ul>\n<li><strong>Am\u00e9lioration de la qualit\u00e9 du sommeil&nbsp;:<\/strong> certaines recherches tendent \u00e0 montrer que le CBD pourrait aider \u00e0 r\u00e9guler les cycles veille-sommeil, en favorisant l&#8217;endormissement et en r\u00e9duisant les r\u00e9veils nocturnes, pour un repos plus profond et r\u00e9cup\u00e9rateur.<\/li>\n<li><strong>R\u00e9duction de l&#8217;anxi\u00e9t\u00e9 et du stress&nbsp;:<\/strong> d&#8217;autres travaux mettent en avant les propri\u00e9t\u00e9s anxiolytiques du CBD, qui pourrait ainsi contribuer \u00e0 diminuer les facteurs susceptibles de perturber le sommeil ou de provoquer de la fatigue.<\/li>\n<\/ul>\n<h3><span class=\"ez-toc-section\" id=\"La_prise_de_CBD_peut-elle_entrainer_une_sensation_de_fatigue\"><\/span>La prise de CBD peut-elle entra\u00eener une sensation de fatigue ?<span class=\"ez-toc-section-end\"><\/span><\/h3>\n<p>\u00c0 la lumi\u00e8re des \u00e9l\u00e9ments mentionn\u00e9s pr\u00e9c\u00e9demment, il appara\u00eet donc que le <strong>CBD est plut\u00f4t susceptible d&#8217;am\u00e9liorer la qualit\u00e9 du sommeil et de contribuer \u00e0 la relaxation de l&#8217;organisme<\/strong>. Cependant, cet effet pourrait-il \u00eatre si marqu\u00e9 qu&#8217;il irait jusqu&#8217;\u00e0 induire une sensation de fatigue chez certains consommateurs ? \u00c0 ce jour, aucune preuve scientifique ne permet d&#8217;affirmer cela avec certitude.<\/p>\n<p>Cependant, il convient de noter que le CBD est une mol\u00e9cule aux effets complexes et variables selon les individus. En effet, <strong>la fa\u00e7on dont notre syst\u00e8me endocannabino\u00efde r\u00e9agit au CBD peut \u00eatre influenc\u00e9e par de nombreux facteurs tels que l&#8217;\u00e2ge, le sexe, la g\u00e9n\u00e9tique ou encore notre \u00e9tat de sant\u00e9 g\u00e9n\u00e9ral<\/strong>. De ce fait, il n&#8217;est pas exclu que certaines personnes soient plus sensibles que d&#8217;autres aux effets relaxants du CBD et ressentent alors une certaine fatigue.<\/p>\n<h2><span class=\"ez-toc-section\" id=\"Les_facteurs_pouvant_influencer_la_reponse_a_la_prise_de_CBD\"><\/span>Les facteurs pouvant influencer la r\u00e9ponse \u00e0 la prise de CBD<span class=\"ez-toc-section-end\"><\/span><\/h2>\n<p>Afin de mieux comprendre pourquoi certaines personnes pourraient se sentir fatigu\u00e9es apr\u00e8s avoir consomm\u00e9 du CBD, il est important d&#8217;examiner les diff\u00e9rents facteurs pouvant expliquer cette r\u00e9action :<\/p>\n<ul>\n<li><strong>La posologie&nbsp;:<\/strong> comme c&#8217;est souvent le cas avec les compl\u00e9ments alimentaires et les m\u00e9dicaments, la fa\u00e7on dont notre corps r\u00e9agit au CBD d\u00e9pend en grande partie de la dose administr\u00e9e. Des doses \u00e9lev\u00e9es de cette mol\u00e9cule pourraient potentiellement provoquer une sensation de fatigue chez certaines personnes, surtout celles qui sont plus sensibles \u00e0 ses effets.<\/li>\n<li><strong>La qualit\u00e9 du produit&nbsp;:<\/strong> il existe sur le march\u00e9 des produits \u00e0 base de CBD de diff\u00e9rentes qualit\u00e9s, certains \u00e9tant issus de m\u00e9thodes d&#8217;extraction peu scrupuleuses ou de plantes cultiv\u00e9es dans des conditions non optimales. Ces impuret\u00e9s pourraient \u00e9galement entra\u00eener des effets secondaires ind\u00e9sirables, tels que la fatigue.<\/li>\n<li><strong>L&#8217;interaction avec d&#8217;autres substances&nbsp;:<\/strong> il est \u00e9galement possible que la prise de CBD puisse interagir avec d&#8217;autres m\u00e9dicaments ou compl\u00e9ments alimentaires que vous consommez, modifiant ainsi ses effets sur votre organisme et potentiellement provoquant une sensation de fatigue. N&#8217;h\u00e9sitez pas \u00e0 consulter votre m\u00e9decin pour discuter de possibles interactions m\u00e9dicamenteuses.<\/li>\n<\/ul>\n<h2><span class=\"ez-toc-section\" id=\"Que_faire_en_cas_de_fatigue_liee_a_la_prise_de_CBD\"><\/span>Que faire en cas de fatigue li\u00e9e \u00e0 la prise de CBD ?<span class=\"ez-toc-section-end\"><\/span><\/h2>\n<p>S&#8217;il n&#8217;est pas encore possible d&#8217;affirmer de mani\u00e8re cat\u00e9gorique si la prise de CBD peut entra\u00eener de la fatigue, certaines pr\u00e9cautions peuvent \u00eatre prises pour limiter ce d\u00e9sagr\u00e9ment :<\/p>\n<ol>\n<li><strong>Commencez par une faible dose&nbsp;:<\/strong> si vous souhaitez essayer des produits \u00e0 base de CBD, il est conseill\u00e9 de commencer par de petites doses, puis d&#8217;ajuster progressivement en fonction des effets ressentis.<\/li>\n<li><strong>Choisissez un produit de qualit\u00e9&nbsp;:<\/strong> privil\u00e9giez les marques reconnues et fiables qui proposent des produits issus de l&#8217;agriculture biologique et test\u00e9s en laboratoire.<\/li>\n<li><strong>Parlez-en \u00e0 votre m\u00e9decin&nbsp;:<\/strong> bien que le CBD soit g\u00e9n\u00e9ralement consid\u00e9r\u00e9 comme s\u00fbr et bien tol\u00e9r\u00e9, il est toujours important d&#8217;informer votre m\u00e9decin de vos intentions afin qu&#8217;il puisse vous orienter vers la meilleure option et vous aider \u00e0 d\u00e9terminer la dose appropri\u00e9e pour vous, en fonction de votre \u00e9tat de sant\u00e9 g\u00e9n\u00e9ral et de vos ant\u00e9c\u00e9dents m\u00e9dicaux.<\/li>\n<\/ol>\n<p>En r\u00e9sum\u00e9, bien que les \u00e9tudes scientifiques sur le sujet ne permettent pas encore de trancher d\u00e9finitivement, <strong>il semble peu probable que la prise de CBD entra\u00eene syst\u00e9matiquement de la fatigue chez les consommateurs<\/strong>. Cependant, il est essentiel d&#8217;adopter une d\u00e9marche prudente et raisonn\u00e9e afin de mettre toutes les chances de votre c\u00f4t\u00e9 pour profiter pleinement des nombreux bienfaits du CBD.<\/p>\n\n\n<div class=\"kk-star-ratings kksr-auto kksr-align-left kksr-valign-bottom\"\n    data-payload='{&quot;align&quot;:&quot;left&quot;,&quot;id&quot;:&quot;11676&quot;,&quot;slug&quot;:&quot;default&quot;,&quot;valign&quot;:&quot;bottom&quot;,&quot;ignore&quot;:&quot;&quot;,&quot;reference&quot;:&quot;auto&quot;,&quot;class&quot;:&quot;&quot;,&quot;count&quot;:&quot;3405&quot;,&quot;legendonly&quot;:&quot;&quot;,&quot;readonly&quot;:&quot;&quot;,&quot;score&quot;:&quot;4.5&quot;,&quot;starsonly&quot;:&quot;&quot;,&quot;best&quot;:&quot;5&quot;,&quot;gap&quot;:&quot;5&quot;,&quot;greet&quot;:&quot;Notez cet article&quot;,&quot;legend&quot;:&quot;4.5\\\/5 - (3405 votes)&quot;,&quot;size&quot;:&quot;24&quot;,&quot;title&quot;:&quot;La prise de CBD peut-elle provoquer de la fatigue ?&quot;,&quot;width&quot;:&quot;128&quot;,&quot;_legend&quot;:&quot;{score}\\\/{best} - ({count} {votes})&quot;,&quot;font_factor&quot;:&quot;1.25&quot;}'>\n            \n<div class=\"kksr-stars\">\n    \n<div class=\"kksr-stars-inactive\">\n            <div class=\"kksr-star\" data-star=\"1\" style=\"padding-right: 5px\">\n            \n\n<div class=\"kksr-icon\" style=\"width: 24px; height: 24px;\"><\/div>\n        <\/div>\n            <div class=\"kksr-star\" data-star=\"2\" style=\"padding-right: 5px\">\n            \n\n<div class=\"kksr-icon\" style=\"width: 24px; height: 24px;\"><\/div>\n        <\/div>\n            <div class=\"kksr-star\" data-star=\"3\" style=\"padding-right: 5px\">\n            \n\n<div class=\"kksr-icon\" style=\"width: 24px; height: 24px;\"><\/div>\n        <\/div>\n            <div class=\"kksr-star\" data-star=\"4\" style=\"padding-right: 5px\">\n            \n\n<div class=\"kksr-icon\" style=\"width: 24px; height: 24px;\"><\/div>\n        <\/div>\n            <div class=\"kksr-star\" data-star=\"5\" style=\"padding-right: 5px\">\n            \n\n<div class=\"kksr-icon\" style=\"width: 24px; height: 24px;\"><\/div>\n        <\/div>\n    <\/div>\n    \n<div class=\"kksr-stars-active\" style=\"width: 128px;\">\n            <div class=\"kksr-star\" style=\"padding-right: 5px\">\n            \n\n<div class=\"kksr-icon\" style=\"width: 24px; height: 24px;\"><\/div>\n        <\/div>\n            <div class=\"kksr-star\" style=\"padding-right: 5px\">\n            \n\n<div class=\"kksr-icon\" style=\"width: 24px; height: 24px;\"><\/div>\n        <\/div>\n            <div class=\"kksr-star\" style=\"padding-right: 5px\">\n            \n\n<div class=\"kksr-icon\" style=\"width: 24px; height: 24px;\"><\/div>\n        <\/div>\n            <div class=\"kksr-star\" style=\"padding-right: 5px\">\n            \n\n<div class=\"kksr-icon\" style=\"width: 24px; height: 24px;\"><\/div>\n        <\/div>\n            <div class=\"kksr-star\" style=\"padding-right: 5px\">\n            \n\n<div class=\"kksr-icon\" style=\"width: 24px; height: 24px;\"><\/div>\n        <\/div>\n    <\/div>\n<\/div>\n                \n\n<div class=\"kksr-legend\" style=\"font-size: 19.2px;\">\n            4.5\/5 - (3405 votes)    <\/div>\n    <\/div>\n","protected":false},"excerpt":{"rendered":"<p>Le cannabidiol, ou CBD, est une mol\u00e9cule extraite du cannabis qui conna\u00eet un succ\u00e8s grandissant en raison de ses nombreuses propri\u00e9t\u00e9s th\u00e9rapeutiques. Parmi les questions fr\u00e9quemment pos\u00e9es par les consommateurs potentiels figure celle de savoir si la prise de CBD peut entra\u00eener de la fatigue. Dans cet article, nous vous proposons d&#8217;explorer cette question afin [&hellip;]<\/p>\n","protected":false},"author":90,"featured_media":11675,"comment_status":"","ping_status":"open","sticky":false,"template":"","format":"standard","meta":{"_sitemap_exclude":false,"_sitemap_priority":"","_sitemap_frequency":"","footnotes":""},"categories":[388],"tags":[],"class_list":["post-11676","post","type-post","status-publish","format-standard","has-post-thumbnail","hentry","category-faq"],"yoast_head":"<!-- This site is optimized with the Yoast SEO Premium plugin v26.9 (Yoast SEO v26.9) - https:\/\/yoast.com\/product\/yoast-seo-premium-wordpress\/ -->\n<title>La prise de CBD peut-elle provoquer de la fatigue ? - CBD Blog<\/title>\n<meta name=\"robots\" content=\"index, follow, max-snippet:-1, max-image-preview:large, max-video-preview:-1\" \/>\n<link rel=\"canonical\" href=\"https:\/\/www.cbd.fr\/blog\/la-prise-de-cbd-peut-elle-provoquer-de-la-fatigue\/\" \/>\n<meta property=\"og:locale\" content=\"fr_FR\" \/>\n<meta property=\"og:type\" content=\"article\" \/>\n<meta property=\"og:title\" content=\"\ud83c\udf31La prise de CBD peut-elle provoquer de la fatigue ? - CBD.fr \ud83c\udf31\" \/>\n<meta property=\"og:description\" content=\"Le cannabidiol, ou CBD, est une mol\u00e9cule extraite du cannabis qui conna\u00eet un succ\u00e8s grandissant en raison de ses nombreuses propri\u00e9t\u00e9s th\u00e9rapeutiques. Parmi les questions fr\u00e9quemment pos\u00e9es par les consommateurs potentiels figure celle de savoir si la prise de CBD peut entra\u00eener de la fatigue. Dans cet article, nous vous proposons d&#8217;explorer cette question afin [&hellip;]\" \/>\n<meta property=\"og:url\" content=\"https:\/\/www.cbd.fr\/blog\/la-prise-de-cbd-peut-elle-provoquer-de-la-fatigue\/\" \/>\n<meta property=\"og:site_name\" content=\"CBD Blog\" \/>\n<meta property=\"article:publisher\" content=\"https:\/\/www.facebook.com\/cbdfrr\/\" \/>\n<meta property=\"article:published_time\" content=\"2024-02-05T06:00:00+00:00\" \/>\n<meta property=\"og:image\" content=\"https:\/\/www.cbd.fr\/blog\/wp-content\/uploads\/2024\/01\/la-prise-de-cbd-peut-elle-provoquer-de-la-fatigue.jpg\" \/>\n\t<meta property=\"og:image:width\" content=\"1456\" \/>\n\t<meta property=\"og:image:height\" content=\"832\" \/>\n\t<meta property=\"og:image:type\" content=\"image\/jpeg\" \/>\n<meta name=\"author\" content=\"Julien\" \/>\n<meta name=\"twitter:card\" content=\"summary_large_image\" \/>\n<meta name=\"twitter:label1\" content=\"\u00c9crit par\" \/>\n\t<meta name=\"twitter:data1\" content=\"Julien\" \/>\n\t<meta name=\"twitter:label2\" content=\"Dur\u00e9e de lecture estim\u00e9e\" \/>\n\t<meta name=\"twitter:data2\" content=\"5 minutes\" \/>\n<!-- \/ Yoast SEO Premium plugin. -->","yoast_head_json":{"title":"La prise de CBD peut-elle provoquer de la fatigue ? - CBD Blog","robots":{"index":"index","follow":"follow","max-snippet":"max-snippet:-1","max-image-preview":"max-image-preview:large","max-video-preview":"max-video-preview:-1"},"canonical":"https:\/\/www.cbd.fr\/blog\/la-prise-de-cbd-peut-elle-provoquer-de-la-fatigue\/","og_locale":"fr_FR","og_type":"article","og_title":"\ud83c\udf31La prise de CBD peut-elle provoquer de la fatigue ? - CBD.fr \ud83c\udf31","og_description":"Le cannabidiol, ou CBD, est une mol\u00e9cule extraite du cannabis qui conna\u00eet un succ\u00e8s grandissant en raison de ses nombreuses propri\u00e9t\u00e9s th\u00e9rapeutiques. Parmi les questions fr\u00e9quemment pos\u00e9es par les consommateurs potentiels figure celle de savoir si la prise de CBD peut entra\u00eener de la fatigue. Dans cet article, nous vous proposons d&#8217;explorer cette question afin [&hellip;]","og_url":"https:\/\/www.cbd.fr\/blog\/la-prise-de-cbd-peut-elle-provoquer-de-la-fatigue\/","og_site_name":"CBD Blog","article_publisher":"https:\/\/www.facebook.com\/cbdfrr\/","article_published_time":"2024-02-05T06:00:00+00:00","og_image":[{"width":1456,"height":832,"url":"https:\/\/www.cbd.fr\/blog\/wp-content\/uploads\/2024\/01\/la-prise-de-cbd-peut-elle-provoquer-de-la-fatigue.jpg","type":"image\/jpeg"}],"author":"Julien","twitter_card":"summary_large_image","twitter_misc":{"\u00c9crit par":"Julien","Dur\u00e9e de lecture estim\u00e9e":"5 minutes"},"schema":{"@context":"https:\/\/schema.org","@graph":[{"@type":"Article","@id":"https:\/\/www.cbd.fr\/blog\/la-prise-de-cbd-peut-elle-provoquer-de-la-fatigue\/#article","isPartOf":{"@id":"https:\/\/www.cbd.fr\/blog\/la-prise-de-cbd-peut-elle-provoquer-de-la-fatigue\/"},"author":{"name":"Julien","@id":"https:\/\/www.cbd.fr\/blog\/#\/schema\/person\/d78b472d184ec8ae4135d454e3338c04"},"headline":"La prise de CBD peut-elle provoquer de la fatigue ?","datePublished":"2024-02-05T06:00:00+00:00","mainEntityOfPage":{"@id":"https:\/\/www.cbd.fr\/blog\/la-prise-de-cbd-peut-elle-provoquer-de-la-fatigue\/"},"wordCount":991,"publisher":{"@id":"https:\/\/www.cbd.fr\/blog\/#organization"},"image":{"@id":"https:\/\/www.cbd.fr\/blog\/la-prise-de-cbd-peut-elle-provoquer-de-la-fatigue\/#primaryimage"},"thumbnailUrl":"https:\/\/www.cbd.fr\/blog\/wp-content\/uploads\/2024\/01\/la-prise-de-cbd-peut-elle-provoquer-de-la-fatigue.jpg","articleSection":["FAQ"],"inLanguage":"fr-FR"},{"@type":"WebPage","@id":"https:\/\/www.cbd.fr\/blog\/la-prise-de-cbd-peut-elle-provoquer-de-la-fatigue\/","url":"https:\/\/www.cbd.fr\/blog\/la-prise-de-cbd-peut-elle-provoquer-de-la-fatigue\/","name":"La prise de CBD peut-elle provoquer de la fatigue ? - CBD Blog","isPartOf":{"@id":"https:\/\/www.cbd.fr\/blog\/#website"},"primaryImageOfPage":{"@id":"https:\/\/www.cbd.fr\/blog\/la-prise-de-cbd-peut-elle-provoquer-de-la-fatigue\/#primaryimage"},"image":{"@id":"https:\/\/www.cbd.fr\/blog\/la-prise-de-cbd-peut-elle-provoquer-de-la-fatigue\/#primaryimage"},"thumbnailUrl":"https:\/\/www.cbd.fr\/blog\/wp-content\/uploads\/2024\/01\/la-prise-de-cbd-peut-elle-provoquer-de-la-fatigue.jpg","datePublished":"2024-02-05T06:00:00+00:00","breadcrumb":{"@id":"https:\/\/www.cbd.fr\/blog\/la-prise-de-cbd-peut-elle-provoquer-de-la-fatigue\/#breadcrumb"},"inLanguage":"fr-FR","potentialAction":[{"@type":"ReadAction","target":["https:\/\/www.cbd.fr\/blog\/la-prise-de-cbd-peut-elle-provoquer-de-la-fatigue\/"]}]},{"@type":"ImageObject","inLanguage":"fr-FR","@id":"https:\/\/www.cbd.fr\/blog\/la-prise-de-cbd-peut-elle-provoquer-de-la-fatigue\/#primaryimage","url":"https:\/\/www.cbd.fr\/blog\/wp-content\/uploads\/2024\/01\/la-prise-de-cbd-peut-elle-provoquer-de-la-fatigue.jpg","contentUrl":"https:\/\/www.cbd.fr\/blog\/wp-content\/uploads\/2024\/01\/la-prise-de-cbd-peut-elle-provoquer-de-la-fatigue.jpg","width":1456,"height":832,"caption":"La prise de CBD peut-elle provoquer de la fatigue ?"},{"@type":"BreadcrumbList","@id":"https:\/\/www.cbd.fr\/blog\/la-prise-de-cbd-peut-elle-provoquer-de-la-fatigue\/#breadcrumb","itemListElement":[{"@type":"ListItem","position":1,"name":"CBD Blog","item":"https:\/\/www.cbd.fr\/blog\/"},{"@type":"ListItem","position":2,"name":"FAQ","item":"https:\/\/www.cbd.fr\/blog\/category\/faq\/"},{"@type":"ListItem","position":3,"name":"La prise de CBD peut-elle provoquer de la fatigue ?"}]},{"@type":"WebSite","@id":"https:\/\/www.cbd.fr\/blog\/#website","url":"https:\/\/www.cbd.fr\/blog\/","name":"CBD Blog","description":"Le meilleur blog de CBD et du chanvre en France par CBD.fr","publisher":{"@id":"https:\/\/www.cbd.fr\/blog\/#organization"},"alternateName":"CBD.fr","potentialAction":[{"@type":"SearchAction","target":{"@type":"EntryPoint","urlTemplate":"https:\/\/www.cbd.fr\/blog\/?s={search_term_string}"},"query-input":{"@type":"PropertyValueSpecification","valueRequired":true,"valueName":"search_term_string"}}],"inLanguage":"fr-FR"},{"@type":"Organization","@id":"https:\/\/www.cbd.fr\/blog\/#organization","name":"CBD.fr","alternateName":"CBD.fr","url":"https:\/\/www.cbd.fr\/blog\/","logo":{"@type":"ImageObject","inLanguage":"fr-FR","@id":"https:\/\/www.cbd.fr\/blog\/#\/schema\/logo\/image\/","url":"https:\/\/www.cbd.fr\/blog\/wp-content\/uploads\/2023\/01\/logo-cbd.png","contentUrl":"https:\/\/www.cbd.fr\/blog\/wp-content\/uploads\/2023\/01\/logo-cbd.png","width":215,"height":100,"caption":"CBD.fr"},"image":{"@id":"https:\/\/www.cbd.fr\/blog\/#\/schema\/logo\/image\/"},"sameAs":["https:\/\/www.facebook.com\/cbdfrr\/","https:\/\/www.instagram.com\/cbdfr\/","https:\/\/www.youtube.com\/@CBD_fr","https:\/\/www.linkedin.com\/company\/cbd-fr\/"],"description":"CBD.fr est le leaders fran\u00e7ais du bien-\u00eatre et du CBD, proposant une large gamme de produits \u00e0 base de chanvre rigoureusement s\u00e9lectionn\u00e9s. Expertise, qualit\u00e9 et p\u00e9dagogie sont au c\u0153ur de l\u2019exp\u00e9rience CBD.fr.","email":"support@cbd.fr","telephone":"0189720196","legalName":"CBD.fr","foundingDate":"2021-01-01","taxID":"760933","numberOfEmployees":{"@type":"QuantitativeValue","minValue":"11","maxValue":"50"}},{"@type":"Person","@id":"https:\/\/www.cbd.fr\/blog\/#\/schema\/person\/d78b472d184ec8ae4135d454e3338c04","name":"Julien","image":{"@type":"ImageObject","inLanguage":"fr-FR","@id":"https:\/\/www.cbd.fr\/blog\/#\/schema\/person\/image\/","url":"https:\/\/secure.gravatar.com\/avatar\/58f2f1b1e71c329d0226efe2cc40174640e1757e077dac013c980f3ee43c73a0?s=96&d=mm&r=g","contentUrl":"https:\/\/secure.gravatar.com\/avatar\/58f2f1b1e71c329d0226efe2cc40174640e1757e077dac013c980f3ee43c73a0?s=96&d=mm&r=g","caption":"Julien"},"description":"R\u00e9dacteur en chef sp\u00e9cialis\u00e9 en CBD Julien, n\u00e9 le 17 juillet 1978 en r\u00e9gion Parisienne, est un \u00e9minent r\u00e9dacteur et expert dans le domaine des produits \u00e0 base de CBD. Suite \u00e0 ses \u00e9tudes, Julien a d\u00e9velopp\u00e9 une passion pour les rem\u00e8des naturels, dont le CBD. En 2022, il int\u00e8gre l\u2019\u00e9quipe du site CBD.fr en qualit\u00e9 d\u2019expert et de contributeur r\u00e9gulier. Gr\u00e2ce \u00e0 son expertise scientifique et une \u00e9criture claire, Julien aide \u00e0 d\u00e9mystifier les aspects complexes du CBD, tout en mettant en lumi\u00e8re ses bienfaits et applications potentielles \u00e0 travers ses articles et participations \u00e0 des conf\u00e9rences.","honorificPrefix":"Mr","gender":"male","knowsAbout":["CBD","Cannabis","Copywriter"],"knowsLanguage":["French"],"jobTitle":"Editor-in-chief specializing in CBD","worksFor":"CBD.fr","url":"https:\/\/www.cbd.fr\/blog\/author\/redac-cbd\/"}]}},"_links":{"self":[{"href":"https:\/\/www.cbd.fr\/blog\/wp-json\/wp\/v2\/posts\/11676","targetHints":{"allow":["GET"]}}],"collection":[{"href":"https:\/\/www.cbd.fr\/blog\/wp-json\/wp\/v2\/posts"}],"about":[{"href":"https:\/\/www.cbd.fr\/blog\/wp-json\/wp\/v2\/types\/post"}],"author":[{"embeddable":true,"href":"https:\/\/www.cbd.fr\/blog\/wp-json\/wp\/v2\/users\/90"}],"replies":[{"embeddable":true,"href":"https:\/\/www.cbd.fr\/blog\/wp-json\/wp\/v2\/comments?post=11676"}],"version-history":[{"count":0,"href":"https:\/\/www.cbd.fr\/blog\/wp-json\/wp\/v2\/posts\/11676\/revisions"}],"wp:featuredmedia":[{"embeddable":true,"href":"https:\/\/www.cbd.fr\/blog\/wp-json\/wp\/v2\/media\/11675"}],"wp:attachment":[{"href":"https:\/\/www.cbd.fr\/blog\/wp-json\/wp\/v2\/media?parent=11676"}],"wp:term":[{"taxonomy":"category","embeddable":true,"href":"https:\/\/www.cbd.fr\/blog\/wp-json\/wp\/v2\/categories?post=11676"},{"taxonomy":"post_tag","embeddable":true,"href":"https:\/\/www.cbd.fr\/blog\/wp-json\/wp\/v2\/tags?post=11676"}],"curies":[{"name":"wp","href":"https:\/\/api.w.org\/{rel}","templated":true}]}}