{"id":12531,"date":"2024-06-02T10:00:00","date_gmt":"2024-06-02T08:00:00","guid":{"rendered":"https:\/\/www.cbd.fr\/blog\/?p=12531"},"modified":"2024-06-02T10:00:00","modified_gmt":"2024-06-02T08:00:00","slug":"levolution-de-la-legislation-du-cbd-au-bresil-entre-progres-et-defis","status":"publish","type":"post","link":"https:\/\/www.cbd.fr\/blog\/levolution-de-la-legislation-du-cbd-au-bresil-entre-progres-et-defis\/","title":{"rendered":"L&#8217;\u00e9volution de la l\u00e9gislation du CBD au Br\u00e9sil : entre progr\u00e8s et d\u00e9fis"},"content":{"rendered":"<p>Le Br\u00e9sil, un pays o\u00f9 les politiques relatives \u00e0 la <strong>cannabis<\/strong> ont longtemps \u00e9t\u00e9 strictes, conna\u00eet depuis quelques ann\u00e9es un changement notable concernant la r\u00e9glementation du <strong>CBD<\/strong> (cannabidiol). Ce compos\u00e9 non psychoactif extrait du cannabis commence \u00e0 \u00eatre per\u00e7u diff\u00e9remment tant par le public que par les autorit\u00e9s sanitaires. Sous l&#8217;\u00e9gide de l&#8217;<strong>Ag\u00eancia Nacional de Vigil\u00e2ncia Sanit\u00e1ria<\/strong> (<strong>Anvisa<\/strong>), des avanc\u00e9es l\u00e9gislatives permettent d\u00e9sormais une meilleure accessibilit\u00e9 et compr\u00e9hension des potentiels th\u00e9rapeutiques du CBD.<\/p>\n<div id=\"ez-toc-container\" class=\"ez-toc-v2_0_80 counter-hierarchy ez-toc-counter ez-toc-grey ez-toc-container-direction\">\n<div class=\"ez-toc-title-container\">\n<p class=\"ez-toc-title\" style=\"cursor:inherit\">Sommaire<\/p>\n<span class=\"ez-toc-title-toggle\"><a href=\"#\" class=\"ez-toc-pull-right ez-toc-btn ez-toc-btn-xs ez-toc-btn-default ez-toc-toggle\" aria-label=\"Toggle Table of Content\"><span class=\"ez-toc-js-icon-con\"><span class=\"\"><span class=\"eztoc-hide\" style=\"display:none;\">Toggle<\/span><span class=\"ez-toc-icon-toggle-span\"><svg style=\"fill: #43b981;color:#43b981\" xmlns=\"http:\/\/www.w3.org\/2000\/svg\" class=\"list-377408\" width=\"20px\" height=\"20px\" viewBox=\"0 0 24 24\" fill=\"none\"><path d=\"M6 6H4v2h2V6zm14 0H8v2h12V6zM4 11h2v2H4v-2zm16 0H8v2h12v-2zM4 16h2v2H4v-2zm16 0H8v2h12v-2z\" fill=\"currentColor\"><\/path><\/svg><svg style=\"fill: #43b981;color:#43b981\" class=\"arrow-unsorted-368013\" xmlns=\"http:\/\/www.w3.org\/2000\/svg\" width=\"10px\" height=\"10px\" viewBox=\"0 0 24 24\" version=\"1.2\" baseProfile=\"tiny\"><path d=\"M18.2 9.3l-6.2-6.3-6.2 6.3c-.2.2-.3.4-.3.7s.1.5.3.7c.2.2.4.3.7.3h11c.3 0 .5-.1.7-.3.2-.2.3-.5.3-.7s-.1-.5-.3-.7zM5.8 14.7l6.2 6.3 6.2-6.3c.2-.2.3-.5.3-.7s-.1-.5-.3-.7c-.2-.2-.4-.3-.7-.3h-11c-.3 0-.5.1-.7.3-.2.2-.3.5-.3.7s.1.5.3.7z\"\/><\/svg><\/span><\/span><\/span><\/a><\/span><\/div>\n<nav><ul class='ez-toc-list ez-toc-list-level-1 ' ><li class='ez-toc-page-1 ez-toc-heading-level-2'><a class=\"ez-toc-link ez-toc-heading-1\" href=\"https:\/\/www.cbd.fr\/blog\/levolution-de-la-legislation-du-cbd-au-bresil-entre-progres-et-defis\/#La_reconnaissance_medicale_du_CBD\" >La reconnaissance m\u00e9dicale du CBD<\/a><\/li><li class='ez-toc-page-1 ez-toc-heading-level-2'><a class=\"ez-toc-link ez-toc-heading-2\" href=\"https:\/\/www.cbd.fr\/blog\/levolution-de-la-legislation-du-cbd-au-bresil-entre-progres-et-defis\/#Reglementations_sur_la_possession_et_culture_du_cannabis\" >R\u00e9glementations sur la possession et culture du cannabis<\/a><\/li><li class='ez-toc-page-1 ez-toc-heading-level-2'><a class=\"ez-toc-link ez-toc-heading-3\" href=\"https:\/\/www.cbd.fr\/blog\/levolution-de-la-legislation-du-cbd-au-bresil-entre-progres-et-defis\/#Procedures_dapprobation_et_importation_de_produits_a_base_de_CBD\" >Proc\u00e9dures d&#8217;approbation et importation de produits \u00e0 base de CBD<\/a><\/li><li class='ez-toc-page-1 ez-toc-heading-level-2'><a class=\"ez-toc-link ez-toc-heading-4\" href=\"https:\/\/www.cbd.fr\/blog\/levolution-de-la-legislation-du-cbd-au-bresil-entre-progres-et-defis\/#Enjeux_et_perspectives_futures\" >Enjeux et perspectives futures<\/a><\/li><li class='ez-toc-page-1 ez-toc-heading-level-2'><a class=\"ez-toc-link ez-toc-heading-5\" href=\"https:\/\/www.cbd.fr\/blog\/levolution-de-la-legislation-du-cbd-au-bresil-entre-progres-et-defis\/#Educations_et_campagnes_de_sensibilisation\" >Educations et campagnes de sensibilisation<\/a><\/li><\/ul><\/nav><\/div>\n<h2><span class=\"ez-toc-section\" id=\"La_reconnaissance_medicale_du_CBD\"><\/span>La reconnaissance m\u00e9dicale du CBD<span class=\"ez-toc-section-end\"><\/span><\/h2>\n<p>Depuis 2015, Anvisa a reclassifi\u00e9 le CBD de &#8220;substance contr\u00f4l\u00e9e&#8221; \u00e0 &#8220;m\u00e9dicament&#8221;, ce qui marque un tournant significatif dans la perception gouvernementale. Cette d\u00e9cision a ouvert la porte \u00e0 des prescriptions m\u00e9dicales de CBD pour diff\u00e9rents troubles de sant\u00e9 comme l&#8217;\u00e9pilepsie, la scl\u00e9rose en plaques, et certaines formes d&#8217;anxi\u00e9t\u00e9. Les m\u00e9decins peuvent d\u00e9sormais prescrire du CBD sans crainte de <strong>s\u00e9v\u00e8res implications l\u00e9gales<\/strong>, facilitant ainsi sa consommation chez les patients n\u00e9cessitant ce type de traitement. Une prescription doit toutefois suivre un processus strict incluant la justification du besoin m\u00e9dical et le suivi constant du patient.<\/p>\n<h2><span class=\"ez-toc-section\" id=\"Reglementations_sur_la_possession_et_culture_du_cannabis\"><\/span>R\u00e9glementations sur la possession et culture du cannabis<span class=\"ez-toc-section-end\"><\/span><\/h2>\n<p>Concernant la <strong>possession<\/strong> et la <strong>culture<\/strong> de cannabis, la loi br\u00e9silienne reste rigide : la loi interdit g\u00e9n\u00e9ralement la cultivation de la <strong>plante<\/strong> et ses d\u00e9riv\u00e9s y compris pour usage personnel, encadrant la lib\u00e9ration des principes actifs du cannabis uniquement pour des utilisations scientifiques et m\u00e9dicinales approuv\u00e9es par Anvisa. La possession de petites quantit\u00e9s destin\u00e9es \u00e0 l&#8217;usage personnel n&#8217;est pas l\u00e9galement approuv\u00e9e mais elle conduit souvent \u00e0 un simple <strong>avertissement<\/strong>. En revanche, tout ce qui sort de ce cadre est sujet \u00e0 des peines pouvant mener \u00e0 l&#8217;<strong>emprisonnement<\/strong>, soulignant un environnement encore tr\u00e8s restrictif malgr\u00e9 le progr\u00e8s observ\u00e9 au niveau m\u00e9dical.<\/p>\n<h2><span class=\"ez-toc-section\" id=\"Procedures_dapprobation_et_importation_de_produits_a_base_de_CBD\"><\/span>Proc\u00e9dures d&#8217;approbation et importation de produits \u00e0 base de CBD <span class=\"ez-toc-section-end\"><\/span><\/h2>\n<ul>\n<li>Prescription m\u00e9dicale n\u00e9cessaire pour l&#8217;acc\u00e8s aux produits \u00e0 base de CBD.<\/li>\n<li>Importation soumise \u00e0 l&#8217;approbation d&#8217;Anvisa.<\/li>\n<li>D\u00e9marches administratives fastidieuses pour obtenir les approbations n\u00e9cessaires.<\/li>\n<li>Suivi m\u00e9dical et documentation continus requis pour maintenir l&#8217;autorisation.<\/li>\n<\/ul>\n<p>L&#8217;importation des produits contenant du CBD est possible mais requiert une proc\u00e9dure exhaustive. Les patients doivent obtenir une autorisation sp\u00e9ciale accompagn\u00e9e d&#8217;une prescription m\u00e9dicale valide. Ces mesures visent \u00e0 contr\u00f4ler la qualit\u00e9 des produits import\u00e9s et leur conformit\u00e9 avec les standards de s\u00e9curit\u00e9 nationaux fix\u00e9s par Anvisa.<\/p>\n<h2><span class=\"ez-toc-section\" id=\"Enjeux_et_perspectives_futures\"><\/span>Enjeux et perspectives futures<span class=\"ez-toc-section-end\"><\/span><\/h2>\n<p>M\u00eame si des progr\u00e8s substantiels ont \u00e9t\u00e9 r\u00e9alis\u00e9s dans la l\u00e9gislation du CBD au Br\u00e9sil, plusieurs d\u00e9fis persistent. La distinction floue entre le CBD et d&#8217;autres formes de cannabis cr\u00e9e parfois confusion et difficult\u00e9s en mati\u00e8re d&#8217;application de la loi. De plus, la logistique li\u00e9e \u00e0 l&#8217;importation et les co\u00fbts \u00e9lev\u00e9s associ\u00e9s limitent l&#8217;acc\u00e8s au CBD pour beaucoup de patients n\u00e9cessitant ce traitement.<\/p>\n<p>Le futur de cette l\u00e9gislation pourrait s&#8217;orienter vers une simplification des processus d&#8217;importation et une augmentation des recherches locales sur le CBD. Cela encouragerait non seulement l&#8217;autosuffisance mais engendrerait \u00e9galement une baisse des co\u00fbts, rendant le CBD plus accessible \u00e0 ceux en ayant besoin pour des raisons m\u00e9dicales. Par ailleurs, une meilleure \u00e9ducation et sensibilisation autour des avantages th\u00e9rapeutiques du CBD pourraient contribuer \u00e0 r\u00e9duire la stigmatisation et am\u00e9liorer son acceptation sociale et l\u00e9gale.<\/p>\n<h2><span class=\"ez-toc-section\" id=\"Educations_et_campagnes_de_sensibilisation\"><\/span>Educations et campagnes de sensibilisation<span class=\"ez-toc-section-end\"><\/span><\/h2>\n<p>Pour diffuser des informations correctes et actualis\u00e9es sur le CBD, des initiatives publiques et priv\u00e9es se sont d\u00e9velopp\u00e9es. Elles visent non seulement le grand public mais aussi les professionnels de sant\u00e9, afin qu&#8217;ils puissent conseiller efficacement leurs patients sur les b\u00e9n\u00e9fices et risques de ce traitement. Ces programmes aspirent \u00e0 \u00e9luder les pr\u00e9jug\u00e9s entourant le cannabis en g\u00e9n\u00e9ral et \u00e0 mettre en valeur les propri\u00e9t\u00e9s non-addictives et b\u00e9n\u00e9fiques du <strong>CBD<\/strong>.<\/p>\n<p>Face \u00e0 un monde en constante \u00e9volution, o\u00f9 la perception des traitements alternatifs continue de changer, le Br\u00e9sil semble \u00eatre sur une voie progressive bien que sem\u00e9e d&#8217;emb\u00fbches. La clart\u00e9 l\u00e9gislative et un engagement accru envers la recherche pourraient finalement fa\u00e7onner un environnement o\u00f9 le CBD occuperait une place l\u00e9gitime et efficace dans le panorama m\u00e9dical br\u00e9silien.<\/p>\n\n\n<div class=\"kk-star-ratings kksr-auto kksr-align-left kksr-valign-bottom\"\n    data-payload='{&quot;align&quot;:&quot;left&quot;,&quot;id&quot;:&quot;12531&quot;,&quot;slug&quot;:&quot;default&quot;,&quot;valign&quot;:&quot;bottom&quot;,&quot;ignore&quot;:&quot;&quot;,&quot;reference&quot;:&quot;auto&quot;,&quot;class&quot;:&quot;&quot;,&quot;count&quot;:&quot;3054&quot;,&quot;legendonly&quot;:&quot;&quot;,&quot;readonly&quot;:&quot;&quot;,&quot;score&quot;:&quot;4.2&quot;,&quot;starsonly&quot;:&quot;&quot;,&quot;best&quot;:&quot;5&quot;,&quot;gap&quot;:&quot;5&quot;,&quot;greet&quot;:&quot;Notez cet article&quot;,&quot;legend&quot;:&quot;4.2\\\/5 - (3054 votes)&quot;,&quot;size&quot;:&quot;24&quot;,&quot;title&quot;:&quot;L\\u0026#039;\u00e9volution de la l\u00e9gislation du CBD au Br\u00e9sil : entre progr\u00e8s et d\u00e9fis&quot;,&quot;width&quot;:&quot;119.3&quot;,&quot;_legend&quot;:&quot;{score}\\\/{best} - ({count} {votes})&quot;,&quot;font_factor&quot;:&quot;1.25&quot;}'>\n            \n<div class=\"kksr-stars\">\n    \n<div class=\"kksr-stars-inactive\">\n            <div class=\"kksr-star\" data-star=\"1\" style=\"padding-right: 5px\">\n            \n\n<div class=\"kksr-icon\" style=\"width: 24px; height: 24px;\"><\/div>\n        <\/div>\n            <div class=\"kksr-star\" data-star=\"2\" style=\"padding-right: 5px\">\n            \n\n<div class=\"kksr-icon\" style=\"width: 24px; height: 24px;\"><\/div>\n        <\/div>\n            <div class=\"kksr-star\" data-star=\"3\" style=\"padding-right: 5px\">\n            \n\n<div class=\"kksr-icon\" style=\"width: 24px; height: 24px;\"><\/div>\n        <\/div>\n            <div class=\"kksr-star\" data-star=\"4\" style=\"padding-right: 5px\">\n            \n\n<div class=\"kksr-icon\" style=\"width: 24px; height: 24px;\"><\/div>\n        <\/div>\n            <div class=\"kksr-star\" data-star=\"5\" style=\"padding-right: 5px\">\n            \n\n<div class=\"kksr-icon\" style=\"width: 24px; height: 24px;\"><\/div>\n        <\/div>\n    <\/div>\n    \n<div class=\"kksr-stars-active\" style=\"width: 119.3px;\">\n            <div class=\"kksr-star\" style=\"padding-right: 5px\">\n            \n\n<div class=\"kksr-icon\" style=\"width: 24px; height: 24px;\"><\/div>\n        <\/div>\n            <div class=\"kksr-star\" style=\"padding-right: 5px\">\n            \n\n<div class=\"kksr-icon\" style=\"width: 24px; height: 24px;\"><\/div>\n        <\/div>\n            <div class=\"kksr-star\" style=\"padding-right: 5px\">\n            \n\n<div class=\"kksr-icon\" style=\"width: 24px; height: 24px;\"><\/div>\n        <\/div>\n            <div class=\"kksr-star\" style=\"padding-right: 5px\">\n            \n\n<div class=\"kksr-icon\" style=\"width: 24px; height: 24px;\"><\/div>\n        <\/div>\n            <div class=\"kksr-star\" style=\"padding-right: 5px\">\n            \n\n<div class=\"kksr-icon\" style=\"width: 24px; height: 24px;\"><\/div>\n        <\/div>\n    <\/div>\n<\/div>\n                \n\n<div class=\"kksr-legend\" style=\"font-size: 19.2px;\">\n            4.2\/5 - (3054 votes)    <\/div>\n    <\/div>\n","protected":false},"excerpt":{"rendered":"<p>Le Br\u00e9sil, un pays o\u00f9 les politiques relatives \u00e0 la cannabis ont longtemps \u00e9t\u00e9 strictes, conna\u00eet depuis quelques ann\u00e9es un changement notable concernant la r\u00e9glementation du CBD (cannabidiol). Ce compos\u00e9 non psychoactif extrait du cannabis commence \u00e0 \u00eatre per\u00e7u diff\u00e9remment tant par le public que par les autorit\u00e9s sanitaires. Sous l&#8217;\u00e9gide de l&#8217;Ag\u00eancia Nacional de [&hellip;]<\/p>\n","protected":false},"author":90,"featured_media":12530,"comment_status":"","ping_status":"open","sticky":false,"template":"","format":"standard","meta":{"_sitemap_exclude":false,"_sitemap_priority":"","_sitemap_frequency":"","footnotes":""},"categories":[37],"tags":[],"class_list":["post-12531","post","type-post","status-publish","format-standard","has-post-thumbnail","hentry","category-legislation"],"yoast_head":"<!-- This site is optimized with the Yoast SEO Premium plugin v26.9 (Yoast SEO v26.9) - https:\/\/yoast.com\/product\/yoast-seo-premium-wordpress\/ -->\n<title>L&#039;\u00e9volution de la l\u00e9gislation du CBD au Br\u00e9sil : entre progr\u00e8s et d\u00e9fis - CBD Blog<\/title>\n<meta name=\"robots\" content=\"index, follow, max-snippet:-1, max-image-preview:large, max-video-preview:-1\" \/>\n<link rel=\"canonical\" href=\"https:\/\/www.cbd.fr\/blog\/levolution-de-la-legislation-du-cbd-au-bresil-entre-progres-et-defis\/\" \/>\n<meta property=\"og:locale\" content=\"fr_FR\" \/>\n<meta property=\"og:type\" content=\"article\" \/>\n<meta property=\"og:title\" content=\"\ud83c\udf31L&#039;\u00e9volution de la l\u00e9gislation du CBD au Br\u00e9sil : entre progr\u00e8s et d\u00e9fis - CBD.fr \ud83c\udf31\" \/>\n<meta property=\"og:description\" content=\"Le Br\u00e9sil, un pays o\u00f9 les politiques relatives \u00e0 la cannabis ont longtemps \u00e9t\u00e9 strictes, conna\u00eet depuis quelques ann\u00e9es un changement notable concernant la r\u00e9glementation du CBD (cannabidiol). Ce compos\u00e9 non psychoactif extrait du cannabis commence \u00e0 \u00eatre per\u00e7u diff\u00e9remment tant par le public que par les autorit\u00e9s sanitaires. Sous l&#8217;\u00e9gide de l&#8217;Ag\u00eancia Nacional de [&hellip;]\" \/>\n<meta property=\"og:url\" content=\"https:\/\/www.cbd.fr\/blog\/levolution-de-la-legislation-du-cbd-au-bresil-entre-progres-et-defis\/\" \/>\n<meta property=\"og:site_name\" content=\"CBD Blog\" \/>\n<meta property=\"article:publisher\" content=\"https:\/\/www.facebook.com\/cbdfrr\/\" \/>\n<meta property=\"article:published_time\" content=\"2024-06-02T08:00:00+00:00\" \/>\n<meta property=\"og:image\" content=\"https:\/\/www.cbd.fr\/blog\/wp-content\/uploads\/2024\/05\/levolution-de-la-legislation-du-cbd-au-bresil-entre-progres-et-defis.jpg\" \/>\n\t<meta property=\"og:image:width\" content=\"1456\" \/>\n\t<meta property=\"og:image:height\" content=\"832\" \/>\n\t<meta property=\"og:image:type\" content=\"image\/jpeg\" \/>\n<meta name=\"author\" content=\"Julien\" \/>\n<meta name=\"twitter:card\" content=\"summary_large_image\" \/>\n<meta name=\"twitter:label1\" content=\"\u00c9crit par\" \/>\n\t<meta name=\"twitter:data1\" content=\"Julien\" \/>\n\t<meta name=\"twitter:label2\" content=\"Dur\u00e9e de lecture estim\u00e9e\" \/>\n\t<meta name=\"twitter:data2\" content=\"4 minutes\" \/>\n<!-- \/ Yoast SEO Premium plugin. -->","yoast_head_json":{"title":"L'\u00e9volution de la l\u00e9gislation du CBD au Br\u00e9sil : entre progr\u00e8s et d\u00e9fis - CBD Blog","robots":{"index":"index","follow":"follow","max-snippet":"max-snippet:-1","max-image-preview":"max-image-preview:large","max-video-preview":"max-video-preview:-1"},"canonical":"https:\/\/www.cbd.fr\/blog\/levolution-de-la-legislation-du-cbd-au-bresil-entre-progres-et-defis\/","og_locale":"fr_FR","og_type":"article","og_title":"\ud83c\udf31L'\u00e9volution de la l\u00e9gislation du CBD au Br\u00e9sil : entre progr\u00e8s et d\u00e9fis - CBD.fr \ud83c\udf31","og_description":"Le Br\u00e9sil, un pays o\u00f9 les politiques relatives \u00e0 la cannabis ont longtemps \u00e9t\u00e9 strictes, conna\u00eet depuis quelques ann\u00e9es un changement notable concernant la r\u00e9glementation du CBD (cannabidiol). Ce compos\u00e9 non psychoactif extrait du cannabis commence \u00e0 \u00eatre per\u00e7u diff\u00e9remment tant par le public que par les autorit\u00e9s sanitaires. Sous l&#8217;\u00e9gide de l&#8217;Ag\u00eancia Nacional de [&hellip;]","og_url":"https:\/\/www.cbd.fr\/blog\/levolution-de-la-legislation-du-cbd-au-bresil-entre-progres-et-defis\/","og_site_name":"CBD Blog","article_publisher":"https:\/\/www.facebook.com\/cbdfrr\/","article_published_time":"2024-06-02T08:00:00+00:00","og_image":[{"width":1456,"height":832,"url":"https:\/\/www.cbd.fr\/blog\/wp-content\/uploads\/2024\/05\/levolution-de-la-legislation-du-cbd-au-bresil-entre-progres-et-defis.jpg","type":"image\/jpeg"}],"author":"Julien","twitter_card":"summary_large_image","twitter_misc":{"\u00c9crit par":"Julien","Dur\u00e9e de lecture estim\u00e9e":"4 minutes"},"schema":{"@context":"https:\/\/schema.org","@graph":[{"@type":"Article","@id":"https:\/\/www.cbd.fr\/blog\/levolution-de-la-legislation-du-cbd-au-bresil-entre-progres-et-defis\/#article","isPartOf":{"@id":"https:\/\/www.cbd.fr\/blog\/levolution-de-la-legislation-du-cbd-au-bresil-entre-progres-et-defis\/"},"author":{"name":"Julien","@id":"https:\/\/www.cbd.fr\/blog\/#\/schema\/person\/d78b472d184ec8ae4135d454e3338c04"},"headline":"L&#8217;\u00e9volution de la l\u00e9gislation du CBD au Br\u00e9sil : entre progr\u00e8s et d\u00e9fis","datePublished":"2024-06-02T08:00:00+00:00","mainEntityOfPage":{"@id":"https:\/\/www.cbd.fr\/blog\/levolution-de-la-legislation-du-cbd-au-bresil-entre-progres-et-defis\/"},"wordCount":750,"publisher":{"@id":"https:\/\/www.cbd.fr\/blog\/#organization"},"image":{"@id":"https:\/\/www.cbd.fr\/blog\/levolution-de-la-legislation-du-cbd-au-bresil-entre-progres-et-defis\/#primaryimage"},"thumbnailUrl":"https:\/\/www.cbd.fr\/blog\/wp-content\/uploads\/2024\/05\/levolution-de-la-legislation-du-cbd-au-bresil-entre-progres-et-defis.jpg","articleSection":["L\u00e9gislation du CBD"],"inLanguage":"fr-FR"},{"@type":"WebPage","@id":"https:\/\/www.cbd.fr\/blog\/levolution-de-la-legislation-du-cbd-au-bresil-entre-progres-et-defis\/","url":"https:\/\/www.cbd.fr\/blog\/levolution-de-la-legislation-du-cbd-au-bresil-entre-progres-et-defis\/","name":"L'\u00e9volution de la l\u00e9gislation du CBD au Br\u00e9sil : entre progr\u00e8s et d\u00e9fis - CBD Blog","isPartOf":{"@id":"https:\/\/www.cbd.fr\/blog\/#website"},"primaryImageOfPage":{"@id":"https:\/\/www.cbd.fr\/blog\/levolution-de-la-legislation-du-cbd-au-bresil-entre-progres-et-defis\/#primaryimage"},"image":{"@id":"https:\/\/www.cbd.fr\/blog\/levolution-de-la-legislation-du-cbd-au-bresil-entre-progres-et-defis\/#primaryimage"},"thumbnailUrl":"https:\/\/www.cbd.fr\/blog\/wp-content\/uploads\/2024\/05\/levolution-de-la-legislation-du-cbd-au-bresil-entre-progres-et-defis.jpg","datePublished":"2024-06-02T08:00:00+00:00","breadcrumb":{"@id":"https:\/\/www.cbd.fr\/blog\/levolution-de-la-legislation-du-cbd-au-bresil-entre-progres-et-defis\/#breadcrumb"},"inLanguage":"fr-FR","potentialAction":[{"@type":"ReadAction","target":["https:\/\/www.cbd.fr\/blog\/levolution-de-la-legislation-du-cbd-au-bresil-entre-progres-et-defis\/"]}]},{"@type":"ImageObject","inLanguage":"fr-FR","@id":"https:\/\/www.cbd.fr\/blog\/levolution-de-la-legislation-du-cbd-au-bresil-entre-progres-et-defis\/#primaryimage","url":"https:\/\/www.cbd.fr\/blog\/wp-content\/uploads\/2024\/05\/levolution-de-la-legislation-du-cbd-au-bresil-entre-progres-et-defis.jpg","contentUrl":"https:\/\/www.cbd.fr\/blog\/wp-content\/uploads\/2024\/05\/levolution-de-la-legislation-du-cbd-au-bresil-entre-progres-et-defis.jpg","width":1456,"height":832,"caption":"L'\u00e9volution de la l\u00e9gislation du CBD au Br\u00e9sil : entre progr\u00e8s et d\u00e9fis, possession, cannabis, emprisonnement"},{"@type":"BreadcrumbList","@id":"https:\/\/www.cbd.fr\/blog\/levolution-de-la-legislation-du-cbd-au-bresil-entre-progres-et-defis\/#breadcrumb","itemListElement":[{"@type":"ListItem","position":1,"name":"CBD Blog","item":"https:\/\/www.cbd.fr\/blog\/"},{"@type":"ListItem","position":2,"name":"L\u00e9gislation du CBD","item":"https:\/\/www.cbd.fr\/blog\/category\/legislation\/"},{"@type":"ListItem","position":3,"name":"L&#8217;\u00e9volution de la l\u00e9gislation du CBD au Br\u00e9sil : entre progr\u00e8s et d\u00e9fis"}]},{"@type":"WebSite","@id":"https:\/\/www.cbd.fr\/blog\/#website","url":"https:\/\/www.cbd.fr\/blog\/","name":"CBD Blog","description":"Le meilleur blog de CBD et du chanvre en France par CBD.fr","publisher":{"@id":"https:\/\/www.cbd.fr\/blog\/#organization"},"alternateName":"CBD.fr","potentialAction":[{"@type":"SearchAction","target":{"@type":"EntryPoint","urlTemplate":"https:\/\/www.cbd.fr\/blog\/?s={search_term_string}"},"query-input":{"@type":"PropertyValueSpecification","valueRequired":true,"valueName":"search_term_string"}}],"inLanguage":"fr-FR"},{"@type":"Organization","@id":"https:\/\/www.cbd.fr\/blog\/#organization","name":"CBD.fr","alternateName":"CBD.fr","url":"https:\/\/www.cbd.fr\/blog\/","logo":{"@type":"ImageObject","inLanguage":"fr-FR","@id":"https:\/\/www.cbd.fr\/blog\/#\/schema\/logo\/image\/","url":"https:\/\/www.cbd.fr\/blog\/wp-content\/uploads\/2023\/01\/logo-cbd.png","contentUrl":"https:\/\/www.cbd.fr\/blog\/wp-content\/uploads\/2023\/01\/logo-cbd.png","width":215,"height":100,"caption":"CBD.fr"},"image":{"@id":"https:\/\/www.cbd.fr\/blog\/#\/schema\/logo\/image\/"},"sameAs":["https:\/\/www.facebook.com\/cbdfrr\/","https:\/\/www.instagram.com\/cbdfr\/","https:\/\/www.youtube.com\/@CBD_fr","https:\/\/www.linkedin.com\/company\/cbd-fr\/"],"description":"CBD.fr est le leaders fran\u00e7ais du bien-\u00eatre et du CBD, proposant une large gamme de produits \u00e0 base de chanvre rigoureusement s\u00e9lectionn\u00e9s. Expertise, qualit\u00e9 et p\u00e9dagogie sont au c\u0153ur de l\u2019exp\u00e9rience CBD.fr.","email":"support@cbd.fr","telephone":"0189720196","legalName":"CBD.fr","foundingDate":"2021-01-01","taxID":"760933","numberOfEmployees":{"@type":"QuantitativeValue","minValue":"11","maxValue":"50"}},{"@type":"Person","@id":"https:\/\/www.cbd.fr\/blog\/#\/schema\/person\/d78b472d184ec8ae4135d454e3338c04","name":"Julien","image":{"@type":"ImageObject","inLanguage":"fr-FR","@id":"https:\/\/www.cbd.fr\/blog\/#\/schema\/person\/image\/","url":"https:\/\/secure.gravatar.com\/avatar\/58f2f1b1e71c329d0226efe2cc40174640e1757e077dac013c980f3ee43c73a0?s=96&d=mm&r=g","contentUrl":"https:\/\/secure.gravatar.com\/avatar\/58f2f1b1e71c329d0226efe2cc40174640e1757e077dac013c980f3ee43c73a0?s=96&d=mm&r=g","caption":"Julien"},"description":"R\u00e9dacteur en chef sp\u00e9cialis\u00e9 en CBD Julien, n\u00e9 le 17 juillet 1978 en r\u00e9gion Parisienne, est un \u00e9minent r\u00e9dacteur et expert dans le domaine des produits \u00e0 base de CBD. Suite \u00e0 ses \u00e9tudes, Julien a d\u00e9velopp\u00e9 une passion pour les rem\u00e8des naturels, dont le CBD. En 2022, il int\u00e8gre l\u2019\u00e9quipe du site CBD.fr en qualit\u00e9 d\u2019expert et de contributeur r\u00e9gulier. Gr\u00e2ce \u00e0 son expertise scientifique et une \u00e9criture claire, Julien aide \u00e0 d\u00e9mystifier les aspects complexes du CBD, tout en mettant en lumi\u00e8re ses bienfaits et applications potentielles \u00e0 travers ses articles et participations \u00e0 des conf\u00e9rences.","honorificPrefix":"Mr","gender":"male","knowsAbout":["CBD","Cannabis","Copywriter"],"knowsLanguage":["French"],"jobTitle":"Editor-in-chief specializing in CBD","worksFor":"CBD.fr","url":"https:\/\/www.cbd.fr\/blog\/author\/redac-cbd\/"}]}},"_links":{"self":[{"href":"https:\/\/www.cbd.fr\/blog\/wp-json\/wp\/v2\/posts\/12531","targetHints":{"allow":["GET"]}}],"collection":[{"href":"https:\/\/www.cbd.fr\/blog\/wp-json\/wp\/v2\/posts"}],"about":[{"href":"https:\/\/www.cbd.fr\/blog\/wp-json\/wp\/v2\/types\/post"}],"author":[{"embeddable":true,"href":"https:\/\/www.cbd.fr\/blog\/wp-json\/wp\/v2\/users\/90"}],"replies":[{"embeddable":true,"href":"https:\/\/www.cbd.fr\/blog\/wp-json\/wp\/v2\/comments?post=12531"}],"version-history":[{"count":1,"href":"https:\/\/www.cbd.fr\/blog\/wp-json\/wp\/v2\/posts\/12531\/revisions"}],"predecessor-version":[{"id":12746,"href":"https:\/\/www.cbd.fr\/blog\/wp-json\/wp\/v2\/posts\/12531\/revisions\/12746"}],"wp:featuredmedia":[{"embeddable":true,"href":"https:\/\/www.cbd.fr\/blog\/wp-json\/wp\/v2\/media\/12530"}],"wp:attachment":[{"href":"https:\/\/www.cbd.fr\/blog\/wp-json\/wp\/v2\/media?parent=12531"}],"wp:term":[{"taxonomy":"category","embeddable":true,"href":"https:\/\/www.cbd.fr\/blog\/wp-json\/wp\/v2\/categories?post=12531"},{"taxonomy":"post_tag","embeddable":true,"href":"https:\/\/www.cbd.fr\/blog\/wp-json\/wp\/v2\/tags?post=12531"}],"curies":[{"name":"wp","href":"https:\/\/api.w.org\/{rel}","templated":true}]}}