{"id":12541,"date":"2024-05-18T10:00:00","date_gmt":"2024-05-18T08:00:00","guid":{"rendered":"https:\/\/www.cbd.fr\/blog\/?p=12541"},"modified":"2024-05-18T10:00:00","modified_gmt":"2024-05-18T08:00:00","slug":"la-legislation-du-cbd-en-colombie-un-cadre-reglementaire-evolutif","status":"publish","type":"post","link":"https:\/\/www.cbd.fr\/blog\/la-legislation-du-cbd-en-colombie-un-cadre-reglementaire-evolutif\/","title":{"rendered":"La l\u00e9gislation du CBD en Colombie : un cadre r\u00e9glementaire \u00e9volutif"},"content":{"rendered":"<p>L\u2019\u00e9volution de la <strong>l\u00e9gislation<\/strong> concernant le <strong>CBD<\/strong> et le <strong>cannabis<\/strong> en <strong>Colombie<\/strong> repr\u00e9sente un sujet d&#8217;actualit\u00e9 majeur qui suscite \u00e0 la fois int\u00e9r\u00eat et d\u00e9bats. Depuis les modifications l\u00e9gislatives r\u00e9centes, la Colombie se positionne comme l\u2019un des leaders sud-am\u00e9ricains dans ce domaine. Cette transition vers une r\u00e9gulation plus ouverte pourrait encourager les investissements \u00e9trangers tout en modifiant les dynamiques sociales locales relatives \u00e0 la <strong>consommation<\/strong> et la <strong>possession<\/strong> de cannabis.<\/p>\n<div id=\"ez-toc-container\" class=\"ez-toc-v2_0_80 counter-hierarchy ez-toc-counter ez-toc-grey ez-toc-container-direction\">\n<div class=\"ez-toc-title-container\">\n<p class=\"ez-toc-title\" style=\"cursor:inherit\">Sommaire<\/p>\n<span class=\"ez-toc-title-toggle\"><a href=\"#\" class=\"ez-toc-pull-right ez-toc-btn ez-toc-btn-xs ez-toc-btn-default ez-toc-toggle\" aria-label=\"Toggle Table of Content\"><span class=\"ez-toc-js-icon-con\"><span class=\"\"><span class=\"eztoc-hide\" style=\"display:none;\">Toggle<\/span><span class=\"ez-toc-icon-toggle-span\"><svg style=\"fill: #43b981;color:#43b981\" xmlns=\"http:\/\/www.w3.org\/2000\/svg\" class=\"list-377408\" width=\"20px\" height=\"20px\" viewBox=\"0 0 24 24\" fill=\"none\"><path d=\"M6 6H4v2h2V6zm14 0H8v2h12V6zM4 11h2v2H4v-2zm16 0H8v2h12v-2zM4 16h2v2H4v-2zm16 0H8v2h12v-2z\" fill=\"currentColor\"><\/path><\/svg><svg style=\"fill: #43b981;color:#43b981\" class=\"arrow-unsorted-368013\" xmlns=\"http:\/\/www.w3.org\/2000\/svg\" width=\"10px\" height=\"10px\" viewBox=\"0 0 24 24\" version=\"1.2\" baseProfile=\"tiny\"><path d=\"M18.2 9.3l-6.2-6.3-6.2 6.3c-.2.2-.3.4-.3.7s.1.5.3.7c.2.2.4.3.7.3h11c.3 0 .5-.1.7-.3.2-.2.3-.5.3-.7s-.1-.5-.3-.7zM5.8 14.7l6.2 6.3 6.2-6.3c.2-.2.3-.5.3-.7s-.1-.5-.3-.7c-.2-.2-.4-.3-.7-.3h-11c-.3 0-.5.1-.7.3-.2.2-.3.5-.3.7s.1.5.3.7z\"\/><\/svg><\/span><\/span><\/span><\/a><\/span><\/div>\n<nav><ul class='ez-toc-list ez-toc-list-level-1 ' ><li class='ez-toc-page-1 ez-toc-heading-level-2'><a class=\"ez-toc-link ez-toc-heading-1\" href=\"https:\/\/www.cbd.fr\/blog\/la-legislation-du-cbd-en-colombie-un-cadre-reglementaire-evolutif\/#Histoire_legale_du_cannabis_en_Colombie\" >Histoire l\u00e9gale du cannabis en Colombie<\/a><\/li><li class='ez-toc-page-1 ez-toc-heading-level-2'><a class=\"ez-toc-link ez-toc-heading-2\" href=\"https:\/\/www.cbd.fr\/blog\/la-legislation-du-cbd-en-colombie-un-cadre-reglementaire-evolutif\/#Reglementations_actuelles_sur_le_CBD\" >R\u00e9glementations actuelles sur le CBD<\/a><\/li><li class='ez-toc-page-1 ez-toc-heading-level-2'><a class=\"ez-toc-link ez-toc-heading-3\" href=\"https:\/\/www.cbd.fr\/blog\/la-legislation-du-cbd-en-colombie-un-cadre-reglementaire-evolutif\/#Impact_de_la_modification_des_lois_sur_la_societe_et_leconomie\" >Impact de la modification des lois sur la soci\u00e9t\u00e9 et l&#8217;\u00e9conomie<\/a><\/li><li class='ez-toc-page-1 ez-toc-heading-level-2'><a class=\"ez-toc-link ez-toc-heading-4\" href=\"https:\/\/www.cbd.fr\/blog\/la-legislation-du-cbd-en-colombie-un-cadre-reglementaire-evolutif\/#Legalisation_du_cannabis_recreatif_Etat_des_lieux\" >L\u00e9galisation du cannabis r\u00e9cr\u00e9atif&nbsp;: \u00c9tat des lieux<\/a><\/li><li class='ez-toc-page-1 ez-toc-heading-level-2'><a class=\"ez-toc-link ez-toc-heading-5\" href=\"https:\/\/www.cbd.fr\/blog\/la-legislation-du-cbd-en-colombie-un-cadre-reglementaire-evolutif\/#Comparaison_internationale_de_la_legislation\" >Comparaison internationale de la l\u00e9gislation<\/a><\/li><li class='ez-toc-page-1 ez-toc-heading-level-2'><a class=\"ez-toc-link ez-toc-heading-6\" href=\"https:\/\/www.cbd.fr\/blog\/la-legislation-du-cbd-en-colombie-un-cadre-reglementaire-evolutif\/#Reflexions_sur_lavenir_du_CBD_en_Colombie\" >R\u00e9flexions sur l&#8217;avenir du CBD en Colombie<\/a><\/li><li class='ez-toc-page-1 ez-toc-heading-level-2'><a class=\"ez-toc-link ez-toc-heading-7\" href=\"https:\/\/www.cbd.fr\/blog\/la-legislation-du-cbd-en-colombie-un-cadre-reglementaire-evolutif\/#Conclusion_intermediaire_Vision_globale_sans_synthese_finale\" >Conclusion interm\u00e9diaire&nbsp;: Vision globale sans synth\u00e8se finale<\/a><\/li><\/ul><\/nav><\/div>\n<h2><span class=\"ez-toc-section\" id=\"Histoire_legale_du_cannabis_en_Colombie\"><\/span>Histoire l\u00e9gale du cannabis en Colombie<span class=\"ez-toc-section-end\"><\/span><\/h2>\n<p>Dans le contexte colombien, la relation avec le <strong>cannabis<\/strong>, consid\u00e9r\u00e9 longtemps uniquement comme une <strong>drogue<\/strong>, a significativement \u00e9volu\u00e9. Autrefois associ\u00e9 au milieu criminel, il est progressivement reconnu pour ses b\u00e9n\u00e9fices potentiels, sp\u00e9cialement sous sa forme non psychoactive, le <strong>CBD<\/strong>. Ce changement s&#8217;est intensifi\u00e9 en 2016, lorsque la Colombie a l\u00e9galis\u00e9 le cannabis \u00e0 des fins m\u00e9dicales et scientifiques, stimulant ainsi son \u00e9conomie locale et r\u00e9orientant les politiques publiques vers un contr\u00f4le plus strict mais progressiste de cette plante.<\/p>\n<h2><span class=\"ez-toc-section\" id=\"Reglementations_actuelles_sur_le_CBD\"><\/span>R\u00e9glementations actuelles sur le CBD<span class=\"ez-toc-section-end\"><\/span><\/h2>\n<p>\u00c0 l\u2019heure actuelle, la l\u00e9gislation autour du <strong>CBD<\/strong> en <strong>Colombie<\/strong> distingue clairement le usage m\u00e9dical du potentiel usage <strong>r\u00e9cr\u00e9atif<\/strong>. Le gouvernement autorise la production et la vente de produits \u00e0 base de CBD, \u00e0 condition que leur concentration en <a href=\"https:\/\/www.cbd.fr\/198thccbd\" data-internallinksmanager029f6b8e52c=\"17\" title=\"thc - t\u00e9trahydrocannabinol\">THC<\/a> (le composant psychoactif du <strong>cannabis<\/strong>) demeure inf\u00e9rieure aux seuils fix\u00e9s par les autorit\u00e9s sanitaires. Ces mesures garantissent que les produits ne produisent pas d\u2019effets psychotropes, alignant le CBD plus pr\u00e8s des produits th\u00e9rapeutiques traditionnels que des substances contr\u00f4l\u00e9es.<\/p>\n<h2><span class=\"ez-toc-section\" id=\"Impact_de_la_modification_des_lois_sur_la_societe_et_leconomie\"><\/span>Impact de la modification des lois sur la soci\u00e9t\u00e9 et l&#8217;\u00e9conomie<span class=\"ez-toc-section-end\"><\/span><\/h2>\n<p>Les implications de ces nouvelles directives sont vastes, influen\u00e7ant aussi bien le secteur \u00e9conomique que le tissu social. Sur le plan \u00e9conomique, l\u2019industrie du <strong>cannabis<\/strong> a cr\u00e9\u00e9 des milliers d\u2019emplois, allant de la culture agricole aux services connexes comme la recherche pharmaceutique et la biotechnologie. Socialement, ces changements visent principalement \u00e0 r\u00e9duire les niveaux de criminalisation li\u00e9s aux drogues en favorisant un cadre juridique qui discrimine moins les usagers et consommateurs.<\/p>\n<h2><span class=\"ez-toc-section\" id=\"Legalisation_du_cannabis_recreatif_Etat_des_lieux\"><\/span>L\u00e9galisation du cannabis r\u00e9cr\u00e9atif&nbsp;: \u00c9tat des lieux<span class=\"ez-toc-section-end\"><\/span><\/h2>\n<p>Concernant le cannabis \u00e0 usage <strong>r\u00e9cr\u00e9atif<\/strong>, la situation reste en suspens malgr\u00e9 quelques propositions pr\u00e9sent\u00e9es au Congr\u00e8s colombien. La majorit\u00e9 de la population semble soutenir la l\u00e9galisation compl\u00e8te du cannabis \u2013 attribuant des similarit\u00e9s entre les l\u00e9gislations sur le <strong>cannabis<\/strong> et celles sur l&#8217;<strong>alcool<\/strong>. Il existe une opinion publique favorable qui argumente que la l\u00e9galisation pourrait combattre plus efficacement le march\u00e9 noir et augmenter les recettes fiscales de l\u2019\u00e9tat.<\/p>\n<h2><span class=\"ez-toc-section\" id=\"Comparaison_internationale_de_la_legislation\"><\/span>Comparaison internationale de la l\u00e9gislation<span class=\"ez-toc-section-end\"><\/span><\/h2>\n<ul>\n<li><strong>Canada<\/strong> : Compl\u00e8tement l\u00e9galis\u00e9, tant pour l&#8217;utilisation m\u00e9dicale que r\u00e9cr\u00e9ative.<\/li>\n<li><strong>\u00c9tats-Unis<\/strong> : L\u00e9galisation partielle, d\u00e9pendante des l\u00e9gislations \u00e9tatiques; le CBD est largement accept\u00e9.<\/li>\n<li><strong>Uruguay<\/strong> : Premier pays \u00e0 l\u00e9galiser totalement le cannabis.<\/li>\n<\/ul>\n<p>En comparant avec d&#8217;autres juridictions, il devient apparent que la Colombie oscille entre une approche progressive similaire \u00e0 celle du Canada et un mod\u00e8le plus restrictif observ\u00e9 dans certains \u00c9tats am\u00e9ricains. N\u00e9anmoins, ces comparaisons mettent en lumi\u00e8re l&#8217;avantage colombien en mati\u00e8re d&#8217;exportation gr\u00e2ce \u00e0 son climat id\u00e9al pour la culture du <strong>cannabis<\/strong>.<\/p>\n<h2><span class=\"ez-toc-section\" id=\"Reflexions_sur_lavenir_du_CBD_en_Colombie\"><\/span>R\u00e9flexions sur l&#8217;avenir du CBD en Colombie<span class=\"ez-toc-section-end\"><\/span><\/h2>\n<p>Le futur du <strong>CBD<\/strong> en <strong>Colombie<\/strong> semble prometteur. Avec l\u2019accroissement global de la demande pour des produits m\u00e9dicaux naturels et la renomm\u00e9e croissante du CBD pour ses propri\u00e9t\u00e9s anti-inflammatoires et anxiolytiques, le march\u00e9 colombien pourrait envisager une expansion significative. De nombreuses entreprises sont d\u00e9j\u00e0 positionn\u00e9es pour profiter de cette nouvelle \u00e8re, contribuant non seulement \u00e0 l\u2019essor \u00e9conomique national mais \u00e9galement \u00e0 la stabilisation sociale \u00e0 travers une r\u00e9forme sensible et bien structur\u00e9e de la politique sur les <strong>drogues<\/strong>.<\/p>\n<h2><span class=\"ez-toc-section\" id=\"Conclusion_intermediaire_Vision_globale_sans_synthese_finale\"><\/span>Conclusion interm\u00e9diaire&nbsp;: Vision globale sans synth\u00e8se finale<span class=\"ez-toc-section-end\"><\/span><\/h2>\n<p>Chaque phase de modification l\u00e9gislative relative au <strong>CBD<\/strong> et au <strong>cannabis<\/strong> refl\u00e8te une compr\u00e9hension plus nuanc\u00e9e de ses effets et b\u00e9n\u00e9fices possibles. En s&#8217;appuyant sur des bases scientifiques solides et en observant attentivement les r\u00e9sultats obtenus par d\u2019autres nations, la Colombie continue de fa\u00e7onner une politique qui r\u00e9pond \u00e0 la fois aux besoins de sant\u00e9 publique, de s\u00e9curit\u00e9 et de d\u00e9veloppement \u00e9conomique. Plus qu&#8217;une simple modification de loi, il s&#8217;agit d&#8217;un v\u00e9ritable revirement culturel dont d\u00e9pendra l&#8217;int\u00e9gration r\u00e9ussie du <strong>cannabis<\/strong> et du <strong>CBD<\/strong> dans la soci\u00e9t\u00e9 colombienne moderne.<\/p>\n\n\n<div class=\"kk-star-ratings kksr-auto kksr-align-left kksr-valign-bottom\"\n    data-payload='{&quot;align&quot;:&quot;left&quot;,&quot;id&quot;:&quot;12541&quot;,&quot;slug&quot;:&quot;default&quot;,&quot;valign&quot;:&quot;bottom&quot;,&quot;ignore&quot;:&quot;&quot;,&quot;reference&quot;:&quot;auto&quot;,&quot;class&quot;:&quot;&quot;,&quot;count&quot;:&quot;2982&quot;,&quot;legendonly&quot;:&quot;&quot;,&quot;readonly&quot;:&quot;&quot;,&quot;score&quot;:&quot;4.3&quot;,&quot;starsonly&quot;:&quot;&quot;,&quot;best&quot;:&quot;5&quot;,&quot;gap&quot;:&quot;5&quot;,&quot;greet&quot;:&quot;Notez cet article&quot;,&quot;legend&quot;:&quot;4.3\\\/5 - (2982 votes)&quot;,&quot;size&quot;:&quot;24&quot;,&quot;title&quot;:&quot;La l\u00e9gislation du CBD en Colombie : un cadre r\u00e9glementaire \u00e9volutif&quot;,&quot;width&quot;:&quot;122.2&quot;,&quot;_legend&quot;:&quot;{score}\\\/{best} - ({count} {votes})&quot;,&quot;font_factor&quot;:&quot;1.25&quot;}'>\n            \n<div class=\"kksr-stars\">\n    \n<div class=\"kksr-stars-inactive\">\n            <div class=\"kksr-star\" data-star=\"1\" style=\"padding-right: 5px\">\n            \n\n<div class=\"kksr-icon\" style=\"width: 24px; height: 24px;\"><\/div>\n        <\/div>\n            <div class=\"kksr-star\" data-star=\"2\" style=\"padding-right: 5px\">\n            \n\n<div class=\"kksr-icon\" style=\"width: 24px; height: 24px;\"><\/div>\n        <\/div>\n            <div class=\"kksr-star\" data-star=\"3\" style=\"padding-right: 5px\">\n            \n\n<div class=\"kksr-icon\" style=\"width: 24px; height: 24px;\"><\/div>\n        <\/div>\n            <div class=\"kksr-star\" data-star=\"4\" style=\"padding-right: 5px\">\n            \n\n<div class=\"kksr-icon\" style=\"width: 24px; height: 24px;\"><\/div>\n        <\/div>\n            <div class=\"kksr-star\" data-star=\"5\" style=\"padding-right: 5px\">\n            \n\n<div class=\"kksr-icon\" style=\"width: 24px; height: 24px;\"><\/div>\n        <\/div>\n    <\/div>\n    \n<div class=\"kksr-stars-active\" style=\"width: 122.2px;\">\n            <div class=\"kksr-star\" style=\"padding-right: 5px\">\n            \n\n<div class=\"kksr-icon\" style=\"width: 24px; height: 24px;\"><\/div>\n        <\/div>\n            <div class=\"kksr-star\" style=\"padding-right: 5px\">\n            \n\n<div class=\"kksr-icon\" style=\"width: 24px; height: 24px;\"><\/div>\n        <\/div>\n            <div class=\"kksr-star\" style=\"padding-right: 5px\">\n            \n\n<div class=\"kksr-icon\" style=\"width: 24px; height: 24px;\"><\/div>\n        <\/div>\n            <div class=\"kksr-star\" style=\"padding-right: 5px\">\n            \n\n<div class=\"kksr-icon\" style=\"width: 24px; height: 24px;\"><\/div>\n        <\/div>\n            <div class=\"kksr-star\" style=\"padding-right: 5px\">\n            \n\n<div class=\"kksr-icon\" style=\"width: 24px; height: 24px;\"><\/div>\n        <\/div>\n    <\/div>\n<\/div>\n                \n\n<div class=\"kksr-legend\" style=\"font-size: 19.2px;\">\n            4.3\/5 - (2982 votes)    <\/div>\n    <\/div>\n","protected":false},"excerpt":{"rendered":"<p>L\u2019\u00e9volution de la l\u00e9gislation concernant le CBD et le cannabis en Colombie repr\u00e9sente un sujet d&#8217;actualit\u00e9 majeur qui suscite \u00e0 la fois int\u00e9r\u00eat et d\u00e9bats. Depuis les modifications l\u00e9gislatives r\u00e9centes, la Colombie se positionne comme l\u2019un des leaders sud-am\u00e9ricains dans ce domaine. Cette transition vers une r\u00e9gulation plus ouverte pourrait encourager les investissements \u00e9trangers tout [&hellip;]<\/p>\n","protected":false},"author":90,"featured_media":12540,"comment_status":"","ping_status":"open","sticky":false,"template":"","format":"standard","meta":{"_sitemap_exclude":false,"_sitemap_priority":"","_sitemap_frequency":"","footnotes":""},"categories":[37],"tags":[],"class_list":["post-12541","post","type-post","status-publish","format-standard","has-post-thumbnail","hentry","category-legislation"],"yoast_head":"<!-- This site is optimized with the Yoast SEO Premium plugin v26.9 (Yoast SEO v26.9) - https:\/\/yoast.com\/product\/yoast-seo-premium-wordpress\/ -->\n<title>La l\u00e9gislation du CBD en Colombie : un cadre r\u00e9glementaire \u00e9volutif - CBD Blog<\/title>\n<meta name=\"robots\" content=\"index, follow, max-snippet:-1, max-image-preview:large, max-video-preview:-1\" \/>\n<link rel=\"canonical\" href=\"https:\/\/www.cbd.fr\/blog\/la-legislation-du-cbd-en-colombie-un-cadre-reglementaire-evolutif\/\" \/>\n<meta property=\"og:locale\" content=\"fr_FR\" \/>\n<meta property=\"og:type\" content=\"article\" \/>\n<meta property=\"og:title\" content=\"\ud83c\udf31La l\u00e9gislation du CBD en Colombie : un cadre r\u00e9glementaire \u00e9volutif - CBD.fr \ud83c\udf31\" \/>\n<meta property=\"og:description\" content=\"L\u2019\u00e9volution de la l\u00e9gislation concernant le CBD et le cannabis en Colombie repr\u00e9sente un sujet d&#8217;actualit\u00e9 majeur qui suscite \u00e0 la fois int\u00e9r\u00eat et d\u00e9bats. Depuis les modifications l\u00e9gislatives r\u00e9centes, la Colombie se positionne comme l\u2019un des leaders sud-am\u00e9ricains dans ce domaine. Cette transition vers une r\u00e9gulation plus ouverte pourrait encourager les investissements \u00e9trangers tout [&hellip;]\" \/>\n<meta property=\"og:url\" content=\"https:\/\/www.cbd.fr\/blog\/la-legislation-du-cbd-en-colombie-un-cadre-reglementaire-evolutif\/\" \/>\n<meta property=\"og:site_name\" content=\"CBD Blog\" \/>\n<meta property=\"article:publisher\" content=\"https:\/\/www.facebook.com\/cbdfrr\/\" \/>\n<meta property=\"article:published_time\" content=\"2024-05-18T08:00:00+00:00\" \/>\n<meta property=\"og:image\" content=\"https:\/\/www.cbd.fr\/blog\/wp-content\/uploads\/2024\/05\/la-legislation-du-cbd-en-colombie-un-cadre-reglementaire-evolutif.jpg\" \/>\n\t<meta property=\"og:image:width\" content=\"1456\" \/>\n\t<meta property=\"og:image:height\" content=\"832\" \/>\n\t<meta property=\"og:image:type\" content=\"image\/jpeg\" \/>\n<meta name=\"author\" content=\"Julien\" \/>\n<meta name=\"twitter:card\" content=\"summary_large_image\" \/>\n<meta name=\"twitter:label1\" content=\"\u00c9crit par\" \/>\n\t<meta name=\"twitter:data1\" content=\"Julien\" \/>\n\t<meta name=\"twitter:label2\" content=\"Dur\u00e9e de lecture estim\u00e9e\" \/>\n\t<meta name=\"twitter:data2\" content=\"4 minutes\" \/>\n<!-- \/ Yoast SEO Premium plugin. -->","yoast_head_json":{"title":"La l\u00e9gislation du CBD en Colombie : un cadre r\u00e9glementaire \u00e9volutif - CBD Blog","robots":{"index":"index","follow":"follow","max-snippet":"max-snippet:-1","max-image-preview":"max-image-preview:large","max-video-preview":"max-video-preview:-1"},"canonical":"https:\/\/www.cbd.fr\/blog\/la-legislation-du-cbd-en-colombie-un-cadre-reglementaire-evolutif\/","og_locale":"fr_FR","og_type":"article","og_title":"\ud83c\udf31La l\u00e9gislation du CBD en Colombie : un cadre r\u00e9glementaire \u00e9volutif - CBD.fr \ud83c\udf31","og_description":"L\u2019\u00e9volution de la l\u00e9gislation concernant le CBD et le cannabis en Colombie repr\u00e9sente un sujet d&#8217;actualit\u00e9 majeur qui suscite \u00e0 la fois int\u00e9r\u00eat et d\u00e9bats. Depuis les modifications l\u00e9gislatives r\u00e9centes, la Colombie se positionne comme l\u2019un des leaders sud-am\u00e9ricains dans ce domaine. Cette transition vers une r\u00e9gulation plus ouverte pourrait encourager les investissements \u00e9trangers tout [&hellip;]","og_url":"https:\/\/www.cbd.fr\/blog\/la-legislation-du-cbd-en-colombie-un-cadre-reglementaire-evolutif\/","og_site_name":"CBD Blog","article_publisher":"https:\/\/www.facebook.com\/cbdfrr\/","article_published_time":"2024-05-18T08:00:00+00:00","og_image":[{"width":1456,"height":832,"url":"https:\/\/www.cbd.fr\/blog\/wp-content\/uploads\/2024\/05\/la-legislation-du-cbd-en-colombie-un-cadre-reglementaire-evolutif.jpg","type":"image\/jpeg"}],"author":"Julien","twitter_card":"summary_large_image","twitter_misc":{"\u00c9crit par":"Julien","Dur\u00e9e de lecture estim\u00e9e":"4 minutes"},"schema":{"@context":"https:\/\/schema.org","@graph":[{"@type":"Article","@id":"https:\/\/www.cbd.fr\/blog\/la-legislation-du-cbd-en-colombie-un-cadre-reglementaire-evolutif\/#article","isPartOf":{"@id":"https:\/\/www.cbd.fr\/blog\/la-legislation-du-cbd-en-colombie-un-cadre-reglementaire-evolutif\/"},"author":{"name":"Julien","@id":"https:\/\/www.cbd.fr\/blog\/#\/schema\/person\/d78b472d184ec8ae4135d454e3338c04"},"headline":"La l\u00e9gislation du CBD en Colombie : un cadre r\u00e9glementaire \u00e9volutif","datePublished":"2024-05-18T08:00:00+00:00","mainEntityOfPage":{"@id":"https:\/\/www.cbd.fr\/blog\/la-legislation-du-cbd-en-colombie-un-cadre-reglementaire-evolutif\/"},"wordCount":760,"publisher":{"@id":"https:\/\/www.cbd.fr\/blog\/#organization"},"image":{"@id":"https:\/\/www.cbd.fr\/blog\/la-legislation-du-cbd-en-colombie-un-cadre-reglementaire-evolutif\/#primaryimage"},"thumbnailUrl":"https:\/\/www.cbd.fr\/blog\/wp-content\/uploads\/2024\/05\/la-legislation-du-cbd-en-colombie-un-cadre-reglementaire-evolutif.jpg","articleSection":["L\u00e9gislation du CBD"],"inLanguage":"fr-FR"},{"@type":"WebPage","@id":"https:\/\/www.cbd.fr\/blog\/la-legislation-du-cbd-en-colombie-un-cadre-reglementaire-evolutif\/","url":"https:\/\/www.cbd.fr\/blog\/la-legislation-du-cbd-en-colombie-un-cadre-reglementaire-evolutif\/","name":"La l\u00e9gislation du CBD en Colombie : un cadre r\u00e9glementaire \u00e9volutif - CBD Blog","isPartOf":{"@id":"https:\/\/www.cbd.fr\/blog\/#website"},"primaryImageOfPage":{"@id":"https:\/\/www.cbd.fr\/blog\/la-legislation-du-cbd-en-colombie-un-cadre-reglementaire-evolutif\/#primaryimage"},"image":{"@id":"https:\/\/www.cbd.fr\/blog\/la-legislation-du-cbd-en-colombie-un-cadre-reglementaire-evolutif\/#primaryimage"},"thumbnailUrl":"https:\/\/www.cbd.fr\/blog\/wp-content\/uploads\/2024\/05\/la-legislation-du-cbd-en-colombie-un-cadre-reglementaire-evolutif.jpg","datePublished":"2024-05-18T08:00:00+00:00","breadcrumb":{"@id":"https:\/\/www.cbd.fr\/blog\/la-legislation-du-cbd-en-colombie-un-cadre-reglementaire-evolutif\/#breadcrumb"},"inLanguage":"fr-FR","potentialAction":[{"@type":"ReadAction","target":["https:\/\/www.cbd.fr\/blog\/la-legislation-du-cbd-en-colombie-un-cadre-reglementaire-evolutif\/"]}]},{"@type":"ImageObject","inLanguage":"fr-FR","@id":"https:\/\/www.cbd.fr\/blog\/la-legislation-du-cbd-en-colombie-un-cadre-reglementaire-evolutif\/#primaryimage","url":"https:\/\/www.cbd.fr\/blog\/wp-content\/uploads\/2024\/05\/la-legislation-du-cbd-en-colombie-un-cadre-reglementaire-evolutif.jpg","contentUrl":"https:\/\/www.cbd.fr\/blog\/wp-content\/uploads\/2024\/05\/la-legislation-du-cbd-en-colombie-un-cadre-reglementaire-evolutif.jpg","width":1456,"height":832,"caption":"La l\u00e9gislation du CBD en Colombie&nbsp;: un cadre r\u00e9glementaire \u00e9volutif, cannabis, r\u00e9cr\u00e9atif, l\u00e9gal"},{"@type":"BreadcrumbList","@id":"https:\/\/www.cbd.fr\/blog\/la-legislation-du-cbd-en-colombie-un-cadre-reglementaire-evolutif\/#breadcrumb","itemListElement":[{"@type":"ListItem","position":1,"name":"CBD Blog","item":"https:\/\/www.cbd.fr\/blog\/"},{"@type":"ListItem","position":2,"name":"L\u00e9gislation du CBD","item":"https:\/\/www.cbd.fr\/blog\/category\/legislation\/"},{"@type":"ListItem","position":3,"name":"La l\u00e9gislation du CBD en Colombie : un cadre r\u00e9glementaire \u00e9volutif"}]},{"@type":"WebSite","@id":"https:\/\/www.cbd.fr\/blog\/#website","url":"https:\/\/www.cbd.fr\/blog\/","name":"CBD Blog","description":"Le meilleur blog de CBD et du chanvre en France par CBD.fr","publisher":{"@id":"https:\/\/www.cbd.fr\/blog\/#organization"},"alternateName":"CBD.fr","potentialAction":[{"@type":"SearchAction","target":{"@type":"EntryPoint","urlTemplate":"https:\/\/www.cbd.fr\/blog\/?s={search_term_string}"},"query-input":{"@type":"PropertyValueSpecification","valueRequired":true,"valueName":"search_term_string"}}],"inLanguage":"fr-FR"},{"@type":"Organization","@id":"https:\/\/www.cbd.fr\/blog\/#organization","name":"CBD.fr","alternateName":"CBD.fr","url":"https:\/\/www.cbd.fr\/blog\/","logo":{"@type":"ImageObject","inLanguage":"fr-FR","@id":"https:\/\/www.cbd.fr\/blog\/#\/schema\/logo\/image\/","url":"https:\/\/www.cbd.fr\/blog\/wp-content\/uploads\/2023\/01\/logo-cbd.png","contentUrl":"https:\/\/www.cbd.fr\/blog\/wp-content\/uploads\/2023\/01\/logo-cbd.png","width":215,"height":100,"caption":"CBD.fr"},"image":{"@id":"https:\/\/www.cbd.fr\/blog\/#\/schema\/logo\/image\/"},"sameAs":["https:\/\/www.facebook.com\/cbdfrr\/","https:\/\/www.instagram.com\/cbdfr\/","https:\/\/www.youtube.com\/@CBD_fr","https:\/\/www.linkedin.com\/company\/cbd-fr\/"],"description":"CBD.fr est le leaders fran\u00e7ais du bien-\u00eatre et du CBD, proposant une large gamme de produits \u00e0 base de chanvre rigoureusement s\u00e9lectionn\u00e9s. Expertise, qualit\u00e9 et p\u00e9dagogie sont au c\u0153ur de l\u2019exp\u00e9rience CBD.fr.","email":"support@cbd.fr","telephone":"0189720196","legalName":"CBD.fr","foundingDate":"2021-01-01","taxID":"760933","numberOfEmployees":{"@type":"QuantitativeValue","minValue":"11","maxValue":"50"}},{"@type":"Person","@id":"https:\/\/www.cbd.fr\/blog\/#\/schema\/person\/d78b472d184ec8ae4135d454e3338c04","name":"Julien","image":{"@type":"ImageObject","inLanguage":"fr-FR","@id":"https:\/\/www.cbd.fr\/blog\/#\/schema\/person\/image\/","url":"https:\/\/secure.gravatar.com\/avatar\/58f2f1b1e71c329d0226efe2cc40174640e1757e077dac013c980f3ee43c73a0?s=96&d=mm&r=g","contentUrl":"https:\/\/secure.gravatar.com\/avatar\/58f2f1b1e71c329d0226efe2cc40174640e1757e077dac013c980f3ee43c73a0?s=96&d=mm&r=g","caption":"Julien"},"description":"R\u00e9dacteur en chef sp\u00e9cialis\u00e9 en CBD Julien, n\u00e9 le 17 juillet 1978 en r\u00e9gion Parisienne, est un \u00e9minent r\u00e9dacteur et expert dans le domaine des produits \u00e0 base de CBD. Suite \u00e0 ses \u00e9tudes, Julien a d\u00e9velopp\u00e9 une passion pour les rem\u00e8des naturels, dont le CBD. En 2022, il int\u00e8gre l\u2019\u00e9quipe du site CBD.fr en qualit\u00e9 d\u2019expert et de contributeur r\u00e9gulier. Gr\u00e2ce \u00e0 son expertise scientifique et une \u00e9criture claire, Julien aide \u00e0 d\u00e9mystifier les aspects complexes du CBD, tout en mettant en lumi\u00e8re ses bienfaits et applications potentielles \u00e0 travers ses articles et participations \u00e0 des conf\u00e9rences.","honorificPrefix":"Mr","gender":"male","knowsAbout":["CBD","Cannabis","Copywriter"],"knowsLanguage":["French"],"jobTitle":"Editor-in-chief specializing in CBD","worksFor":"CBD.fr","url":"https:\/\/www.cbd.fr\/blog\/author\/redac-cbd\/"}]}},"_links":{"self":[{"href":"https:\/\/www.cbd.fr\/blog\/wp-json\/wp\/v2\/posts\/12541","targetHints":{"allow":["GET"]}}],"collection":[{"href":"https:\/\/www.cbd.fr\/blog\/wp-json\/wp\/v2\/posts"}],"about":[{"href":"https:\/\/www.cbd.fr\/blog\/wp-json\/wp\/v2\/types\/post"}],"author":[{"embeddable":true,"href":"https:\/\/www.cbd.fr\/blog\/wp-json\/wp\/v2\/users\/90"}],"replies":[{"embeddable":true,"href":"https:\/\/www.cbd.fr\/blog\/wp-json\/wp\/v2\/comments?post=12541"}],"version-history":[{"count":1,"href":"https:\/\/www.cbd.fr\/blog\/wp-json\/wp\/v2\/posts\/12541\/revisions"}],"predecessor-version":[{"id":12606,"href":"https:\/\/www.cbd.fr\/blog\/wp-json\/wp\/v2\/posts\/12541\/revisions\/12606"}],"wp:featuredmedia":[{"embeddable":true,"href":"https:\/\/www.cbd.fr\/blog\/wp-json\/wp\/v2\/media\/12540"}],"wp:attachment":[{"href":"https:\/\/www.cbd.fr\/blog\/wp-json\/wp\/v2\/media?parent=12541"}],"wp:term":[{"taxonomy":"category","embeddable":true,"href":"https:\/\/www.cbd.fr\/blog\/wp-json\/wp\/v2\/categories?post=12541"},{"taxonomy":"post_tag","embeddable":true,"href":"https:\/\/www.cbd.fr\/blog\/wp-json\/wp\/v2\/tags?post=12541"}],"curies":[{"name":"wp","href":"https:\/\/api.w.org\/{rel}","templated":true}]}}