{"id":12575,"date":"2024-08-25T10:00:00","date_gmt":"2024-08-25T08:00:00","guid":{"rendered":"https:\/\/www.cbd.fr\/blog\/?p=12575"},"modified":"2024-08-23T12:51:44","modified_gmt":"2024-08-23T10:51:44","slug":"la-legislation-du-cbd-au-costa-rica-un-cadre-en-evolution","status":"publish","type":"post","link":"https:\/\/www.cbd.fr\/blog\/la-legislation-du-cbd-au-costa-rica-un-cadre-en-evolution\/","title":{"rendered":"La l\u00e9gislation du CBD au Costa Rica : un cadre en \u00e9volution"},"content":{"rendered":"<p>L&#8217;industrie du <a href=\"https:\/\/www.cbd.fr\"><strong>CBD th\u00e9rapeutique<\/strong><\/a> conna\u00eet une expansion rapide \u00e0 travers le monde, et le Costa Rica n&#8217;est pas en reste. Avec une approche progressive en mati\u00e8re de r\u00e9gulation des substances m\u00e9dicinales et naturelles, ce pays d&#8217;Am\u00e9rique Centrale se positionne comme un acteur potentiellement important dans le domaine. L&#8217;\u00e9volution de la l\u00e9gislation costaricaine sur le CBD est essentielle non seulement pour les utilisateurs et producteurs locaux mais aussi pour les march\u00e9s internationaux qui suivent de pr\u00e8s les politiques de contr\u00f4le et de qualit\u00e9.<\/p>\n<div id=\"ez-toc-container\" class=\"ez-toc-v2_0_80 counter-hierarchy ez-toc-counter ez-toc-grey ez-toc-container-direction\">\n<div class=\"ez-toc-title-container\">\n<p class=\"ez-toc-title\" style=\"cursor:inherit\">Sommaire<\/p>\n<span class=\"ez-toc-title-toggle\"><a href=\"#\" class=\"ez-toc-pull-right ez-toc-btn ez-toc-btn-xs ez-toc-btn-default ez-toc-toggle\" aria-label=\"Toggle Table of Content\"><span class=\"ez-toc-js-icon-con\"><span class=\"\"><span class=\"eztoc-hide\" style=\"display:none;\">Toggle<\/span><span class=\"ez-toc-icon-toggle-span\"><svg style=\"fill: #43b981;color:#43b981\" xmlns=\"http:\/\/www.w3.org\/2000\/svg\" class=\"list-377408\" width=\"20px\" height=\"20px\" viewBox=\"0 0 24 24\" fill=\"none\"><path d=\"M6 6H4v2h2V6zm14 0H8v2h12V6zM4 11h2v2H4v-2zm16 0H8v2h12v-2zM4 16h2v2H4v-2zm16 0H8v2h12v-2z\" fill=\"currentColor\"><\/path><\/svg><svg style=\"fill: #43b981;color:#43b981\" class=\"arrow-unsorted-368013\" xmlns=\"http:\/\/www.w3.org\/2000\/svg\" width=\"10px\" height=\"10px\" viewBox=\"0 0 24 24\" version=\"1.2\" baseProfile=\"tiny\"><path d=\"M18.2 9.3l-6.2-6.3-6.2 6.3c-.2.2-.3.4-.3.7s.1.5.3.7c.2.2.4.3.7.3h11c.3 0 .5-.1.7-.3.2-.2.3-.5.3-.7s-.1-.5-.3-.7zM5.8 14.7l6.2 6.3 6.2-6.3c.2-.2.3-.5.3-.7s-.1-.5-.3-.7c-.2-.2-.4-.3-.7-.3h-11c-.3 0-.5.1-.7.3-.2.2-.3.5-.3.7s.1.5.3.7z\"\/><\/svg><\/span><\/span><\/span><\/a><\/span><\/div>\n<nav><ul class='ez-toc-list ez-toc-list-level-1 ' ><li class='ez-toc-page-1 ez-toc-heading-level-2'><a class=\"ez-toc-link ez-toc-heading-1\" href=\"https:\/\/www.cbd.fr\/blog\/la-legislation-du-cbd-au-costa-rica-un-cadre-en-evolution\/#Etat_actuel_de_la_legislation_costaricaine_sur_le_CBD\" >\u00c9tat actuel de la l\u00e9gislation costaricaine sur le CBD<\/a><\/li><li class='ez-toc-page-1 ez-toc-heading-level-2'><a class=\"ez-toc-link ez-toc-heading-2\" href=\"https:\/\/www.cbd.fr\/blog\/la-legislation-du-cbd-au-costa-rica-un-cadre-en-evolution\/#Regulations_specifiques_concernant_la_possession_et_la_consommation_de_CBD\" >Regulations sp\u00e9cifiques concernant la possession et la consommation de CBD<\/a><\/li><li class='ez-toc-page-1 ez-toc-heading-level-2'><a class=\"ez-toc-link ez-toc-heading-3\" href=\"https:\/\/www.cbd.fr\/blog\/la-legislation-du-cbd-au-costa-rica-un-cadre-en-evolution\/#Impact_de_la_legalisation_du_CBD_sur_la_relance_economique\" >Impact de la l\u00e9galisation du CBD sur la relance \u00e9conomique<\/a><\/li><li class='ez-toc-page-1 ez-toc-heading-level-2'><a class=\"ez-toc-link ez-toc-heading-4\" href=\"https:\/\/www.cbd.fr\/blog\/la-legislation-du-cbd-au-costa-rica-un-cadre-en-evolution\/#Production_vente_et_exportation_regles_et_perspectives\" >Production, vente et exportation : r\u00e8gles et perspectives<\/a><\/li><li class='ez-toc-page-1 ez-toc-heading-level-2'><a class=\"ez-toc-link ez-toc-heading-5\" href=\"https:\/\/www.cbd.fr\/blog\/la-legislation-du-cbd-au-costa-rica-un-cadre-en-evolution\/#Debats_en_cours_et_futur_de_la_legislation_du_CBD_au_Costa_Rica\" >D\u00e9bats en cours et futur de la l\u00e9gislation du CBD au Costa Rica<\/a><\/li><\/ul><\/nav><\/div>\n<h2><span class=\"ez-toc-section\" id=\"Etat_actuel_de_la_legislation_costaricaine_sur_le_CBD\"><\/span>\u00c9tat actuel de la l\u00e9gislation costaricaine sur le CBD<span class=\"ez-toc-section-end\"><\/span><\/h2>\n<p>Au Costa Rica, la culture du cannabis \u00e0 des fins m\u00e9dicales et son utilisation sous forme de CBD ont \u00e9t\u00e9 officiellement autoris\u00e9es suite \u00e0 l&#8217;adoption d&#8217;une l\u00e9gislation significative. En 2021, le pr\u00e9sident Carlos Alvarado a sign\u00e9 une loi permettant l&#8217;utilisation, la production et la commercialisation du cannabis et produits d\u00e9riv\u00e9s pour des <strong>usages m\u00e9dicaux<\/strong>. Cela indique une <strong>position ouverte<\/strong> du gouvernement vis-\u00e0-vis des tendances mondiales et souligne l&#8217;int\u00e9r\u00eat accru pour les b\u00e9n\u00e9fices th\u00e9rapeutiques du cannabis, notamment le <strong>CBD<\/strong>.<\/p>\n<h2><span class=\"ez-toc-section\" id=\"Regulations_specifiques_concernant_la_possession_et_la_consommation_de_CBD\"><\/span>Regulations sp\u00e9cifiques concernant la possession et la consommation de CBD<span class=\"ez-toc-section-end\"><\/span><\/h2>\n<p>Conform\u00e9ment \u00e0 la loi r\u00e9cente, la <strong>possession<\/strong> et la <strong>consommation<\/strong> de CBD sont permises uniquement dans un <strong>espace priv\u00e9<\/strong> et exclusivement pour ceux ayant des prescriptions m\u00e9dicales. Cette restriction vise \u00e0 pr\u00e9venir l&#8217;usage r\u00e9cr\u00e9atif et assure que l&#8217;utilisation du CBD reste encadr\u00e9e par des normes m\u00e9dicales strictes. Les patients doivent se conformer \u00e0 des directives pr\u00e9cises et obtenir leurs produits via des canaux l\u00e9gaux, garantissant ainsi la <strong>qualit\u00e9<\/strong> et la s\u00e9curit\u00e9 des produits consomm\u00e9s.<\/p>\n<h2><span class=\"ez-toc-section\" id=\"Impact_de_la_legalisation_du_CBD_sur_la_relance_economique\"><\/span>Impact de la l\u00e9galisation du CBD sur la relance \u00e9conomique<span class=\"ez-toc-section-end\"><\/span><\/h2>\n<p>Les <strong>d\u00e9put\u00e9s costaricains<\/strong> soutiennent que la l\u00e9galisation du CBD pourrait jouer un r\u00f4le cl\u00e9 dans la <strong>relance \u00e9conomique<\/strong> post-pand\u00e9mie du pays. L&#8217;ouverture de nouvelles industries autour de la culture et de l&#8217;extraction du CBD peut cr\u00e9er des emplois, g\u00e9n\u00e9rer des revenus fiscaux et stimuler les secteurs agricoles et pharmaceutiques. De plus, en attirant des investissements \u00e9trangers et en promouvant la recherche scientifique, le Costa Rica peut \u00e9galement renforcer sa position sur le march\u00e9 international du CBD th\u00e9rapeutique.<\/p>\n<h2><span class=\"ez-toc-section\" id=\"Production_vente_et_exportation_regles_et_perspectives\"><\/span>Production, vente et exportation : r\u00e8gles et perspectives<span class=\"ez-toc-section-end\"><\/span><\/h2>\n<p>La production locale de CBD est strictement r\u00e9gul\u00e9e pour s&#8217;assurer que toutes les op\u00e9rations respectent les normes environnementales et sanitaires requises. Les entreprises souhaitant cultiver du cannabis \u00e0 des fins de production de CBD doivent obtenir des licences officielles et se conformer \u00e0 des inspections r\u00e9guli\u00e8res. La vente de CBD est \u00e9galement r\u00e9glement\u00e9e; les produits doivent \u00eatre clairement \u00e9tiquet\u00e9s et inclure des informations d\u00e9taill\u00e9es sur leur composition et dosage conseill\u00e9.<\/p>\n<p>Quant \u00e0 l&#8217;exportation, elle offre un potentiel lucrative mais est soumise \u00e0 des r\u00e8glements encore plus rigoureux pour assurer que les produits distribu\u00e9s \u00e0 l&#8217;\u00e9tranger r\u00e9pondent aux standards internationaux de <strong>qualit\u00e9<\/strong> et de s\u00e9curit\u00e9. Cela implique des tests laboratoires minutieux et une transparence totale concernant la provenance et le traitement des extraits de CBD.<\/p>\n<ul>\n<li>R\u00e9glementation stricte sur la production de CBD<\/li>\n<li>Vente encadr\u00e9e par des normes de qualit\u00e9 et d&#8217;\u00e9tiquetage<\/li>\n<li>Potentiel d&#8217;exportation sous conditions de conformit\u00e9 internationale<\/li>\n<\/ul>\n<h2><span class=\"ez-toc-section\" id=\"Debats_en_cours_et_futur_de_la_legislation_du_CBD_au_Costa_Rica\"><\/span>D\u00e9bats en cours et futur de la l\u00e9gislation du CBD au Costa Rica<span class=\"ez-toc-section-end\"><\/span><\/h2>\n<p>Les discussions sur la r\u00e9gulation du CBD continuent d&#8217;\u00eatre anim\u00e9es au sein de la soci\u00e9t\u00e9 costaricaine et entre les corps l\u00e9gislatifs. Certains experts plaident en faveur d&#8217;un cadre encore plus lib\u00e9ral pour maximiser les impacts \u00e9conomiques, tandis que d&#8217;autres insistent sur la n\u00e9cessit\u00e9 de pr\u00e9server des contr\u00f4les solides pour \u00e9viter les abus. Le dialogue ouvert et inclusif semble \u00eatre le chemin choisi par le Costa Rica vers une politique de gestion du CBD bien \u00e9quilibr\u00e9e et adapt\u00e9e aux r\u00e9alit\u00e9s locales.<\/p>\n<p>Le cadre juridique du Costa Rica concernant le CBD repr\u00e9sente un exemple de la mani\u00e8re dont un pays peut naviguer entre les imp\u00e9ratifs de sant\u00e9 publique et les opportunit\u00e9s \u00e9conomiques. Avec une l\u00e9gislation progressiste mais prudente, le pays est bien plac\u00e9 pour devenir un leader dans le secteur du cannabis \u00e0 usage th\u00e9rapeutique en Am\u00e9rique Latine. Toutefois, la r\u00e9ussite de cette d\u00e9marche n\u00e9cessitera une vigilance continue, un ajustement des lois bas\u00e9 sur des \u00e9tudes scientifiques et une collaboration active entre les autorit\u00e9s gouvernementales, la communaut\u00e9 m\u00e9dicale et les entreprises du secteur.<\/p>\n\n\n<div class=\"kk-star-ratings kksr-auto kksr-align-left kksr-valign-bottom\"\n    data-payload='{&quot;align&quot;:&quot;left&quot;,&quot;id&quot;:&quot;12575&quot;,&quot;slug&quot;:&quot;default&quot;,&quot;valign&quot;:&quot;bottom&quot;,&quot;ignore&quot;:&quot;&quot;,&quot;reference&quot;:&quot;auto&quot;,&quot;class&quot;:&quot;&quot;,&quot;count&quot;:&quot;0&quot;,&quot;legendonly&quot;:&quot;&quot;,&quot;readonly&quot;:&quot;&quot;,&quot;score&quot;:&quot;0&quot;,&quot;starsonly&quot;:&quot;&quot;,&quot;best&quot;:&quot;5&quot;,&quot;gap&quot;:&quot;5&quot;,&quot;greet&quot;:&quot;Notez cet article&quot;,&quot;legend&quot;:&quot;0\\\/5 - (0 vote)&quot;,&quot;size&quot;:&quot;24&quot;,&quot;title&quot;:&quot;La l\u00e9gislation du CBD au Costa Rica : un cadre en \u00e9volution&quot;,&quot;width&quot;:&quot;0&quot;,&quot;_legend&quot;:&quot;{score}\\\/{best} - ({count} {votes})&quot;,&quot;font_factor&quot;:&quot;1.25&quot;}'>\n            \n<div class=\"kksr-stars\">\n    \n<div class=\"kksr-stars-inactive\">\n            <div class=\"kksr-star\" data-star=\"1\" style=\"padding-right: 5px\">\n            \n\n<div class=\"kksr-icon\" style=\"width: 24px; height: 24px;\"><\/div>\n        <\/div>\n            <div class=\"kksr-star\" data-star=\"2\" style=\"padding-right: 5px\">\n            \n\n<div class=\"kksr-icon\" style=\"width: 24px; height: 24px;\"><\/div>\n        <\/div>\n            <div class=\"kksr-star\" data-star=\"3\" style=\"padding-right: 5px\">\n            \n\n<div class=\"kksr-icon\" style=\"width: 24px; height: 24px;\"><\/div>\n        <\/div>\n            <div class=\"kksr-star\" data-star=\"4\" style=\"padding-right: 5px\">\n            \n\n<div class=\"kksr-icon\" style=\"width: 24px; height: 24px;\"><\/div>\n        <\/div>\n            <div class=\"kksr-star\" data-star=\"5\" style=\"padding-right: 5px\">\n            \n\n<div class=\"kksr-icon\" style=\"width: 24px; height: 24px;\"><\/div>\n        <\/div>\n    <\/div>\n    \n<div class=\"kksr-stars-active\" style=\"width: 0px;\">\n            <div class=\"kksr-star\" style=\"padding-right: 5px\">\n            \n\n<div class=\"kksr-icon\" style=\"width: 24px; height: 24px;\"><\/div>\n        <\/div>\n            <div class=\"kksr-star\" style=\"padding-right: 5px\">\n            \n\n<div class=\"kksr-icon\" style=\"width: 24px; height: 24px;\"><\/div>\n        <\/div>\n            <div class=\"kksr-star\" style=\"padding-right: 5px\">\n            \n\n<div class=\"kksr-icon\" style=\"width: 24px; height: 24px;\"><\/div>\n        <\/div>\n            <div class=\"kksr-star\" style=\"padding-right: 5px\">\n            \n\n<div class=\"kksr-icon\" style=\"width: 24px; height: 24px;\"><\/div>\n        <\/div>\n            <div class=\"kksr-star\" style=\"padding-right: 5px\">\n            \n\n<div class=\"kksr-icon\" style=\"width: 24px; height: 24px;\"><\/div>\n        <\/div>\n    <\/div>\n<\/div>\n                \n\n<div class=\"kksr-legend\" style=\"font-size: 19.2px;\">\n            <span class=\"kksr-muted\">Notez cet article<\/span>\n    <\/div>\n    <\/div>\n","protected":false},"excerpt":{"rendered":"<p>L&#8217;industrie du CBD th\u00e9rapeutique conna\u00eet une expansion rapide \u00e0 travers le monde, et le Costa Rica n&#8217;est pas en reste. Avec une approche progressive en mati\u00e8re de r\u00e9gulation des substances m\u00e9dicinales et naturelles, ce pays d&#8217;Am\u00e9rique Centrale se positionne comme un acteur potentiellement important dans le domaine. L&#8217;\u00e9volution de la l\u00e9gislation costaricaine sur le CBD [&hellip;]<\/p>\n","protected":false},"author":90,"featured_media":12574,"comment_status":"closed","ping_status":"open","sticky":false,"template":"","format":"standard","meta":{"_sitemap_exclude":false,"_sitemap_priority":"","_sitemap_frequency":"","footnotes":""},"categories":[37],"tags":[],"class_list":["post-12575","post","type-post","status-publish","format-standard","has-post-thumbnail","hentry","category-legislation"],"yoast_head":"<!-- This site is optimized with the Yoast SEO Premium plugin v26.9 (Yoast SEO v26.9) - https:\/\/yoast.com\/product\/yoast-seo-premium-wordpress\/ -->\n<title>La l\u00e9gislation du CBD au Costa Rica : un cadre en \u00e9volution - CBD Blog<\/title>\n<meta name=\"robots\" content=\"index, follow, max-snippet:-1, max-image-preview:large, max-video-preview:-1\" \/>\n<link rel=\"canonical\" href=\"https:\/\/www.cbd.fr\/blog\/la-legislation-du-cbd-au-costa-rica-un-cadre-en-evolution\/\" \/>\n<meta property=\"og:locale\" content=\"fr_FR\" \/>\n<meta property=\"og:type\" content=\"article\" \/>\n<meta property=\"og:title\" content=\"\ud83c\udf31La l\u00e9gislation du CBD au Costa Rica : un cadre en \u00e9volution - CBD.fr \ud83c\udf31\" \/>\n<meta property=\"og:description\" content=\"L&#8217;industrie du CBD th\u00e9rapeutique conna\u00eet une expansion rapide \u00e0 travers le monde, et le Costa Rica n&#8217;est pas en reste. Avec une approche progressive en mati\u00e8re de r\u00e9gulation des substances m\u00e9dicinales et naturelles, ce pays d&#8217;Am\u00e9rique Centrale se positionne comme un acteur potentiellement important dans le domaine. L&#8217;\u00e9volution de la l\u00e9gislation costaricaine sur le CBD [&hellip;]\" \/>\n<meta property=\"og:url\" content=\"https:\/\/www.cbd.fr\/blog\/la-legislation-du-cbd-au-costa-rica-un-cadre-en-evolution\/\" \/>\n<meta property=\"og:site_name\" content=\"CBD Blog\" \/>\n<meta property=\"article:publisher\" content=\"https:\/\/www.facebook.com\/cbdfrr\/\" \/>\n<meta property=\"article:published_time\" content=\"2024-08-25T08:00:00+00:00\" \/>\n<meta property=\"og:image\" content=\"https:\/\/www.cbd.fr\/blog\/wp-content\/uploads\/2024\/05\/la-legislation-du-cbd-au-costa-rica-un-cadre-en-evolution.jpg\" \/>\n\t<meta property=\"og:image:width\" content=\"1456\" \/>\n\t<meta property=\"og:image:height\" content=\"832\" \/>\n\t<meta property=\"og:image:type\" content=\"image\/jpeg\" \/>\n<meta name=\"author\" content=\"Julien\" \/>\n<meta name=\"twitter:card\" content=\"summary_large_image\" \/>\n<meta name=\"twitter:label1\" content=\"\u00c9crit par\" \/>\n\t<meta name=\"twitter:data1\" content=\"Julien\" \/>\n\t<meta name=\"twitter:label2\" content=\"Dur\u00e9e de lecture estim\u00e9e\" \/>\n\t<meta name=\"twitter:data2\" content=\"4 minutes\" \/>\n<!-- \/ Yoast SEO Premium plugin. -->","yoast_head_json":{"title":"La l\u00e9gislation du CBD au Costa Rica : un cadre en \u00e9volution - CBD Blog","robots":{"index":"index","follow":"follow","max-snippet":"max-snippet:-1","max-image-preview":"max-image-preview:large","max-video-preview":"max-video-preview:-1"},"canonical":"https:\/\/www.cbd.fr\/blog\/la-legislation-du-cbd-au-costa-rica-un-cadre-en-evolution\/","og_locale":"fr_FR","og_type":"article","og_title":"\ud83c\udf31La l\u00e9gislation du CBD au Costa Rica : un cadre en \u00e9volution - CBD.fr \ud83c\udf31","og_description":"L&#8217;industrie du CBD th\u00e9rapeutique conna\u00eet une expansion rapide \u00e0 travers le monde, et le Costa Rica n&#8217;est pas en reste. Avec une approche progressive en mati\u00e8re de r\u00e9gulation des substances m\u00e9dicinales et naturelles, ce pays d&#8217;Am\u00e9rique Centrale se positionne comme un acteur potentiellement important dans le domaine. L&#8217;\u00e9volution de la l\u00e9gislation costaricaine sur le CBD [&hellip;]","og_url":"https:\/\/www.cbd.fr\/blog\/la-legislation-du-cbd-au-costa-rica-un-cadre-en-evolution\/","og_site_name":"CBD Blog","article_publisher":"https:\/\/www.facebook.com\/cbdfrr\/","article_published_time":"2024-08-25T08:00:00+00:00","og_image":[{"width":1456,"height":832,"url":"https:\/\/www.cbd.fr\/blog\/wp-content\/uploads\/2024\/05\/la-legislation-du-cbd-au-costa-rica-un-cadre-en-evolution.jpg","type":"image\/jpeg"}],"author":"Julien","twitter_card":"summary_large_image","twitter_misc":{"\u00c9crit par":"Julien","Dur\u00e9e de lecture estim\u00e9e":"4 minutes"},"schema":{"@context":"https:\/\/schema.org","@graph":[{"@type":"Article","@id":"https:\/\/www.cbd.fr\/blog\/la-legislation-du-cbd-au-costa-rica-un-cadre-en-evolution\/#article","isPartOf":{"@id":"https:\/\/www.cbd.fr\/blog\/la-legislation-du-cbd-au-costa-rica-un-cadre-en-evolution\/"},"author":{"name":"Julien","@id":"https:\/\/www.cbd.fr\/blog\/#\/schema\/person\/d78b472d184ec8ae4135d454e3338c04"},"headline":"La l\u00e9gislation du CBD au Costa Rica : un cadre en \u00e9volution","datePublished":"2024-08-25T08:00:00+00:00","mainEntityOfPage":{"@id":"https:\/\/www.cbd.fr\/blog\/la-legislation-du-cbd-au-costa-rica-un-cadre-en-evolution\/"},"wordCount":771,"publisher":{"@id":"https:\/\/www.cbd.fr\/blog\/#organization"},"image":{"@id":"https:\/\/www.cbd.fr\/blog\/la-legislation-du-cbd-au-costa-rica-un-cadre-en-evolution\/#primaryimage"},"thumbnailUrl":"https:\/\/www.cbd.fr\/blog\/wp-content\/uploads\/2024\/05\/la-legislation-du-cbd-au-costa-rica-un-cadre-en-evolution.jpg","articleSection":["L\u00e9gislation du CBD"],"inLanguage":"fr-FR"},{"@type":"WebPage","@id":"https:\/\/www.cbd.fr\/blog\/la-legislation-du-cbd-au-costa-rica-un-cadre-en-evolution\/","url":"https:\/\/www.cbd.fr\/blog\/la-legislation-du-cbd-au-costa-rica-un-cadre-en-evolution\/","name":"La l\u00e9gislation du CBD au Costa Rica : un cadre en \u00e9volution - CBD Blog","isPartOf":{"@id":"https:\/\/www.cbd.fr\/blog\/#website"},"primaryImageOfPage":{"@id":"https:\/\/www.cbd.fr\/blog\/la-legislation-du-cbd-au-costa-rica-un-cadre-en-evolution\/#primaryimage"},"image":{"@id":"https:\/\/www.cbd.fr\/blog\/la-legislation-du-cbd-au-costa-rica-un-cadre-en-evolution\/#primaryimage"},"thumbnailUrl":"https:\/\/www.cbd.fr\/blog\/wp-content\/uploads\/2024\/05\/la-legislation-du-cbd-au-costa-rica-un-cadre-en-evolution.jpg","datePublished":"2024-08-25T08:00:00+00:00","breadcrumb":{"@id":"https:\/\/www.cbd.fr\/blog\/la-legislation-du-cbd-au-costa-rica-un-cadre-en-evolution\/#breadcrumb"},"inLanguage":"fr-FR","potentialAction":[{"@type":"ReadAction","target":["https:\/\/www.cbd.fr\/blog\/la-legislation-du-cbd-au-costa-rica-un-cadre-en-evolution\/"]}]},{"@type":"ImageObject","inLanguage":"fr-FR","@id":"https:\/\/www.cbd.fr\/blog\/la-legislation-du-cbd-au-costa-rica-un-cadre-en-evolution\/#primaryimage","url":"https:\/\/www.cbd.fr\/blog\/wp-content\/uploads\/2024\/05\/la-legislation-du-cbd-au-costa-rica-un-cadre-en-evolution.jpg","contentUrl":"https:\/\/www.cbd.fr\/blog\/wp-content\/uploads\/2024\/05\/la-legislation-du-cbd-au-costa-rica-un-cadre-en-evolution.jpg","width":1456,"height":832,"caption":"La l\u00e9gislation du CBD au Costa Rica : un cadre en \u00e9volution, possession, consommation, espace priv\u00e9"},{"@type":"BreadcrumbList","@id":"https:\/\/www.cbd.fr\/blog\/la-legislation-du-cbd-au-costa-rica-un-cadre-en-evolution\/#breadcrumb","itemListElement":[{"@type":"ListItem","position":1,"name":"CBD Blog","item":"https:\/\/www.cbd.fr\/blog\/"},{"@type":"ListItem","position":2,"name":"L\u00e9gislation du CBD","item":"https:\/\/www.cbd.fr\/blog\/category\/legislation\/"},{"@type":"ListItem","position":3,"name":"La l\u00e9gislation du CBD au Costa Rica : un cadre en \u00e9volution"}]},{"@type":"WebSite","@id":"https:\/\/www.cbd.fr\/blog\/#website","url":"https:\/\/www.cbd.fr\/blog\/","name":"CBD Blog","description":"Le meilleur blog de CBD et du chanvre en France par CBD.fr","publisher":{"@id":"https:\/\/www.cbd.fr\/blog\/#organization"},"alternateName":"CBD.fr","potentialAction":[{"@type":"SearchAction","target":{"@type":"EntryPoint","urlTemplate":"https:\/\/www.cbd.fr\/blog\/?s={search_term_string}"},"query-input":{"@type":"PropertyValueSpecification","valueRequired":true,"valueName":"search_term_string"}}],"inLanguage":"fr-FR"},{"@type":"Organization","@id":"https:\/\/www.cbd.fr\/blog\/#organization","name":"CBD.fr","alternateName":"CBD.fr","url":"https:\/\/www.cbd.fr\/blog\/","logo":{"@type":"ImageObject","inLanguage":"fr-FR","@id":"https:\/\/www.cbd.fr\/blog\/#\/schema\/logo\/image\/","url":"https:\/\/www.cbd.fr\/blog\/wp-content\/uploads\/2023\/01\/logo-cbd.png","contentUrl":"https:\/\/www.cbd.fr\/blog\/wp-content\/uploads\/2023\/01\/logo-cbd.png","width":215,"height":100,"caption":"CBD.fr"},"image":{"@id":"https:\/\/www.cbd.fr\/blog\/#\/schema\/logo\/image\/"},"sameAs":["https:\/\/www.facebook.com\/cbdfrr\/","https:\/\/www.instagram.com\/cbdfr\/","https:\/\/www.youtube.com\/@CBD_fr","https:\/\/www.linkedin.com\/company\/cbd-fr\/"],"description":"CBD.fr est le leaders fran\u00e7ais du bien-\u00eatre et du CBD, proposant une large gamme de produits \u00e0 base de chanvre rigoureusement s\u00e9lectionn\u00e9s. Expertise, qualit\u00e9 et p\u00e9dagogie sont au c\u0153ur de l\u2019exp\u00e9rience CBD.fr.","email":"support@cbd.fr","telephone":"0189720196","legalName":"CBD.fr","foundingDate":"2021-01-01","taxID":"760933","numberOfEmployees":{"@type":"QuantitativeValue","minValue":"11","maxValue":"50"}},{"@type":"Person","@id":"https:\/\/www.cbd.fr\/blog\/#\/schema\/person\/d78b472d184ec8ae4135d454e3338c04","name":"Julien","image":{"@type":"ImageObject","inLanguage":"fr-FR","@id":"https:\/\/www.cbd.fr\/blog\/#\/schema\/person\/image\/","url":"https:\/\/secure.gravatar.com\/avatar\/58f2f1b1e71c329d0226efe2cc40174640e1757e077dac013c980f3ee43c73a0?s=96&d=mm&r=g","contentUrl":"https:\/\/secure.gravatar.com\/avatar\/58f2f1b1e71c329d0226efe2cc40174640e1757e077dac013c980f3ee43c73a0?s=96&d=mm&r=g","caption":"Julien"},"description":"R\u00e9dacteur en chef sp\u00e9cialis\u00e9 en CBD Julien, n\u00e9 le 17 juillet 1978 en r\u00e9gion Parisienne, est un \u00e9minent r\u00e9dacteur et expert dans le domaine des produits \u00e0 base de CBD. Suite \u00e0 ses \u00e9tudes, Julien a d\u00e9velopp\u00e9 une passion pour les rem\u00e8des naturels, dont le CBD. En 2022, il int\u00e8gre l\u2019\u00e9quipe du site CBD.fr en qualit\u00e9 d\u2019expert et de contributeur r\u00e9gulier. Gr\u00e2ce \u00e0 son expertise scientifique et une \u00e9criture claire, Julien aide \u00e0 d\u00e9mystifier les aspects complexes du CBD, tout en mettant en lumi\u00e8re ses bienfaits et applications potentielles \u00e0 travers ses articles et participations \u00e0 des conf\u00e9rences.","honorificPrefix":"Mr","gender":"male","knowsAbout":["CBD","Cannabis","Copywriter"],"knowsLanguage":["French"],"jobTitle":"Editor-in-chief specializing in CBD","worksFor":"CBD.fr","url":"https:\/\/www.cbd.fr\/blog\/author\/redac-cbd\/"}]}},"_links":{"self":[{"href":"https:\/\/www.cbd.fr\/blog\/wp-json\/wp\/v2\/posts\/12575","targetHints":{"allow":["GET"]}}],"collection":[{"href":"https:\/\/www.cbd.fr\/blog\/wp-json\/wp\/v2\/posts"}],"about":[{"href":"https:\/\/www.cbd.fr\/blog\/wp-json\/wp\/v2\/types\/post"}],"author":[{"embeddable":true,"href":"https:\/\/www.cbd.fr\/blog\/wp-json\/wp\/v2\/users\/90"}],"replies":[{"embeddable":true,"href":"https:\/\/www.cbd.fr\/blog\/wp-json\/wp\/v2\/comments?post=12575"}],"version-history":[{"count":2,"href":"https:\/\/www.cbd.fr\/blog\/wp-json\/wp\/v2\/posts\/12575\/revisions"}],"predecessor-version":[{"id":13339,"href":"https:\/\/www.cbd.fr\/blog\/wp-json\/wp\/v2\/posts\/12575\/revisions\/13339"}],"wp:featuredmedia":[{"embeddable":true,"href":"https:\/\/www.cbd.fr\/blog\/wp-json\/wp\/v2\/media\/12574"}],"wp:attachment":[{"href":"https:\/\/www.cbd.fr\/blog\/wp-json\/wp\/v2\/media?parent=12575"}],"wp:term":[{"taxonomy":"category","embeddable":true,"href":"https:\/\/www.cbd.fr\/blog\/wp-json\/wp\/v2\/categories?post=12575"},{"taxonomy":"post_tag","embeddable":true,"href":"https:\/\/www.cbd.fr\/blog\/wp-json\/wp\/v2\/tags?post=12575"}],"curies":[{"name":"wp","href":"https:\/\/api.w.org\/{rel}","templated":true}]}}