{"id":13964,"date":"2025-10-19T08:00:00","date_gmt":"2025-10-19T06:00:00","guid":{"rendered":"https:\/\/www.cbd.fr\/blog\/?p=13964"},"modified":"2025-08-20T17:13:04","modified_gmt":"2025-08-20T15:13:04","slug":"barometre-2025-des-prix-du-cbd-en-france-comprendre-les-ecarts-regionaux","status":"publish","type":"post","link":"https:\/\/www.cbd.fr\/blog\/barometre-2025-des-prix-du-cbd-en-france-comprendre-les-ecarts-regionaux\/","title":{"rendered":"Barom\u00e8tre 2025 des prix du CBD en France : comprendre les \u00e9carts r\u00e9gionaux"},"content":{"rendered":"<p>Le <strong>march\u00e9 du CBD<\/strong> ne cesse de se r\u00e9inventer partout en France, gagnant en popularit\u00e9 et en diversit\u00e9. En 2025, les <strong>variations r\u00e9gionales<\/strong> sur le <strong>prix du CBD<\/strong> intriguent autant qu\u2019elles influencent la <strong>consommation de CBD<\/strong> des Fran\u00e7ais. Cette analyse d\u00e9taille l\u2019\u00e9volution des tarifs au sein du march\u00e9, examine les facteurs qui expliquent ces \u00e9carts par r\u00e9gion et propose des <strong>statistiques CBD<\/strong> in\u00e9dites pour affiner son <strong>budget consacr\u00e9 aux produits \u00e0 base de CBD<\/strong>.<\/p>\n\n<div id=\"ez-toc-container\" class=\"ez-toc-v2_0_80 counter-hierarchy ez-toc-counter ez-toc-grey ez-toc-container-direction\">\n<div class=\"ez-toc-title-container\">\n<p class=\"ez-toc-title\" style=\"cursor:inherit\">Sommaire<\/p>\n<span class=\"ez-toc-title-toggle\"><a href=\"#\" class=\"ez-toc-pull-right ez-toc-btn ez-toc-btn-xs ez-toc-btn-default ez-toc-toggle\" aria-label=\"Toggle Table of Content\"><span class=\"ez-toc-js-icon-con\"><span class=\"\"><span class=\"eztoc-hide\" style=\"display:none;\">Toggle<\/span><span class=\"ez-toc-icon-toggle-span\"><svg style=\"fill: #43b981;color:#43b981\" xmlns=\"http:\/\/www.w3.org\/2000\/svg\" class=\"list-377408\" width=\"20px\" height=\"20px\" viewBox=\"0 0 24 24\" fill=\"none\"><path d=\"M6 6H4v2h2V6zm14 0H8v2h12V6zM4 11h2v2H4v-2zm16 0H8v2h12v-2zM4 16h2v2H4v-2zm16 0H8v2h12v-2z\" fill=\"currentColor\"><\/path><\/svg><svg style=\"fill: #43b981;color:#43b981\" class=\"arrow-unsorted-368013\" xmlns=\"http:\/\/www.w3.org\/2000\/svg\" width=\"10px\" height=\"10px\" viewBox=\"0 0 24 24\" version=\"1.2\" baseProfile=\"tiny\"><path d=\"M18.2 9.3l-6.2-6.3-6.2 6.3c-.2.2-.3.4-.3.7s.1.5.3.7c.2.2.4.3.7.3h11c.3 0 .5-.1.7-.3.2-.2.3-.5.3-.7s-.1-.5-.3-.7zM5.8 14.7l6.2 6.3 6.2-6.3c.2-.2.3-.5.3-.7s-.1-.5-.3-.7c-.2-.2-.4-.3-.7-.3h-11c-.3 0-.5.1-.7.3-.2.2-.3.5-.3.7s.1.5.3.7z\"\/><\/svg><\/span><\/span><\/span><\/a><\/span><\/div>\n<nav><ul class='ez-toc-list ez-toc-list-level-1 ' ><li class='ez-toc-page-1 ez-toc-heading-level-2'><a class=\"ez-toc-link ez-toc-heading-1\" href=\"https:\/\/www.cbd.fr\/blog\/barometre-2025-des-prix-du-cbd-en-france-comprendre-les-ecarts-regionaux\/#Panorama_national_des_prix_du_CBD\" >Panorama national des prix du CBD<\/a><\/li><li class='ez-toc-page-1 ez-toc-heading-level-2'><a class=\"ez-toc-link ez-toc-heading-2\" href=\"https:\/\/www.cbd.fr\/blog\/barometre-2025-des-prix-du-cbd-en-france-comprendre-les-ecarts-regionaux\/#Pourquoi_observe-t-on_de_telles_variations_regionales\" >Pourquoi observe-t-on de telles variations r\u00e9gionales&nbsp;?<\/a><ul class='ez-toc-list-level-3' ><li class='ez-toc-heading-level-3'><a class=\"ez-toc-link ez-toc-heading-3\" href=\"https:\/\/www.cbd.fr\/blog\/barometre-2025-des-prix-du-cbd-en-france-comprendre-les-ecarts-regionaux\/#Limpact_de_loffre_disponible\" >L\u2019impact de l\u2019offre disponible<\/a><\/li><li class='ez-toc-page-1 ez-toc-heading-level-3'><a class=\"ez-toc-link ez-toc-heading-4\" href=\"https:\/\/www.cbd.fr\/blog\/barometre-2025-des-prix-du-cbd-en-france-comprendre-les-ecarts-regionaux\/#Influence_de_la_reglementation_locale\" >Influence de la r\u00e9glementation locale<\/a><\/li><\/ul><\/li><li class='ez-toc-page-1 ez-toc-heading-level-2'><a class=\"ez-toc-link ez-toc-heading-5\" href=\"https:\/\/www.cbd.fr\/blog\/barometre-2025-des-prix-du-cbd-en-france-comprendre-les-ecarts-regionaux\/#Comparaison_chiffree_les_regions_face_a_leurs_ecarts_de_prix\" >Comparaison chiffr\u00e9e&nbsp;: les r\u00e9gions face \u00e0 leurs \u00e9carts de prix<\/a><\/li><li class='ez-toc-page-1 ez-toc-heading-level-2'><a class=\"ez-toc-link ez-toc-heading-6\" href=\"https:\/\/www.cbd.fr\/blog\/barometre-2025-des-prix-du-cbd-en-france-comprendre-les-ecarts-regionaux\/#Tendances_du_marche_et_perspectives_pour_2025\" >Tendances du march\u00e9 et perspectives pour 2025<\/a><ul class='ez-toc-list-level-3' ><li class='ez-toc-heading-level-3'><a class=\"ez-toc-link ez-toc-heading-7\" href=\"https:\/\/www.cbd.fr\/blog\/barometre-2025-des-prix-du-cbd-en-france-comprendre-les-ecarts-regionaux\/#Montee_des_circuits_courts_et_productions_locales\" >Mont\u00e9e des circuits courts et productions locales<\/a><\/li><li class='ez-toc-page-1 ez-toc-heading-level-3'><a class=\"ez-toc-link ez-toc-heading-8\" href=\"https:\/\/www.cbd.fr\/blog\/barometre-2025-des-prix-du-cbd-en-france-comprendre-les-ecarts-regionaux\/#Poids_de_la_recherche_scientifique_et_evolution_reglementaire\" >Poids de la recherche scientifique et \u00e9volution r\u00e9glementaire<\/a><\/li><\/ul><\/li><li class='ez-toc-page-1 ez-toc-heading-level-2'><a class=\"ez-toc-link ez-toc-heading-9\" href=\"https:\/\/www.cbd.fr\/blog\/barometre-2025-des-prix-du-cbd-en-france-comprendre-les-ecarts-regionaux\/#Vos_questions_sur_les_ecarts_de_prix_regionaux_en_France\" >Vos questions sur les \u00e9carts de prix r\u00e9gionaux en France<\/a><ul class='ez-toc-list-level-3' ><li class='ez-toc-heading-level-3'><a class=\"ez-toc-link ez-toc-heading-10\" href=\"https:\/\/www.cbd.fr\/blog\/barometre-2025-des-prix-du-cbd-en-france-comprendre-les-ecarts-regionaux\/#Quelles_sont_les_regions_les_moins_cheres_pour_acheter_du_CBD_en_2025\" >Quelles sont les r\u00e9gions les moins ch\u00e8res pour acheter du CBD en 2025&nbsp;?<\/a><\/li><li class='ez-toc-page-1 ez-toc-heading-level-3'><a class=\"ez-toc-link ez-toc-heading-11\" href=\"https:\/\/www.cbd.fr\/blog\/barometre-2025-des-prix-du-cbd-en-france-comprendre-les-ecarts-regionaux\/#Quels_facteurs_peuvent_justifier_un_ecart_important_du_prix_du_CBD_entre_deux_regions\" >Quels facteurs peuvent justifier un \u00e9cart important du prix du CBD entre deux r\u00e9gions&nbsp;?<\/a><\/li><li class='ez-toc-page-1 ez-toc-heading-level-3'><a class=\"ez-toc-link ez-toc-heading-12\" href=\"https:\/\/www.cbd.fr\/blog\/barometre-2025-des-prix-du-cbd-en-france-comprendre-les-ecarts-regionaux\/#Comment_evolueront_les_prix_du_CBD_en_2025_sur_le_territoire_francais\" >Comment \u00e9volueront les prix du CBD en 2025 sur le territoire fran\u00e7ais&nbsp;?<\/a><\/li><li class='ez-toc-page-1 ez-toc-heading-level-3'><a class=\"ez-toc-link ez-toc-heading-13\" href=\"https:\/\/www.cbd.fr\/blog\/barometre-2025-des-prix-du-cbd-en-france-comprendre-les-ecarts-regionaux\/#Existe-t-il_des_solutions_pour_optimiser_son_budget_lie_a_la_consommation_de_CBD\" >Existe-t-il des solutions pour optimiser son budget li\u00e9 \u00e0 la consommation de CBD&nbsp;?<\/a><\/li><\/ul><\/li><\/ul><\/nav><\/div>\n<h2><span class=\"ez-toc-section\" id=\"Panorama_national_des_prix_du_CBD\"><\/span>Panorama national des prix du CBD<span class=\"ez-toc-section-end\"><\/span><\/h2>\n<p>La <strong>croissance du march\u00e9 du CBD<\/strong> incite \u00e0 surveiller attentivement l\u2019<strong>accessibilit\u00e9 du CBD<\/strong> \u00e0 travers tout l\u2019Hexagone. De Paris \u00e0 Marseille, des offres diverses dessinent un paysage bigarr\u00e9, o\u00f9 le <strong>prix du CBD<\/strong> varie selon la typologie des points de vente, la densit\u00e9 de boutiques et l\u2019origine des <strong>produits \u00e0 base de CBD<\/strong>. Par ailleurs, pour mieux saisir comment le secteur s\u2019est structur\u00e9 r\u00e9cemment, il est int\u00e9ressant de se pencher sur l\u2019analyse d\u00e9di\u00e9e \u00e0 <a href=\"https:\/\/www.cbd.fr\/blog\/le-cbd-en-france-en-2023-un-marche-en-pleine-croissance\/\">l\u2019\u00e9volution du march\u00e9 du CBD en France en 2023<\/a>, qui met en lumi\u00e8re sa forte croissance et ses perspectives de d\u00e9veloppement.<\/p>\n<p>L\u2019ancrage du CBD dans les habitudes a stimul\u00e9 une offre tr\u00e8s large. R\u00e9sultat&nbsp;: les consommateurs naviguent entre une multitude de formats (<a href=\"https:\/\/www.cbd.fr\/84huiles-de-cbd\" data-internallinksmanager029f6b8e52c=\"3\" title=\"Huile CBD\">huiles<\/a>, r\u00e9sines, fleurs, <a href=\"https:\/\/www.cbd.fr\/150tisane-et-infusions-cbd\" data-internallinksmanager029f6b8e52c=\"13\" title=\"Infusion CBD\">infusions<\/a>) avec, \u00e0 chaque achat, une r\u00e9flexion sur leur <strong>budget<\/strong>. Les <strong>\u00e9carts constat\u00e9s<\/strong> r\u00e9v\u00e8lent que l\u2019uniformisation reste encore loin d\u2019\u00eatre atteinte dans la fili\u00e8re fran\u00e7aise.<\/p>\n\n<h2><span class=\"ez-toc-section\" id=\"Pourquoi_observe-t-on_de_telles_variations_regionales\"><\/span>Pourquoi observe-t-on de telles variations r\u00e9gionales&nbsp;?<span class=\"ez-toc-section-end\"><\/span><\/h2>\n<p>Les diff\u00e9rences de <strong>prix du CBD<\/strong> \u00e0 travers la France rel\u00e8vent de plusieurs ph\u00e9nom\u00e8nes conjoints. Selon les <strong>tendances du march\u00e9<\/strong>, l\u2019approvisionnement local, la fiscalit\u00e9 ou encore la fr\u00e9quence de <strong>consommation de CBD<\/strong> modulent consid\u00e9rablement la tarification finale propos\u00e9e aux clients.<\/p>\n<p>Ainsi, si l\u2019on constate souvent un niveau de prix plus \u00e9lev\u00e9 dans les centres-villes, c\u2019est aussi li\u00e9 \u00e0 la pression immobili\u00e8re sur les boutiques et aux frais logistiques inh\u00e9rents au transport des marchandises issues de cultures parfois \u00e9loign\u00e9es de la m\u00e9tropole. La <strong>demande locale<\/strong> fa\u00e7onne l\u2019\u00e9quilibre entre <strong>accessibilit\u00e9 du CBD<\/strong> et co\u00fbt ressenti par le consommateur.<\/p>\n\n<h3><span class=\"ez-toc-section\" id=\"Limpact_de_loffre_disponible\"><\/span>L\u2019impact de l\u2019offre disponible<span class=\"ez-toc-section-end\"><\/span><\/h3>\n<p>Dans les r\u00e9gions rurales ou moins dens\u00e9ment peupl\u00e9es, le nombre restreint de points de vente physiques explique certains <strong>surco\u00fbts<\/strong>. \u00c0 l\u2019inverse, les agglom\u00e9rations les mieux desservies affichent r\u00e9guli\u00e8rement des <strong>prix comp\u00e9titifs<\/strong> gr\u00e2ce \u00e0 la concurrence accrue et \u00e0 une meilleure logistique p\u00e9riph\u00e9rique.<\/p>\n<p>Cette logique s\u2019applique aussi bien aux <strong><a href=\"https:\/\/www.cbd.fr\/78fleurs-de-cbd\" data-internallinksmanager029f6b8e52c=\"2\" title=\"fleur CBD\">fleurs de CBD<\/a><\/strong> qu\u2019aux huiles ou autres <strong>produits \u00e0 base de CBD<\/strong>. Les plateformes en ligne jouent \u00e9galement un r\u00f4le central dans la r\u00e9duction des prix, surtout dans les zones d\u00e9pourvues de magasins sp\u00e9cialis\u00e9s, optimisant ainsi l\u2019<strong>accessibilit\u00e9 du CBD<\/strong> au quotidien.<\/p>\n\n<h3><span class=\"ez-toc-section\" id=\"Influence_de_la_reglementation_locale\"><\/span>Influence de la r\u00e9glementation locale<span class=\"ez-toc-section-end\"><\/span><\/h3>\n<p>Certaines collectivit\u00e9s adaptent leur politique locale vis-\u00e0-vis du <strong>march\u00e9 du CBD<\/strong>, en fonction des directives nationales mais aussi des enjeux sanitaires locaux. Cela entra\u00eene des variations notables de la <strong>disponibilit\u00e9<\/strong> et du rapport qualit\u00e9-prix des divers <strong>produits \u00e0 base de CBD<\/strong>.<\/p>\n<p>Le dialogue entre op\u00e9rateurs \u00e9conomiques, autorit\u00e9s locales et acteurs du monde agricole module en profondeur l\u2019<strong>offre l\u00e9gale<\/strong>. Ces ajustements se r\u00e9percutent m\u00e9caniquement sur le <strong>prix final pay\u00e9 par le client<\/strong> et influencent la dynamique de <strong>croissance du march\u00e9<\/strong> dans chaque r\u00e9gion.<\/p>\n\n<h2><span class=\"ez-toc-section\" id=\"Comparaison_chiffree_les_regions_face_a_leurs_ecarts_de_prix\"><\/span>Comparaison chiffr\u00e9e&nbsp;: les r\u00e9gions face \u00e0 leurs \u00e9carts de prix<span class=\"ez-toc-section-end\"><\/span><\/h2>\n<p>D\u00e9crypter les v\u00e9ritables sp\u00e9cificit\u00e9s territoriales, c\u2019est prendre en compte non seulement la <strong>valeur moyenne constat\u00e9e<\/strong>, mais aussi trouver ce qui motive concr\u00e8tement la fluctuation du <strong>budget des consommateurs<\/strong>. Voici un aper\u00e7u comparatif permettant de visualiser rapidement les <strong>disparit\u00e9s majeures<\/strong> observ\u00e9es d\u00e9but 2025&nbsp;:<\/p>\n<ul>\n  <li><strong>Sud-Est<\/strong>&nbsp;: tendance vers des tarifs \u00e9lev\u00e9s pour les <strong>r\u00e9sines<\/strong> et huiles premium<\/li>\n  <li><strong>\u00cele-de-France<\/strong>&nbsp;: grands \u00e9carts entre centre urbain et banlieue, possible gr\u00e2ce \u00e0 l\u2019offre dense<\/li>\n  <li><strong>Bretagne et Pays de la Loire<\/strong>&nbsp;: <strong>accessibilit\u00e9 renforc\u00e9e<\/strong> gr\u00e2ce \u00e0 un r\u00e9seau coh\u00e9rent et des initiatives locales<\/li>\n  <li><strong>Nord et Est<\/strong>&nbsp;: <strong>prix plus homog\u00e8nes<\/strong>, gamme standard privil\u00e9gi\u00e9e<\/li>\n<\/ul>\n<table>\n  <thead>\n    <tr>\n      <th>R\u00e9gion<\/th>\n      <th>Fourchette moyenne Prix Fleurs (\u20ac\/g)<\/th>\n      <th>Prix Huiles standards (\u20ac\/10ml)<\/th>\n      <th>Niveau d\u2019accessibilit\u00e9 estim\u00e9<\/th>\n    <\/tr>\n  <\/thead>\n  <tbody>\n    <tr>\n      <td>Sud-Est<\/td>\n      <td>6 &#8211; 10<\/td>\n      <td>35 &#8211; 75<\/td>\n      <td>Moyenne \u00e0 faible<\/td>\n    <\/tr>\n    <tr>\n      <td>\u00cele-de-France<\/td>\n      <td>4 \u2013 11<\/td>\n      <td>29 \u2013 70<\/td>\n      <td>Forte<\/td>\n    <\/tr>\n    <tr>\n      <td>Bretagne \/ Pays de la Loire<\/td>\n      <td>3,5 \u2013 7<\/td>\n      <td>28 \u2013 60<\/td>\n      <td>Bonne<\/td>\n    <\/tr>\n    <tr>\n      <td>Nord \/ Est<\/td>\n      <td>4,5 \u2013 8<\/td>\n      <td>32 \u2013 68<\/td>\n      <td>Satisfaisante<\/td>\n    <\/tr>\n  <\/tbody>\n<\/table>\n<p>Ces donn\u00e9es refl\u00e8tent les <strong>statistiques CBD<\/strong> r\u00e9colt\u00e9es aupr\u00e8s de distributeurs, consommateurs avertis et plateformes sp\u00e9cialis\u00e9es. Elles illustrent parfaitement comment le <strong>budget des consommateurs<\/strong> peut \u00eatre influenc\u00e9 selon l\u2019endroit o\u00f9 ils r\u00e9sident ou ach\u00e8tent.<\/p>\n\n<h2><span class=\"ez-toc-section\" id=\"Tendances_du_marche_et_perspectives_pour_2025\"><\/span>Tendances du march\u00e9 et perspectives pour 2025<span class=\"ez-toc-section-end\"><\/span><\/h2>\n<p>L\u2019ann\u00e9e 2025 promet de nouveaux ajustements sous l\u2019effet de <strong>l\u2019innovation<\/strong> et de la <strong>demande croissante<\/strong>. Si certaines r\u00e9gions b\u00e9n\u00e9ficient traditionnellement de ressources agricoles propices \u00e0 la culture et \u00e0 la production du chanvre, cela met indirectement la pression sur les concurrents souhaitant s\u2019implanter. Pour ceux qui souhaitent anticiper les \u00e9volutions du secteur, il est pertinent de se r\u00e9f\u00e9rer \u00e0 l\u2019\u00e9tat du <a href=\"https:\/\/www.cbd.fr\/blog\/le-cbd-en-france-en-2023-un-marche-en-pleine-croissance\/\">march\u00e9 du CBD en France lors de l&#8217;ann\u00e9e 2023<\/a>, o\u00f9 une croissance significative a \u00e9t\u00e9 enregistr\u00e9e.<\/p>\n<p>L\u2019int\u00e9r\u00eat grandissant des Fran\u00e7ais pour la <strong>consommation de CBD<\/strong> sous toutes ses formes pousse le secteur \u00e0 diversifier constamment son offre, optimisant la <strong>transparence des prix<\/strong> et la qualit\u00e9 per\u00e7ue. Le perfectionnement des cha\u00eenes logistiques r\u00e9duit aussi progressivement certains <strong>\u00e9carts persistants<\/strong>, m\u00eame si la diffusion des innovations n\u2019est pas uniforme sur l\u2019ensemble du territoire.<\/p>\n\n<h3><span class=\"ez-toc-section\" id=\"Montee_des_circuits_courts_et_productions_locales\"><\/span>Mont\u00e9e des circuits courts et productions locales<span class=\"ez-toc-section-end\"><\/span><\/h3>\n<p>Le lancement de <strong>fili\u00e8res en circuit court<\/strong> revisite profond\u00e9ment les mod\u00e8les \u00e9conomiques r\u00e9gionaux. Lorsque des cultivateurs locaux, certifi\u00e9s et engag\u00e9s, rassemblent leurs forces autour de coop\u00e9ratives, les b\u00e9n\u00e9fices sur le <strong>prix du CBD<\/strong> deviennent tangibles pour le consommateur final.<\/p>\n<p>Acc\u00e9der \u00e0 des <strong>produits \u00e0 base de CBD issus de la r\u00e9gion<\/strong> permet d\u2019\u00e9conomiser sur les co\u00fbts interm\u00e9diaires, d\u2019assurer un suivi qualit\u00e9 pointu et de valoriser la <strong>tra\u00e7abilit\u00e9<\/strong> exig\u00e9e par de plus en plus d\u2019aficionados du bien-\u00eatre v\u00e9g\u00e9tal.<\/p>\n\n<h3><span class=\"ez-toc-section\" id=\"Poids_de_la_recherche_scientifique_et_evolution_reglementaire\"><\/span>Poids de la recherche scientifique et \u00e9volution r\u00e9glementaire<span class=\"ez-toc-section-end\"><\/span><\/h3>\n<p>La multiplication des <strong>\u00e9tudes scientifiques<\/strong> et l\u2019ouverture progressive du cadre l\u00e9gal favorisent une harmonisation attendue dans la fixation des tarifs. L\u2019encadrement europ\u00e9en pourrait tirer le <strong>march\u00e9 fran\u00e7ais<\/strong> vers une forme de stabilit\u00e9, sans gommer totalement les <strong>sp\u00e9cificit\u00e9s r\u00e9gionales<\/strong> ancr\u00e9es depuis des ann\u00e9es.<\/p>\n<p>Gr\u00e2ce aux avanc\u00e9es sur l\u2019innocuit\u00e9 et l\u2019efficacit\u00e9 du CBD, les utilisateurs profitent d\u2019une information nettement plus compl\u00e8te. Cela guide leurs choix vers des r\u00e9f\u00e9rences adapt\u00e9es \u00e0 leur <strong>budget<\/strong> tout en s\u00e9curisant leur <strong>consommation de CBD<\/strong>, quelles que soient leurs pr\u00e9f\u00e9rences r\u00e9gionales.<\/p>\n\n<h2><span class=\"ez-toc-section\" id=\"Vos_questions_sur_les_ecarts_de_prix_regionaux_en_France\"><\/span>Vos questions sur les \u00e9carts de prix r\u00e9gionaux en France<span class=\"ez-toc-section-end\"><\/span><\/h2>\n\n<div itemscope itemtype=\"https:\/\/schema.org\/FAQPage\">\n\n  <div itemscope itemprop='mainEntity' itemtype='https:\/\/schema.org\/Question'>\n      <h3 itemprop='name'><span class=\"ez-toc-section\" id=\"Quelles_sont_les_regions_les_moins_cheres_pour_acheter_du_CBD_en_2025\"><\/span>Quelles sont les r\u00e9gions les moins ch\u00e8res pour acheter du CBD en 2025&nbsp;?<span class=\"ez-toc-section-end\"><\/span><\/h3>\n      <div itemscope itemprop='acceptedAnswer' itemtype='https:\/\/schema.org\/Answer'><div itemprop='text'>\n        <ul>\n          <li>D\u2019apr\u00e8s les <strong>statistiques CBD<\/strong> r\u00e9centes, la Bretagne, les Pays de la Loire et certains secteurs de la Nouvelle-Aquitaine offrent des <strong>tarifs avantageux<\/strong>.<\/li>\n          <li>Cette <strong>accessibilit\u00e9 du CBD<\/strong> tient principalement \u00e0 un tissu dense de revendeurs et \u00e0 la proximit\u00e9 de <strong>producteurs locaux<\/strong>.<\/li>\n        <\/ul>\n        <table>\n          <thead>\n            <tr><th>Produit<\/th><th>Prix moyen r\u00e9gional (\u20ac)<\/th><\/tr>\n          <\/thead>\n          <tbody>\n            <tr><td>Fleurs<\/td><td>3,5 \u2013 7\/g<\/td><\/tr>\n            <tr><td>Huile 10ml<\/td><td>28 \u2013 60<\/td><\/tr>\n          <\/tbody>\n        <\/table>\n      <\/div><\/div>\n  <\/div>\n\n  <div itemscope itemprop='mainEntity' itemtype='https:\/\/schema.org\/Question'>\n      <h3 itemprop='name'><span class=\"ez-toc-section\" id=\"Quels_facteurs_peuvent_justifier_un_ecart_important_du_prix_du_CBD_entre_deux_regions\"><\/span>Quels facteurs peuvent justifier un \u00e9cart important du prix du CBD entre deux r\u00e9gions&nbsp;?<span class=\"ez-toc-section-end\"><\/span><\/h3>\n      <div itemscope itemprop='acceptedAnswer' itemtype='https:\/\/schema.org\/Answer'><div itemprop='text'>\n        <ul>\n          <li>Le <strong>co\u00fbt de la vie locale<\/strong> influence directement le tarif pratiqu\u00e9 en boutique physique.<\/li>\n          <li>La <strong>densit\u00e9 d\u2019offres concurrentielles<\/strong> joue aussi un r\u00f4le\u00a0: plus il existe de vendeurs, plus la comp\u00e9tition tend \u00e0 baisser les prix.<\/li>\n          <li>Les <strong>politiques r\u00e9gionales<\/strong> concernant la culture et la distribution du chanvre compl\u00e8tent ce tableau d\u2019explications.<\/li>\n        <\/ul>\n      <\/div><\/div>\n  <\/div>\n\n  <div itemscope itemprop='mainEntity' itemtype='https:\/\/schema.org\/Question'>\n      <h3 itemprop='name'><span class=\"ez-toc-section\" id=\"Comment_evolueront_les_prix_du_CBD_en_2025_sur_le_territoire_francais\"><\/span>Comment \u00e9volueront les prix du CBD en 2025 sur le territoire fran\u00e7ais&nbsp;?<span class=\"ez-toc-section-end\"><\/span><\/h3>\n      <div itemscope itemprop='acceptedAnswer' itemtype='https:\/\/schema.org\/Answer'><div itemprop='text'>\n        <ul>\n          <li>Une stabilisation est probable, sous r\u00e9serve d\u2019une uniformisation des normes europ\u00e9ennes appliqu\u00e9es en France.<\/li>\n          <li>L\u2019\u00e9mergence de nouveaux points de vente physiques et en ligne facilitera une meilleure <strong>accessibilit\u00e9 du CBD<\/strong> au fil des mois.<\/li>\n          <li>L\u2019<strong>innovation<\/strong> dans la transformation des <strong>produits \u00e0 base de CBD<\/strong> pourrait aussi provoquer quelques variations ponctuelles \u00e0 la hausse ou \u00e0 la baisse.<\/li>\n        <\/ul>\n      <\/div><\/div>\n  <\/div>\n\n  <div itemscope itemprop='mainEntity' itemtype='https:\/\/schema.org\/Question'>\n      <h3 itemprop='name'><span class=\"ez-toc-section\" id=\"Existe-t-il_des_solutions_pour_optimiser_son_budget_lie_a_la_consommation_de_CBD\"><\/span>Existe-t-il des solutions pour optimiser son budget li\u00e9 \u00e0 la consommation de CBD&nbsp;?<span class=\"ez-toc-section-end\"><\/span><\/h3>\n      <div itemscope itemprop='acceptedAnswer' itemtype='https:\/\/schema.org\/Answer'><div itemprop='text'>\n        <ol>\n          <li>Comparer les <strong>prix<\/strong> sur diff\u00e9rentes plateformes, tant r\u00e9gionales que nationales.<\/li>\n          <li>Privil\u00e9gier les <strong>produits \u00e0 base de CBD<\/strong> provenant de <strong>circuits courts<\/strong> pour b\u00e9n\u00e9ficier d\u2019un meilleur rapport qualit\u00e9-prix.<\/li>\n          <li>Profiter ponctuellement des <strong>promotions saisonni\u00e8res<\/strong> propos\u00e9es en magasin sp\u00e9cialis\u00e9.<\/li>\n        <\/ol>\n      <\/div><\/div>\n  <\/div>\n\n<\/div>\n\n\n<div class=\"kk-star-ratings kksr-auto kksr-align-left kksr-valign-bottom\"\n    data-payload='{&quot;align&quot;:&quot;left&quot;,&quot;id&quot;:&quot;13964&quot;,&quot;slug&quot;:&quot;default&quot;,&quot;valign&quot;:&quot;bottom&quot;,&quot;ignore&quot;:&quot;&quot;,&quot;reference&quot;:&quot;auto&quot;,&quot;class&quot;:&quot;&quot;,&quot;count&quot;:&quot;0&quot;,&quot;legendonly&quot;:&quot;&quot;,&quot;readonly&quot;:&quot;&quot;,&quot;score&quot;:&quot;0&quot;,&quot;starsonly&quot;:&quot;&quot;,&quot;best&quot;:&quot;5&quot;,&quot;gap&quot;:&quot;5&quot;,&quot;greet&quot;:&quot;Notez cet article&quot;,&quot;legend&quot;:&quot;0\\\/5 - (0 vote)&quot;,&quot;size&quot;:&quot;24&quot;,&quot;title&quot;:&quot;Barom\u00e8tre 2025 des prix du CBD en France : comprendre les \u00e9carts r\u00e9gionaux&quot;,&quot;width&quot;:&quot;0&quot;,&quot;_legend&quot;:&quot;{score}\\\/{best} - ({count} {votes})&quot;,&quot;font_factor&quot;:&quot;1.25&quot;}'>\n            \n<div class=\"kksr-stars\">\n    \n<div class=\"kksr-stars-inactive\">\n            <div class=\"kksr-star\" data-star=\"1\" style=\"padding-right: 5px\">\n            \n\n<div class=\"kksr-icon\" style=\"width: 24px; height: 24px;\"><\/div>\n        <\/div>\n            <div class=\"kksr-star\" data-star=\"2\" style=\"padding-right: 5px\">\n            \n\n<div class=\"kksr-icon\" style=\"width: 24px; height: 24px;\"><\/div>\n        <\/div>\n            <div class=\"kksr-star\" data-star=\"3\" style=\"padding-right: 5px\">\n            \n\n<div class=\"kksr-icon\" style=\"width: 24px; height: 24px;\"><\/div>\n        <\/div>\n            <div class=\"kksr-star\" data-star=\"4\" style=\"padding-right: 5px\">\n            \n\n<div class=\"kksr-icon\" style=\"width: 24px; height: 24px;\"><\/div>\n        <\/div>\n            <div class=\"kksr-star\" data-star=\"5\" style=\"padding-right: 5px\">\n            \n\n<div class=\"kksr-icon\" style=\"width: 24px; height: 24px;\"><\/div>\n        <\/div>\n    <\/div>\n    \n<div class=\"kksr-stars-active\" style=\"width: 0px;\">\n            <div class=\"kksr-star\" style=\"padding-right: 5px\">\n            \n\n<div class=\"kksr-icon\" style=\"width: 24px; height: 24px;\"><\/div>\n        <\/div>\n            <div class=\"kksr-star\" style=\"padding-right: 5px\">\n            \n\n<div class=\"kksr-icon\" style=\"width: 24px; height: 24px;\"><\/div>\n        <\/div>\n            <div class=\"kksr-star\" style=\"padding-right: 5px\">\n            \n\n<div class=\"kksr-icon\" style=\"width: 24px; height: 24px;\"><\/div>\n        <\/div>\n            <div class=\"kksr-star\" style=\"padding-right: 5px\">\n            \n\n<div class=\"kksr-icon\" style=\"width: 24px; height: 24px;\"><\/div>\n        <\/div>\n            <div class=\"kksr-star\" style=\"padding-right: 5px\">\n            \n\n<div class=\"kksr-icon\" style=\"width: 24px; height: 24px;\"><\/div>\n        <\/div>\n    <\/div>\n<\/div>\n                \n\n<div class=\"kksr-legend\" style=\"font-size: 19.2px;\">\n            <span class=\"kksr-muted\">Notez cet article<\/span>\n    <\/div>\n    <\/div>\n","protected":false},"excerpt":{"rendered":"<p>Le march\u00e9 du CBD ne cesse de se r\u00e9inventer partout en France, gagnant en popularit\u00e9 et en diversit\u00e9. En 2025, les variations r\u00e9gionales sur le prix du CBD intriguent autant qu\u2019elles influencent la consommation de CBD des Fran\u00e7ais. Cette analyse d\u00e9taille l\u2019\u00e9volution des tarifs au sein du march\u00e9, examine les facteurs qui expliquent ces \u00e9carts [&hellip;]<\/p>\n","protected":false},"author":90,"featured_media":13963,"comment_status":"closed","ping_status":"open","sticky":false,"template":"","format":"standard","meta":{"_sitemap_exclude":false,"_sitemap_priority":"","_sitemap_frequency":"","footnotes":""},"categories":[357],"tags":[],"class_list":["post-13964","post","type-post","status-publish","format-standard","has-post-thumbnail","hentry","category-guide-dachat"],"yoast_head":"<!-- This site is optimized with the Yoast SEO Premium plugin v26.9 (Yoast SEO v26.9) - https:\/\/yoast.com\/product\/yoast-seo-premium-wordpress\/ -->\n<title>Barom\u00e8tre 2025 des prix du CBD en France : comprendre les \u00e9carts r\u00e9gionaux - CBD Blog<\/title>\n<meta name=\"robots\" content=\"index, follow, max-snippet:-1, max-image-preview:large, max-video-preview:-1\" \/>\n<link rel=\"canonical\" href=\"https:\/\/www.cbd.fr\/blog\/barometre-2025-des-prix-du-cbd-en-france-comprendre-les-ecarts-regionaux\/\" \/>\n<meta property=\"og:locale\" content=\"fr_FR\" \/>\n<meta property=\"og:type\" content=\"article\" \/>\n<meta property=\"og:title\" content=\"\ud83c\udf31Barom\u00e8tre 2025 des prix du CBD en France : comprendre les \u00e9carts r\u00e9gionaux - CBD.fr \ud83c\udf31\" \/>\n<meta property=\"og:description\" content=\"Le march\u00e9 du CBD ne cesse de se r\u00e9inventer partout en France, gagnant en popularit\u00e9 et en diversit\u00e9. En 2025, les variations r\u00e9gionales sur le prix du CBD intriguent autant qu\u2019elles influencent la consommation de CBD des Fran\u00e7ais. Cette analyse d\u00e9taille l\u2019\u00e9volution des tarifs au sein du march\u00e9, examine les facteurs qui expliquent ces \u00e9carts [&hellip;]\" \/>\n<meta property=\"og:url\" content=\"https:\/\/www.cbd.fr\/blog\/barometre-2025-des-prix-du-cbd-en-france-comprendre-les-ecarts-regionaux\/\" \/>\n<meta property=\"og:site_name\" content=\"CBD Blog\" \/>\n<meta property=\"article:publisher\" content=\"https:\/\/www.facebook.com\/cbdfrr\/\" \/>\n<meta property=\"article:published_time\" content=\"2025-10-19T06:00:00+00:00\" \/>\n<meta property=\"og:image\" content=\"https:\/\/www.cbd.fr\/blog\/wp-content\/uploads\/2025\/08\/barom_tre_2025_des_prix_du_cbd_en_france_comprendre_les_carts_r_gionaux.webp\" \/>\n\t<meta property=\"og:image:width\" content=\"1344\" \/>\n\t<meta property=\"og:image:height\" content=\"768\" \/>\n\t<meta property=\"og:image:type\" content=\"image\/webp\" \/>\n<meta name=\"author\" content=\"Julien\" \/>\n<meta name=\"twitter:card\" content=\"summary_large_image\" \/>\n<meta name=\"twitter:label1\" content=\"\u00c9crit par\" \/>\n\t<meta name=\"twitter:data1\" content=\"Julien\" \/>\n\t<meta name=\"twitter:label2\" content=\"Dur\u00e9e de lecture estim\u00e9e\" \/>\n\t<meta name=\"twitter:data2\" content=\"7 minutes\" \/>\n<!-- \/ Yoast SEO Premium plugin. -->","yoast_head_json":{"title":"Barom\u00e8tre 2025 des prix du CBD en France : comprendre les \u00e9carts r\u00e9gionaux - CBD Blog","robots":{"index":"index","follow":"follow","max-snippet":"max-snippet:-1","max-image-preview":"max-image-preview:large","max-video-preview":"max-video-preview:-1"},"canonical":"https:\/\/www.cbd.fr\/blog\/barometre-2025-des-prix-du-cbd-en-france-comprendre-les-ecarts-regionaux\/","og_locale":"fr_FR","og_type":"article","og_title":"\ud83c\udf31Barom\u00e8tre 2025 des prix du CBD en France : comprendre les \u00e9carts r\u00e9gionaux - CBD.fr \ud83c\udf31","og_description":"Le march\u00e9 du CBD ne cesse de se r\u00e9inventer partout en France, gagnant en popularit\u00e9 et en diversit\u00e9. En 2025, les variations r\u00e9gionales sur le prix du CBD intriguent autant qu\u2019elles influencent la consommation de CBD des Fran\u00e7ais. Cette analyse d\u00e9taille l\u2019\u00e9volution des tarifs au sein du march\u00e9, examine les facteurs qui expliquent ces \u00e9carts [&hellip;]","og_url":"https:\/\/www.cbd.fr\/blog\/barometre-2025-des-prix-du-cbd-en-france-comprendre-les-ecarts-regionaux\/","og_site_name":"CBD Blog","article_publisher":"https:\/\/www.facebook.com\/cbdfrr\/","article_published_time":"2025-10-19T06:00:00+00:00","og_image":[{"width":1344,"height":768,"url":"https:\/\/www.cbd.fr\/blog\/wp-content\/uploads\/2025\/08\/barom_tre_2025_des_prix_du_cbd_en_france_comprendre_les_carts_r_gionaux.webp","type":"image\/webp"}],"author":"Julien","twitter_card":"summary_large_image","twitter_misc":{"\u00c9crit par":"Julien","Dur\u00e9e de lecture estim\u00e9e":"7 minutes"},"schema":{"@context":"https:\/\/schema.org","@graph":[{"@type":"Article","@id":"https:\/\/www.cbd.fr\/blog\/barometre-2025-des-prix-du-cbd-en-france-comprendre-les-ecarts-regionaux\/#article","isPartOf":{"@id":"https:\/\/www.cbd.fr\/blog\/barometre-2025-des-prix-du-cbd-en-france-comprendre-les-ecarts-regionaux\/"},"author":{"name":"Julien","@id":"https:\/\/www.cbd.fr\/blog\/#\/schema\/person\/d78b472d184ec8ae4135d454e3338c04"},"headline":"Barom\u00e8tre 2025 des prix du CBD en France : comprendre les \u00e9carts r\u00e9gionaux","datePublished":"2025-10-19T06:00:00+00:00","mainEntityOfPage":{"@id":"https:\/\/www.cbd.fr\/blog\/barometre-2025-des-prix-du-cbd-en-france-comprendre-les-ecarts-regionaux\/"},"wordCount":1444,"publisher":{"@id":"https:\/\/www.cbd.fr\/blog\/#organization"},"image":{"@id":"https:\/\/www.cbd.fr\/blog\/barometre-2025-des-prix-du-cbd-en-france-comprendre-les-ecarts-regionaux\/#primaryimage"},"thumbnailUrl":"https:\/\/www.cbd.fr\/blog\/wp-content\/uploads\/2025\/08\/barom_tre_2025_des_prix_du_cbd_en_france_comprendre_les_carts_r_gionaux.webp","articleSection":["Guide d'achat"],"inLanguage":"fr-FR"},{"@type":"WebPage","@id":"https:\/\/www.cbd.fr\/blog\/barometre-2025-des-prix-du-cbd-en-france-comprendre-les-ecarts-regionaux\/","url":"https:\/\/www.cbd.fr\/blog\/barometre-2025-des-prix-du-cbd-en-france-comprendre-les-ecarts-regionaux\/","name":"Barom\u00e8tre 2025 des prix du CBD en France : comprendre les \u00e9carts r\u00e9gionaux - CBD Blog","isPartOf":{"@id":"https:\/\/www.cbd.fr\/blog\/#website"},"primaryImageOfPage":{"@id":"https:\/\/www.cbd.fr\/blog\/barometre-2025-des-prix-du-cbd-en-france-comprendre-les-ecarts-regionaux\/#primaryimage"},"image":{"@id":"https:\/\/www.cbd.fr\/blog\/barometre-2025-des-prix-du-cbd-en-france-comprendre-les-ecarts-regionaux\/#primaryimage"},"thumbnailUrl":"https:\/\/www.cbd.fr\/blog\/wp-content\/uploads\/2025\/08\/barom_tre_2025_des_prix_du_cbd_en_france_comprendre_les_carts_r_gionaux.webp","datePublished":"2025-10-19T06:00:00+00:00","breadcrumb":{"@id":"https:\/\/www.cbd.fr\/blog\/barometre-2025-des-prix-du-cbd-en-france-comprendre-les-ecarts-regionaux\/#breadcrumb"},"inLanguage":"fr-FR","potentialAction":[{"@type":"ReadAction","target":["https:\/\/www.cbd.fr\/blog\/barometre-2025-des-prix-du-cbd-en-france-comprendre-les-ecarts-regionaux\/"]}]},{"@type":"ImageObject","inLanguage":"fr-FR","@id":"https:\/\/www.cbd.fr\/blog\/barometre-2025-des-prix-du-cbd-en-france-comprendre-les-ecarts-regionaux\/#primaryimage","url":"https:\/\/www.cbd.fr\/blog\/wp-content\/uploads\/2025\/08\/barom_tre_2025_des_prix_du_cbd_en_france_comprendre_les_carts_r_gionaux.webp","contentUrl":"https:\/\/www.cbd.fr\/blog\/wp-content\/uploads\/2025\/08\/barom_tre_2025_des_prix_du_cbd_en_france_comprendre_les_carts_r_gionaux.webp","width":1344,"height":768,"caption":"Prix du CBD en France"},{"@type":"BreadcrumbList","@id":"https:\/\/www.cbd.fr\/blog\/barometre-2025-des-prix-du-cbd-en-france-comprendre-les-ecarts-regionaux\/#breadcrumb","itemListElement":[{"@type":"ListItem","position":1,"name":"CBD Blog","item":"https:\/\/www.cbd.fr\/blog\/"},{"@type":"ListItem","position":2,"name":"Guide d'achat","item":"https:\/\/www.cbd.fr\/blog\/category\/guide-dachat\/"},{"@type":"ListItem","position":3,"name":"Barom\u00e8tre 2025 des prix du CBD en France : comprendre les \u00e9carts r\u00e9gionaux"}]},{"@type":"WebSite","@id":"https:\/\/www.cbd.fr\/blog\/#website","url":"https:\/\/www.cbd.fr\/blog\/","name":"CBD Blog","description":"Le meilleur blog de CBD et du chanvre en France par CBD.fr","publisher":{"@id":"https:\/\/www.cbd.fr\/blog\/#organization"},"alternateName":"CBD.fr","potentialAction":[{"@type":"SearchAction","target":{"@type":"EntryPoint","urlTemplate":"https:\/\/www.cbd.fr\/blog\/?s={search_term_string}"},"query-input":{"@type":"PropertyValueSpecification","valueRequired":true,"valueName":"search_term_string"}}],"inLanguage":"fr-FR"},{"@type":"Organization","@id":"https:\/\/www.cbd.fr\/blog\/#organization","name":"CBD.fr","alternateName":"CBD.fr","url":"https:\/\/www.cbd.fr\/blog\/","logo":{"@type":"ImageObject","inLanguage":"fr-FR","@id":"https:\/\/www.cbd.fr\/blog\/#\/schema\/logo\/image\/","url":"https:\/\/www.cbd.fr\/blog\/wp-content\/uploads\/2023\/01\/logo-cbd.png","contentUrl":"https:\/\/www.cbd.fr\/blog\/wp-content\/uploads\/2023\/01\/logo-cbd.png","width":215,"height":100,"caption":"CBD.fr"},"image":{"@id":"https:\/\/www.cbd.fr\/blog\/#\/schema\/logo\/image\/"},"sameAs":["https:\/\/www.facebook.com\/cbdfrr\/","https:\/\/www.instagram.com\/cbdfr\/","https:\/\/www.youtube.com\/@CBD_fr","https:\/\/www.linkedin.com\/company\/cbd-fr\/"],"description":"CBD.fr est le leaders fran\u00e7ais du bien-\u00eatre et du CBD, proposant une large gamme de produits \u00e0 base de chanvre rigoureusement s\u00e9lectionn\u00e9s. Expertise, qualit\u00e9 et p\u00e9dagogie sont au c\u0153ur de l\u2019exp\u00e9rience CBD.fr.","email":"support@cbd.fr","telephone":"0189720196","legalName":"CBD.fr","foundingDate":"2021-01-01","taxID":"760933","numberOfEmployees":{"@type":"QuantitativeValue","minValue":"11","maxValue":"50"}},{"@type":"Person","@id":"https:\/\/www.cbd.fr\/blog\/#\/schema\/person\/d78b472d184ec8ae4135d454e3338c04","name":"Julien","image":{"@type":"ImageObject","inLanguage":"fr-FR","@id":"https:\/\/www.cbd.fr\/blog\/#\/schema\/person\/image\/","url":"https:\/\/secure.gravatar.com\/avatar\/58f2f1b1e71c329d0226efe2cc40174640e1757e077dac013c980f3ee43c73a0?s=96&d=mm&r=g","contentUrl":"https:\/\/secure.gravatar.com\/avatar\/58f2f1b1e71c329d0226efe2cc40174640e1757e077dac013c980f3ee43c73a0?s=96&d=mm&r=g","caption":"Julien"},"description":"R\u00e9dacteur en chef sp\u00e9cialis\u00e9 en CBD Julien, n\u00e9 le 17 juillet 1978 en r\u00e9gion Parisienne, est un \u00e9minent r\u00e9dacteur et expert dans le domaine des produits \u00e0 base de CBD. Suite \u00e0 ses \u00e9tudes, Julien a d\u00e9velopp\u00e9 une passion pour les rem\u00e8des naturels, dont le CBD. En 2022, il int\u00e8gre l\u2019\u00e9quipe du site CBD.fr en qualit\u00e9 d\u2019expert et de contributeur r\u00e9gulier. Gr\u00e2ce \u00e0 son expertise scientifique et une \u00e9criture claire, Julien aide \u00e0 d\u00e9mystifier les aspects complexes du CBD, tout en mettant en lumi\u00e8re ses bienfaits et applications potentielles \u00e0 travers ses articles et participations \u00e0 des conf\u00e9rences.","honorificPrefix":"Mr","gender":"male","knowsAbout":["CBD","Cannabis","Copywriter"],"knowsLanguage":["French"],"jobTitle":"Editor-in-chief specializing in CBD","worksFor":"CBD.fr","url":"https:\/\/www.cbd.fr\/blog\/author\/redac-cbd\/"}]}},"_links":{"self":[{"href":"https:\/\/www.cbd.fr\/blog\/wp-json\/wp\/v2\/posts\/13964","targetHints":{"allow":["GET"]}}],"collection":[{"href":"https:\/\/www.cbd.fr\/blog\/wp-json\/wp\/v2\/posts"}],"about":[{"href":"https:\/\/www.cbd.fr\/blog\/wp-json\/wp\/v2\/types\/post"}],"author":[{"embeddable":true,"href":"https:\/\/www.cbd.fr\/blog\/wp-json\/wp\/v2\/users\/90"}],"replies":[{"embeddable":true,"href":"https:\/\/www.cbd.fr\/blog\/wp-json\/wp\/v2\/comments?post=13964"}],"version-history":[{"count":1,"href":"https:\/\/www.cbd.fr\/blog\/wp-json\/wp\/v2\/posts\/13964\/revisions"}],"predecessor-version":[{"id":13965,"href":"https:\/\/www.cbd.fr\/blog\/wp-json\/wp\/v2\/posts\/13964\/revisions\/13965"}],"wp:featuredmedia":[{"embeddable":true,"href":"https:\/\/www.cbd.fr\/blog\/wp-json\/wp\/v2\/media\/13963"}],"wp:attachment":[{"href":"https:\/\/www.cbd.fr\/blog\/wp-json\/wp\/v2\/media?parent=13964"}],"wp:term":[{"taxonomy":"category","embeddable":true,"href":"https:\/\/www.cbd.fr\/blog\/wp-json\/wp\/v2\/categories?post=13964"},{"taxonomy":"post_tag","embeddable":true,"href":"https:\/\/www.cbd.fr\/blog\/wp-json\/wp\/v2\/tags?post=13964"}],"curies":[{"name":"wp","href":"https:\/\/api.w.org\/{rel}","templated":true}]}}