{"id":14012,"date":"2025-09-19T08:00:00","date_gmt":"2025-09-19T06:00:00","guid":{"rendered":"https:\/\/www.cbd.fr\/blog\/?p=14012"},"modified":"2025-08-20T16:24:12","modified_gmt":"2025-08-20T14:24:12","slug":"le-president-colombien-presse-le-congres-pour-la-legalisation-du-cannabis","status":"publish","type":"post","link":"https:\/\/www.cbd.fr\/blog\/le-president-colombien-presse-le-congres-pour-la-legalisation-du-cannabis\/","title":{"rendered":"Le Pr\u00e9sident Colombien Presse le Congr\u00e8s pour la L\u00e9galisation du Cannabis"},"content":{"rendered":"<p>Gustavo Petro, le pr\u00e9sident de la Colombie, a r\u00e9cemment pris une position audacieuse en exhortant le congr\u00e8s \u00e0 <strong>l\u00e9galiser le cannabis<\/strong>. Cette initiative marque un tournant significatif dans la politique colombienne, surtout compte tenu de l&#8217;histoire complexe du pays avec la <strong>prohibition<\/strong> et les drogues. Ce pas vers la l\u00e9galisation du cannabis en Colombie pourrait avoir des implications profondes, tant sur le plan \u00e9conomique que social.<\/p>\n<div id=\"ez-toc-container\" class=\"ez-toc-v2_0_80 counter-hierarchy ez-toc-counter ez-toc-grey ez-toc-container-direction\">\n<div class=\"ez-toc-title-container\">\n<p class=\"ez-toc-title\" style=\"cursor:inherit\">Sommaire<\/p>\n<span class=\"ez-toc-title-toggle\"><a href=\"#\" class=\"ez-toc-pull-right ez-toc-btn ez-toc-btn-xs ez-toc-btn-default ez-toc-toggle\" aria-label=\"Toggle Table of Content\"><span class=\"ez-toc-js-icon-con\"><span class=\"\"><span class=\"eztoc-hide\" style=\"display:none;\">Toggle<\/span><span class=\"ez-toc-icon-toggle-span\"><svg style=\"fill: #43b981;color:#43b981\" xmlns=\"http:\/\/www.w3.org\/2000\/svg\" class=\"list-377408\" width=\"20px\" height=\"20px\" viewBox=\"0 0 24 24\" fill=\"none\"><path d=\"M6 6H4v2h2V6zm14 0H8v2h12V6zM4 11h2v2H4v-2zm16 0H8v2h12v-2zM4 16h2v2H4v-2zm16 0H8v2h12v-2z\" fill=\"currentColor\"><\/path><\/svg><svg style=\"fill: #43b981;color:#43b981\" class=\"arrow-unsorted-368013\" xmlns=\"http:\/\/www.w3.org\/2000\/svg\" width=\"10px\" height=\"10px\" viewBox=\"0 0 24 24\" version=\"1.2\" baseProfile=\"tiny\"><path d=\"M18.2 9.3l-6.2-6.3-6.2 6.3c-.2.2-.3.4-.3.7s.1.5.3.7c.2.2.4.3.7.3h11c.3 0 .5-.1.7-.3.2-.2.3-.5.3-.7s-.1-.5-.3-.7zM5.8 14.7l6.2 6.3 6.2-6.3c.2-.2.3-.5.3-.7s-.1-.5-.3-.7c-.2-.2-.4-.3-.7-.3h-11c-.3 0-.5.1-.7.3-.2.2-.3.5-.3.7s.1.5.3.7z\"\/><\/svg><\/span><\/span><\/span><\/a><\/span><\/div>\n<nav><ul class='ez-toc-list ez-toc-list-level-1 ' ><li class='ez-toc-page-1 ez-toc-heading-level-2'><a class=\"ez-toc-link ez-toc-heading-1\" href=\"https:\/\/www.cbd.fr\/blog\/le-president-colombien-presse-le-congres-pour-la-legalisation-du-cannabis\/#Pourquoi_la_Colombie_envisage_de_legaliser_le_cannabis\" >Pourquoi la Colombie envisage de l\u00e9galiser le cannabis ?<\/a><\/li><li class='ez-toc-page-1 ez-toc-heading-level-2'><a class=\"ez-toc-link ez-toc-heading-2\" href=\"https:\/\/www.cbd.fr\/blog\/le-president-colombien-presse-le-congres-pour-la-legalisation-du-cannabis\/#Les_avantages_anticipes_de_la_legalisation\" >Les avantages anticip\u00e9s de la l\u00e9galisation<\/a><ul class='ez-toc-list-level-3' ><li class='ez-toc-heading-level-3'><a class=\"ez-toc-link ez-toc-heading-3\" href=\"https:\/\/www.cbd.fr\/blog\/le-president-colombien-presse-le-congres-pour-la-legalisation-du-cannabis\/#Impact_economique_prevu\" >Impact \u00e9conomique pr\u00e9vu<\/a><\/li><li class='ez-toc-page-1 ez-toc-heading-level-3'><a class=\"ez-toc-link ez-toc-heading-4\" href=\"https:\/\/www.cbd.fr\/blog\/le-president-colombien-presse-le-congres-pour-la-legalisation-du-cannabis\/#Reduction_de_la_violence_liee_a_la_drogue\" >R\u00e9duction de la violence li\u00e9e \u00e0 la drogue<\/a><\/li><\/ul><\/li><li class='ez-toc-page-1 ez-toc-heading-level-2'><a class=\"ez-toc-link ez-toc-heading-5\" href=\"https:\/\/www.cbd.fr\/blog\/le-president-colombien-presse-le-congres-pour-la-legalisation-du-cannabis\/#Ce_que_le_president_Petro_et_son_gouvernement_esperent_realiser\" >Ce que le pr\u00e9sident Petro et son gouvernement esp\u00e8rent r\u00e9aliser<\/a><ul class='ez-toc-list-level-3' ><li class='ez-toc-heading-level-3'><a class=\"ez-toc-link ez-toc-heading-6\" href=\"https:\/\/www.cbd.fr\/blog\/le-president-colombien-presse-le-congres-pour-la-legalisation-du-cannabis\/#Strategies_pour_la_mise_en_place_de_la_legalisation\" >Strat\u00e9gies pour la mise en place de la l\u00e9galisation<\/a><\/li><li class='ez-toc-page-1 ez-toc-heading-level-3'><a class=\"ez-toc-link ez-toc-heading-7\" href=\"https:\/\/www.cbd.fr\/blog\/le-president-colombien-presse-le-congres-pour-la-legalisation-du-cannabis\/#Un_nouveau_regard_sur_la_guerre_contre_la_drogue\" >Un nouveau regard sur la guerre contre la drogue<\/a><\/li><\/ul><\/li><li class='ez-toc-page-1 ez-toc-heading-level-2'><a class=\"ez-toc-link ez-toc-heading-8\" href=\"https:\/\/www.cbd.fr\/blog\/le-president-colombien-presse-le-congres-pour-la-legalisation-du-cannabis\/#Defis_potentiels_et_critiques_concernant_la_legalisation\" >D\u00e9fis potentiels et critiques concernant la l\u00e9galisation<\/a><ul class='ez-toc-list-level-3' ><li class='ez-toc-heading-level-3'><a class=\"ez-toc-link ez-toc-heading-9\" href=\"https:\/\/www.cbd.fr\/blog\/le-president-colombien-presse-le-congres-pour-la-legalisation-du-cannabis\/#Inquietudes_socio-culturelles\" >Inqui\u00e9tudes socio-culturelles<\/a><\/li><li class='ez-toc-page-1 ez-toc-heading-level-3'><a class=\"ez-toc-link ez-toc-heading-10\" href=\"https:\/\/www.cbd.fr\/blog\/le-president-colombien-presse-le-congres-pour-la-legalisation-du-cannabis\/#Questions_economiques_et_regulations\" >Questions \u00e9conomiques et r\u00e9gulations<\/a><\/li><\/ul><\/li><li class='ez-toc-page-1 ez-toc-heading-level-2'><a class=\"ez-toc-link ez-toc-heading-11\" href=\"https:\/\/www.cbd.fr\/blog\/le-president-colombien-presse-le-congres-pour-la-legalisation-du-cannabis\/#Comparaisons_internationales_un_exemple_a_suivre\" >Comparaisons internationales : un exemple \u00e0 suivre ?<\/a><ul class='ez-toc-list-level-3' ><li class='ez-toc-heading-level-3'><a class=\"ez-toc-link ez-toc-heading-12\" href=\"https:\/\/www.cbd.fr\/blog\/le-president-colombien-presse-le-congres-pour-la-legalisation-du-cannabis\/#Apprendre_des_experiences_precedentes\" >Apprendre des exp\u00e9riences pr\u00e9c\u00e9dentes<\/a><\/li><\/ul><\/li><\/ul><\/nav><\/div>\n<h2><span class=\"ez-toc-section\" id=\"Pourquoi_la_Colombie_envisage_de_legaliser_le_cannabis\"><\/span>Pourquoi la Colombie envisage de l\u00e9galiser le cannabis ?<span class=\"ez-toc-section-end\"><\/span><\/h2>\n<p>La motivation derri\u00e8re cette d\u00e9cision r\u00e9side en grande partie dans les d\u00e9fis pos\u00e9s par la <strong>guerre contre la drogue<\/strong> qui perdure depuis des d\u00e9cennies. Malgr\u00e9 des efforts consid\u00e9rables pour contr\u00f4ler la production de coca\u00efne et d&#8217;autres substances illicites, les r\u00e9sultats sont souvent d\u00e9cevants. En effet, la <strong>violence<\/strong> et les probl\u00e8mes \u00e9conomiques continuent de ravager le pays. La l\u00e9galisation du cannabis est vue comme une r\u00e9ponse potentielle pour att\u00e9nuer ces probl\u00e8mes structurels. Avec moins de ressources allou\u00e9es \u00e0 la r\u00e9pression, la Colombie pourrait rediriger ses efforts vers des initiatives plus constructives.<\/p>\n<p>En l\u00e9galisant le cannabis, le gouvernement esp\u00e8re \u00e9galement affaiblir les cartels responsables de la grande majorit\u00e9 de la violence li\u00e9e \u00e0 la drogue. La r\u00e9gulation et la taxation de cette plante pourraient g\u00e9n\u00e9rer des revenus substantiels, renfor\u00e7ant ainsi l&#8217;\u00e9conomie nationale. Beaucoup consid\u00e8rent cet acte comme un moyen de reformuler compl\u00e8tement la strat\u00e9gie nationale concernant la drogue.<\/p>\n<h2><span class=\"ez-toc-section\" id=\"Les_avantages_anticipes_de_la_legalisation\"><\/span>Les avantages anticip\u00e9s de la l\u00e9galisation<span class=\"ez-toc-section-end\"><\/span><\/h2>\n<h3><span class=\"ez-toc-section\" id=\"Impact_economique_prevu\"><\/span>Impact \u00e9conomique pr\u00e9vu<span class=\"ez-toc-section-end\"><\/span><\/h3>\n<p>L&#8217;un des arguments forts pour la l\u00e9galisation r\u00e9side dans les <strong>avantages \u00e9conomiques<\/strong> qu&#8217;elle pourrait apporter. La culture et la vente r\u00e9glement\u00e9e du cannabis pour un <strong>usage r\u00e9cr\u00e9atif<\/strong> et m\u00e9dicinal pourraient booster l&#8217;\u00e9conomie colombienne de plusieurs mani\u00e8res. En ouvrant ce march\u00e9, de nouvelles opportunit\u00e9s commerciales pourraient \u00e9merger, cr\u00e9ant des emplois tout au long de la cha\u00eene d&#8217;approvisionnement, du cultivateur au distributeur. Pour comprendre comment des l\u00e9gislations similaires ont \u00e9t\u00e9 mises en place ailleurs, il est instructif de se pencher sur <a href=\"https:\/\/www.cbd.fr\/blog\/le-cbd-la-legislation-en-france-et-dans-lunion-europeenne\/\">la l\u00e9gislation en France et dans l&#8217;Union Europ\u00e9enne<\/a>.<\/p>\n<ul>\n<li>Cr\u00e9ation d&#8217;emplois locaux dans l&#8217;agriculture et la distribution.<\/li>\n<li>Augmentation des recettes fiscales gr\u00e2ce \u00e0 une industrie florissante.<\/li>\n<li>Diversification de l&#8217;\u00e9conomie agricole, traditionnellement centr\u00e9e sur la caf\u00e9iculture et la production de fleurs.<\/li>\n<\/ul>\n<p>Ces changements ne se limiteraient pas seulement aux b\u00e9n\u00e9fices financiers. Ils pourraient aussi offrir des cycles de production alternatifs dans les r\u00e9gions o\u00f9 les cultures ill\u00e9gales ont prosp\u00e9r\u00e9. Cela donnerait aux agriculteurs davantage d&#8217;opportunit\u00e9s de gagner leur vie l\u00e9galement, diminuant ainsi leur d\u00e9pendance vis-\u00e0-vis de la culture de la coca.<\/p>\n<h3><span class=\"ez-toc-section\" id=\"Reduction_de_la_violence_liee_a_la_drogue\"><\/span>R\u00e9duction de la violence li\u00e9e \u00e0 la drogue<span class=\"ez-toc-section-end\"><\/span><\/h3>\n<p>La <strong>violence<\/strong> aliment\u00e9e par le trafic de drogue est un fl\u00e9au en Colombie depuis de nombreuses ann\u00e9es. Les cartels et autres organisations criminelles contr\u00f4lent une grande partie de cette activit\u00e9 illicite, entra\u00eenant des conflits violents et une instabilit\u00e9 sociale. En r\u00e9gulant le commerce du cannabis, le gouvernement esp\u00e8re r\u00e9duire les affrontements li\u00e9s au contr\u00f4le du territoire et nuire financi\u00e8rement \u00e0 ces r\u00e9seaux criminels. Observer d&#8217;autres mod\u00e8les de r\u00e9gulation, tels que ceux discut\u00e9s dans le cadre de <a href=\"https:\/\/www.cbd.fr\/blog\/le-cbd-la-legislation-en-france-et-dans-lunion-europeenne\/\">la l\u00e9gislation du CBD en France et dans l&#8217;Union Europ\u00e9enne<\/a>, peut offrir des perspectives utiles pour une mise en \u0153uvre efficace.<\/p>\n<p>Moins de concurrence pour le contr\u00f4le de march\u00e9s noirs impliquerait th\u00e9oriquement moins de confrontations meurtri\u00e8res entre groupes oppos\u00e9s. De plus, la police et les forces arm\u00e9es pourront se concentrer sur d&#8217;autres priorit\u00e9s plut\u00f4t que sur la r\u00e9pression s\u00e9v\u00e8re mais inefficace de la marijuana.<\/p>\n<h2><span class=\"ez-toc-section\" id=\"Ce_que_le_president_Petro_et_son_gouvernement_esperent_realiser\"><\/span>Ce que le pr\u00e9sident Petro et son gouvernement esp\u00e8rent r\u00e9aliser<span class=\"ez-toc-section-end\"><\/span><\/h2>\n<h3><span class=\"ez-toc-section\" id=\"Strategies_pour_la_mise_en_place_de_la_legalisation\"><\/span>Strat\u00e9gies pour la mise en place de la l\u00e9galisation<span class=\"ez-toc-section-end\"><\/span><\/h3>\n<p>Gustavo Petro et son administration envisagent plusieurs mesures cl\u00e9s pour faciliter la transition vers une <strong>\u00e9conomie du cannabis r\u00e9gul\u00e9e<\/strong>. Tout d&#8217;abord, ils souhaitent mettre en place une infrastructure solide autour de la production, la distribution et la vente de produits d\u00e9riv\u00e9s de la marijuana. Cela inclut la promulgation de lois claires et pr\u00e9cises afin de garantir un march\u00e9 \u00e9quitable et s\u00fbr pour tous ceux qui y participeraient.<\/p>\n<p>Ensuite, investir dans l&#8217;\u00e9ducation publique et les programmes de sensibilisation pour s&#8217;assurer que la soci\u00e9t\u00e9 comprend les risques et les avantages associ\u00e9s \u00e0 l\u2019usage du cannabis est imp\u00e9ratif. \u00c9duquer la jeunesse notamment peut aider \u00e0 pr\u00e9venir les abus potentiels li\u00e9s au nouveau statu quo.<\/p>\n<h3><span class=\"ez-toc-section\" id=\"Un_nouveau_regard_sur_la_guerre_contre_la_drogue\"><\/span>Un nouveau regard sur la guerre contre la drogue<span class=\"ez-toc-section-end\"><\/span><\/h3>\n<p>L&#8217;appel \u00e0 <strong>l\u00e9galiser le cannabis<\/strong> fait partie d&#8217;une approche globale visant \u00e0 remodeler les politiques antidrogue en Colombie. Le pr\u00e9sident Petro pr\u00e9conise une m\u00e9thode plus humanitaire et ax\u00e9e sur la sant\u00e9 publique, contrastant avec la r\u00e9pression militaris\u00e9e qui a caract\u00e9ris\u00e9 la guerre contre la drogue jusque-l\u00e0.<\/p>\n<p>\u00c0 long terme, le changement de paradigme que repr\u00e9sente cette approbation du cannabis pourrait \u00eatre appliqu\u00e9 \u00e0 d\u2019autres aspects de la politique antidrogue, encourageant ainsi d\u2019autres nations touch\u00e9es par ce probl\u00e8me \u00e0 repenser leurs propres strat\u00e9gies.<\/p>\n<h2><span class=\"ez-toc-section\" id=\"Defis_potentiels_et_critiques_concernant_la_legalisation\"><\/span>D\u00e9fis potentiels et critiques concernant la l\u00e9galisation<span class=\"ez-toc-section-end\"><\/span><\/h2>\n<h3><span class=\"ez-toc-section\" id=\"Inquietudes_socio-culturelles\"><\/span>Inqui\u00e9tudes socio-culturelles<span class=\"ez-toc-section-end\"><\/span><\/h3>\n<p>Bien que beaucoup voient d\u2019un bon \u0153il la <strong>l\u00e9galisation du cannabis<\/strong>, certaines pr\u00e9occupations sociales persistent. Des secteurs conservateurs craignent que cela ne conduise \u00e0 une augmentation de l\u2019usage r\u00e9cr\u00e9atif parmi les jeunes et que cela n\u2019envoie un mauvais message \u00e0 la communaut\u00e9 internationale sur l&#8217;engagement de la Colombie \u00e0 combattre les substances illicites.<\/p>\n<p>Par ailleurs, d&#8217;autres s&#8217;interrogent sur l\u2019impact social profond que peut avoir un tel changement de politique, notamment en termes de sant\u00e9 publique et de consommation excessive. D\u00e8s lors, l\u2019\u00e9ducation joue un r\u00f4le cl\u00e9 pour rassurer et informer le public de mani\u00e8re objective.<\/p>\n<h3><span class=\"ez-toc-section\" id=\"Questions_economiques_et_regulations\"><\/span>Questions \u00e9conomiques et r\u00e9gulations<span class=\"ez-toc-section-end\"><\/span><\/h3>\n<p>Sur le plan \u00e9conomique, bien que prometteur, il existe quelques r\u00e9serves quant \u00e0 la capacit\u00e9 du gouvernement \u00e0 r\u00e9guler efficacement ce nouveau secteur industriel sans encourager des activit\u00e9s illicites parall\u00e8les. Pour certains \u00e9conomistes, la transition doit \u00eatre assur\u00e9e en minimisant les perturbations aux secteurs d\u00e9j\u00e0 \u00e9tablis.<\/p>\n<p>En outre, organiser une structure fiscale juste et optimis\u00e9e suscite des d\u00e9bats. Trouver le juste \u00e9quilibre dans l&#8217;application des taxes adapt\u00e9es pour maximiser les revenus nationaux sans faire fuir les producteurs peut s&#8217;av\u00e9rer complexe.<\/p>\n<h2><span class=\"ez-toc-section\" id=\"Comparaisons_internationales_un_exemple_a_suivre\"><\/span>Comparaisons internationales : un exemple \u00e0 suivre ?<span class=\"ez-toc-section-end\"><\/span><\/h2>\n<p>Le cas de la Colombie sous Gustavo Petro attire l\u2019attention au-del\u00e0 de ses fronti\u00e8res, car elle suit les traces de quelques nations qui ont d\u00e9j\u00e0 amorc\u00e9 un processus semblable. Plusieurs pays, dont le Canada et certains \u00e9tats des \u00c9tats-Unis, ont vu des transformations positives apr\u00e8s avoir int\u00e9gr\u00e9 l\u00e9galement des questions similaires dans leurs cadres l\u00e9gislatifs.<\/p>\n<p>Cependant, chaque situation est unique et n\u00e9cessite une adaptation en fonction des r\u00e9alit\u00e9s locales. La Colombie devra faire face \u00e0 ses propres d\u00e9fis particuliers dans le contexte de sa longue histoire en tant que foyer de figures connues du narcotrafic telles que Pablo Escobar ou encore du cartel de Medell\u00edn.<\/p>\n<h3><span class=\"ez-toc-section\" id=\"Apprendre_des_experiences_precedentes\"><\/span>Apprendre des exp\u00e9riences pr\u00e9c\u00e9dentes<span class=\"ez-toc-section-end\"><\/span><\/h3>\n<p>Pour y parvenir favorablement, tirer parti des succ\u00e8s et des erreurs pass\u00e9es dans d&#8217;autres juridictions sur la gestion des infrastructures ou l\u2019application des r\u00e9gulations pourrait fortement b\u00e9n\u00e9ficier et guider une approche adapt\u00e9e pour s\u2019assurer que le maximum soit tir\u00e9 de cette initiative novatrice.<\/p>\n<p>Il reste n\u00e9anmoins in\u00e9vitable que la voie que choisira la Colombie servira probablement d\u2019exemple ou t\u00e9moignera d&#8217;apprentissage pr\u00e9cieux convertibles pour d&#8217;autres nations toujours sceptiques au sujet de franchir ce cap d\u00e9cisif.<\/p>\n<p>Le monde observe donc attentivement comment la riche terre cafeti\u00e8re entend renouer son destin national avec l\u2019aide de ces herbes controvers\u00e9es, \u00e0 travers une politique de l\u00e9galisation r\u00e9volutionnaire.<\/p>\n\n\n<div class=\"kk-star-ratings kksr-auto kksr-align-left kksr-valign-bottom\"\n    data-payload='{&quot;align&quot;:&quot;left&quot;,&quot;id&quot;:&quot;14012&quot;,&quot;slug&quot;:&quot;default&quot;,&quot;valign&quot;:&quot;bottom&quot;,&quot;ignore&quot;:&quot;&quot;,&quot;reference&quot;:&quot;auto&quot;,&quot;class&quot;:&quot;&quot;,&quot;count&quot;:&quot;0&quot;,&quot;legendonly&quot;:&quot;&quot;,&quot;readonly&quot;:&quot;&quot;,&quot;score&quot;:&quot;0&quot;,&quot;starsonly&quot;:&quot;&quot;,&quot;best&quot;:&quot;5&quot;,&quot;gap&quot;:&quot;5&quot;,&quot;greet&quot;:&quot;Notez cet article&quot;,&quot;legend&quot;:&quot;0\\\/5 - (0 vote)&quot;,&quot;size&quot;:&quot;24&quot;,&quot;title&quot;:&quot;Le Pr\u00e9sident Colombien Presse le Congr\u00e8s pour la L\u00e9galisation du Cannabis&quot;,&quot;width&quot;:&quot;0&quot;,&quot;_legend&quot;:&quot;{score}\\\/{best} - ({count} {votes})&quot;,&quot;font_factor&quot;:&quot;1.25&quot;}'>\n            \n<div class=\"kksr-stars\">\n    \n<div class=\"kksr-stars-inactive\">\n            <div class=\"kksr-star\" data-star=\"1\" style=\"padding-right: 5px\">\n            \n\n<div class=\"kksr-icon\" style=\"width: 24px; height: 24px;\"><\/div>\n        <\/div>\n            <div class=\"kksr-star\" data-star=\"2\" style=\"padding-right: 5px\">\n            \n\n<div class=\"kksr-icon\" style=\"width: 24px; height: 24px;\"><\/div>\n        <\/div>\n            <div class=\"kksr-star\" data-star=\"3\" style=\"padding-right: 5px\">\n            \n\n<div class=\"kksr-icon\" style=\"width: 24px; height: 24px;\"><\/div>\n        <\/div>\n            <div class=\"kksr-star\" data-star=\"4\" style=\"padding-right: 5px\">\n            \n\n<div class=\"kksr-icon\" style=\"width: 24px; height: 24px;\"><\/div>\n        <\/div>\n            <div class=\"kksr-star\" data-star=\"5\" style=\"padding-right: 5px\">\n            \n\n<div class=\"kksr-icon\" style=\"width: 24px; height: 24px;\"><\/div>\n        <\/div>\n    <\/div>\n    \n<div class=\"kksr-stars-active\" style=\"width: 0px;\">\n            <div class=\"kksr-star\" style=\"padding-right: 5px\">\n            \n\n<div class=\"kksr-icon\" style=\"width: 24px; height: 24px;\"><\/div>\n        <\/div>\n            <div class=\"kksr-star\" style=\"padding-right: 5px\">\n            \n\n<div class=\"kksr-icon\" style=\"width: 24px; height: 24px;\"><\/div>\n        <\/div>\n            <div class=\"kksr-star\" style=\"padding-right: 5px\">\n            \n\n<div class=\"kksr-icon\" style=\"width: 24px; height: 24px;\"><\/div>\n        <\/div>\n            <div class=\"kksr-star\" style=\"padding-right: 5px\">\n            \n\n<div class=\"kksr-icon\" style=\"width: 24px; height: 24px;\"><\/div>\n        <\/div>\n            <div class=\"kksr-star\" style=\"padding-right: 5px\">\n            \n\n<div class=\"kksr-icon\" style=\"width: 24px; height: 24px;\"><\/div>\n        <\/div>\n    <\/div>\n<\/div>\n                \n\n<div class=\"kksr-legend\" style=\"font-size: 19.2px;\">\n            <span class=\"kksr-muted\">Notez cet article<\/span>\n    <\/div>\n    <\/div>\n","protected":false},"excerpt":{"rendered":"<p>Gustavo Petro, le pr\u00e9sident de la Colombie, a r\u00e9cemment pris une position audacieuse en exhortant le congr\u00e8s \u00e0 l\u00e9galiser le cannabis. Cette initiative marque un tournant significatif dans la politique colombienne, surtout compte tenu de l&#8217;histoire complexe du pays avec la prohibition et les drogues. Ce pas vers la l\u00e9galisation du cannabis en Colombie pourrait [&hellip;]<\/p>\n","protected":false},"author":90,"featured_media":14011,"comment_status":"closed","ping_status":"open","sticky":false,"template":"","format":"standard","meta":{"_sitemap_exclude":false,"_sitemap_priority":"","_sitemap_frequency":"","footnotes":""},"categories":[1],"tags":[],"class_list":["post-14012","post","type-post","status-publish","format-standard","has-post-thumbnail","hentry","category-autour-du-cbd"],"yoast_head":"<!-- This site is optimized with the Yoast SEO Premium plugin v26.9 (Yoast SEO v26.9) - https:\/\/yoast.com\/product\/yoast-seo-premium-wordpress\/ -->\n<title>Le Pr\u00e9sident Colombien Presse le Congr\u00e8s pour la L\u00e9galisation du Cannabis - CBD Blog<\/title>\n<meta name=\"robots\" content=\"index, follow, max-snippet:-1, max-image-preview:large, max-video-preview:-1\" \/>\n<link rel=\"canonical\" href=\"https:\/\/www.cbd.fr\/blog\/le-president-colombien-presse-le-congres-pour-la-legalisation-du-cannabis\/\" \/>\n<meta property=\"og:locale\" content=\"fr_FR\" \/>\n<meta property=\"og:type\" content=\"article\" \/>\n<meta property=\"og:title\" content=\"\ud83c\udf31Le Pr\u00e9sident Colombien Presse le Congr\u00e8s pour la L\u00e9galisation du Cannabis - CBD.fr \ud83c\udf31\" \/>\n<meta property=\"og:description\" content=\"Gustavo Petro, le pr\u00e9sident de la Colombie, a r\u00e9cemment pris une position audacieuse en exhortant le congr\u00e8s \u00e0 l\u00e9galiser le cannabis. Cette initiative marque un tournant significatif dans la politique colombienne, surtout compte tenu de l&#8217;histoire complexe du pays avec la prohibition et les drogues. Ce pas vers la l\u00e9galisation du cannabis en Colombie pourrait [&hellip;]\" \/>\n<meta property=\"og:url\" content=\"https:\/\/www.cbd.fr\/blog\/le-president-colombien-presse-le-congres-pour-la-legalisation-du-cannabis\/\" \/>\n<meta property=\"og:site_name\" content=\"CBD Blog\" \/>\n<meta property=\"article:publisher\" content=\"https:\/\/www.facebook.com\/cbdfrr\/\" \/>\n<meta property=\"article:published_time\" content=\"2025-09-19T06:00:00+00:00\" \/>\n<meta property=\"og:image\" content=\"https:\/\/www.cbd.fr\/blog\/wp-content\/uploads\/2025\/08\/le_pr_sident_colombien_presse_le_congr_s_pour_la_l_galisation_du_cannabis.jpg\" \/>\n\t<meta property=\"og:image:width\" content=\"1344\" \/>\n\t<meta property=\"og:image:height\" content=\"768\" \/>\n\t<meta property=\"og:image:type\" content=\"image\/jpeg\" \/>\n<meta name=\"author\" content=\"Julien\" \/>\n<meta name=\"twitter:card\" content=\"summary_large_image\" \/>\n<meta name=\"twitter:label1\" content=\"\u00c9crit par\" \/>\n\t<meta name=\"twitter:data1\" content=\"Julien\" \/>\n\t<meta name=\"twitter:label2\" content=\"Dur\u00e9e de lecture estim\u00e9e\" \/>\n\t<meta name=\"twitter:data2\" content=\"7 minutes\" \/>\n<!-- \/ Yoast SEO Premium plugin. -->","yoast_head_json":{"title":"Le Pr\u00e9sident Colombien Presse le Congr\u00e8s pour la L\u00e9galisation du Cannabis - CBD Blog","robots":{"index":"index","follow":"follow","max-snippet":"max-snippet:-1","max-image-preview":"max-image-preview:large","max-video-preview":"max-video-preview:-1"},"canonical":"https:\/\/www.cbd.fr\/blog\/le-president-colombien-presse-le-congres-pour-la-legalisation-du-cannabis\/","og_locale":"fr_FR","og_type":"article","og_title":"\ud83c\udf31Le Pr\u00e9sident Colombien Presse le Congr\u00e8s pour la L\u00e9galisation du Cannabis - CBD.fr \ud83c\udf31","og_description":"Gustavo Petro, le pr\u00e9sident de la Colombie, a r\u00e9cemment pris une position audacieuse en exhortant le congr\u00e8s \u00e0 l\u00e9galiser le cannabis. Cette initiative marque un tournant significatif dans la politique colombienne, surtout compte tenu de l&#8217;histoire complexe du pays avec la prohibition et les drogues. Ce pas vers la l\u00e9galisation du cannabis en Colombie pourrait [&hellip;]","og_url":"https:\/\/www.cbd.fr\/blog\/le-president-colombien-presse-le-congres-pour-la-legalisation-du-cannabis\/","og_site_name":"CBD Blog","article_publisher":"https:\/\/www.facebook.com\/cbdfrr\/","article_published_time":"2025-09-19T06:00:00+00:00","og_image":[{"width":1344,"height":768,"url":"https:\/\/www.cbd.fr\/blog\/wp-content\/uploads\/2025\/08\/le_pr_sident_colombien_presse_le_congr_s_pour_la_l_galisation_du_cannabis.jpg","type":"image\/jpeg"}],"author":"Julien","twitter_card":"summary_large_image","twitter_misc":{"\u00c9crit par":"Julien","Dur\u00e9e de lecture estim\u00e9e":"7 minutes"},"schema":{"@context":"https:\/\/schema.org","@graph":[{"@type":"Article","@id":"https:\/\/www.cbd.fr\/blog\/le-president-colombien-presse-le-congres-pour-la-legalisation-du-cannabis\/#article","isPartOf":{"@id":"https:\/\/www.cbd.fr\/blog\/le-president-colombien-presse-le-congres-pour-la-legalisation-du-cannabis\/"},"author":{"name":"Julien","@id":"https:\/\/www.cbd.fr\/blog\/#\/schema\/person\/d78b472d184ec8ae4135d454e3338c04"},"headline":"Le Pr\u00e9sident Colombien Presse le Congr\u00e8s pour la L\u00e9galisation du Cannabis","datePublished":"2025-09-19T06:00:00+00:00","mainEntityOfPage":{"@id":"https:\/\/www.cbd.fr\/blog\/le-president-colombien-presse-le-congres-pour-la-legalisation-du-cannabis\/"},"wordCount":1354,"publisher":{"@id":"https:\/\/www.cbd.fr\/blog\/#organization"},"image":{"@id":"https:\/\/www.cbd.fr\/blog\/le-president-colombien-presse-le-congres-pour-la-legalisation-du-cannabis\/#primaryimage"},"thumbnailUrl":"https:\/\/www.cbd.fr\/blog\/wp-content\/uploads\/2025\/08\/le_pr_sident_colombien_presse_le_congr_s_pour_la_l_galisation_du_cannabis.jpg","articleSection":["Autour du CBD"],"inLanguage":"fr-FR"},{"@type":"WebPage","@id":"https:\/\/www.cbd.fr\/blog\/le-president-colombien-presse-le-congres-pour-la-legalisation-du-cannabis\/","url":"https:\/\/www.cbd.fr\/blog\/le-president-colombien-presse-le-congres-pour-la-legalisation-du-cannabis\/","name":"Le Pr\u00e9sident Colombien Presse le Congr\u00e8s pour la L\u00e9galisation du Cannabis - CBD Blog","isPartOf":{"@id":"https:\/\/www.cbd.fr\/blog\/#website"},"primaryImageOfPage":{"@id":"https:\/\/www.cbd.fr\/blog\/le-president-colombien-presse-le-congres-pour-la-legalisation-du-cannabis\/#primaryimage"},"image":{"@id":"https:\/\/www.cbd.fr\/blog\/le-president-colombien-presse-le-congres-pour-la-legalisation-du-cannabis\/#primaryimage"},"thumbnailUrl":"https:\/\/www.cbd.fr\/blog\/wp-content\/uploads\/2025\/08\/le_pr_sident_colombien_presse_le_congr_s_pour_la_l_galisation_du_cannabis.jpg","datePublished":"2025-09-19T06:00:00+00:00","breadcrumb":{"@id":"https:\/\/www.cbd.fr\/blog\/le-president-colombien-presse-le-congres-pour-la-legalisation-du-cannabis\/#breadcrumb"},"inLanguage":"fr-FR","potentialAction":[{"@type":"ReadAction","target":["https:\/\/www.cbd.fr\/blog\/le-president-colombien-presse-le-congres-pour-la-legalisation-du-cannabis\/"]}]},{"@type":"ImageObject","inLanguage":"fr-FR","@id":"https:\/\/www.cbd.fr\/blog\/le-president-colombien-presse-le-congres-pour-la-legalisation-du-cannabis\/#primaryimage","url":"https:\/\/www.cbd.fr\/blog\/wp-content\/uploads\/2025\/08\/le_pr_sident_colombien_presse_le_congr_s_pour_la_l_galisation_du_cannabis.jpg","contentUrl":"https:\/\/www.cbd.fr\/blog\/wp-content\/uploads\/2025\/08\/le_pr_sident_colombien_presse_le_congr_s_pour_la_l_galisation_du_cannabis.jpg","width":1344,"height":768,"caption":"Le Pr\u00e9sident Colombien Presse le Congr\u00e8s pour la L\u00e9galisation du Cannabis, l\u00e9galisation du cannabis, prohibition, violence"},{"@type":"BreadcrumbList","@id":"https:\/\/www.cbd.fr\/blog\/le-president-colombien-presse-le-congres-pour-la-legalisation-du-cannabis\/#breadcrumb","itemListElement":[{"@type":"ListItem","position":1,"name":"CBD Blog","item":"https:\/\/www.cbd.fr\/blog\/"},{"@type":"ListItem","position":2,"name":"Autour du CBD","item":"https:\/\/www.cbd.fr\/blog\/category\/autour-du-cbd\/"},{"@type":"ListItem","position":3,"name":"Le Pr\u00e9sident Colombien Presse le Congr\u00e8s pour la L\u00e9galisation du Cannabis"}]},{"@type":"WebSite","@id":"https:\/\/www.cbd.fr\/blog\/#website","url":"https:\/\/www.cbd.fr\/blog\/","name":"CBD Blog","description":"Le meilleur blog de CBD et du chanvre en France par CBD.fr","publisher":{"@id":"https:\/\/www.cbd.fr\/blog\/#organization"},"alternateName":"CBD.fr","potentialAction":[{"@type":"SearchAction","target":{"@type":"EntryPoint","urlTemplate":"https:\/\/www.cbd.fr\/blog\/?s={search_term_string}"},"query-input":{"@type":"PropertyValueSpecification","valueRequired":true,"valueName":"search_term_string"}}],"inLanguage":"fr-FR"},{"@type":"Organization","@id":"https:\/\/www.cbd.fr\/blog\/#organization","name":"CBD.fr","alternateName":"CBD.fr","url":"https:\/\/www.cbd.fr\/blog\/","logo":{"@type":"ImageObject","inLanguage":"fr-FR","@id":"https:\/\/www.cbd.fr\/blog\/#\/schema\/logo\/image\/","url":"https:\/\/www.cbd.fr\/blog\/wp-content\/uploads\/2023\/01\/logo-cbd.png","contentUrl":"https:\/\/www.cbd.fr\/blog\/wp-content\/uploads\/2023\/01\/logo-cbd.png","width":215,"height":100,"caption":"CBD.fr"},"image":{"@id":"https:\/\/www.cbd.fr\/blog\/#\/schema\/logo\/image\/"},"sameAs":["https:\/\/www.facebook.com\/cbdfrr\/","https:\/\/www.instagram.com\/cbdfr\/","https:\/\/www.youtube.com\/@CBD_fr","https:\/\/www.linkedin.com\/company\/cbd-fr\/"],"description":"CBD.fr est le leaders fran\u00e7ais du bien-\u00eatre et du CBD, proposant une large gamme de produits \u00e0 base de chanvre rigoureusement s\u00e9lectionn\u00e9s. Expertise, qualit\u00e9 et p\u00e9dagogie sont au c\u0153ur de l\u2019exp\u00e9rience CBD.fr.","email":"support@cbd.fr","telephone":"0189720196","legalName":"CBD.fr","foundingDate":"2021-01-01","taxID":"760933","numberOfEmployees":{"@type":"QuantitativeValue","minValue":"11","maxValue":"50"}},{"@type":"Person","@id":"https:\/\/www.cbd.fr\/blog\/#\/schema\/person\/d78b472d184ec8ae4135d454e3338c04","name":"Julien","image":{"@type":"ImageObject","inLanguage":"fr-FR","@id":"https:\/\/www.cbd.fr\/blog\/#\/schema\/person\/image\/","url":"https:\/\/secure.gravatar.com\/avatar\/58f2f1b1e71c329d0226efe2cc40174640e1757e077dac013c980f3ee43c73a0?s=96&d=mm&r=g","contentUrl":"https:\/\/secure.gravatar.com\/avatar\/58f2f1b1e71c329d0226efe2cc40174640e1757e077dac013c980f3ee43c73a0?s=96&d=mm&r=g","caption":"Julien"},"description":"R\u00e9dacteur en chef sp\u00e9cialis\u00e9 en CBD Julien, n\u00e9 le 17 juillet 1978 en r\u00e9gion Parisienne, est un \u00e9minent r\u00e9dacteur et expert dans le domaine des produits \u00e0 base de CBD. Suite \u00e0 ses \u00e9tudes, Julien a d\u00e9velopp\u00e9 une passion pour les rem\u00e8des naturels, dont le CBD. En 2022, il int\u00e8gre l\u2019\u00e9quipe du site CBD.fr en qualit\u00e9 d\u2019expert et de contributeur r\u00e9gulier. Gr\u00e2ce \u00e0 son expertise scientifique et une \u00e9criture claire, Julien aide \u00e0 d\u00e9mystifier les aspects complexes du CBD, tout en mettant en lumi\u00e8re ses bienfaits et applications potentielles \u00e0 travers ses articles et participations \u00e0 des conf\u00e9rences.","honorificPrefix":"Mr","gender":"male","knowsAbout":["CBD","Cannabis","Copywriter"],"knowsLanguage":["French"],"jobTitle":"Editor-in-chief specializing in CBD","worksFor":"CBD.fr","url":"https:\/\/www.cbd.fr\/blog\/author\/redac-cbd\/"}]}},"_links":{"self":[{"href":"https:\/\/www.cbd.fr\/blog\/wp-json\/wp\/v2\/posts\/14012","targetHints":{"allow":["GET"]}}],"collection":[{"href":"https:\/\/www.cbd.fr\/blog\/wp-json\/wp\/v2\/posts"}],"about":[{"href":"https:\/\/www.cbd.fr\/blog\/wp-json\/wp\/v2\/types\/post"}],"author":[{"embeddable":true,"href":"https:\/\/www.cbd.fr\/blog\/wp-json\/wp\/v2\/users\/90"}],"replies":[{"embeddable":true,"href":"https:\/\/www.cbd.fr\/blog\/wp-json\/wp\/v2\/comments?post=14012"}],"version-history":[{"count":1,"href":"https:\/\/www.cbd.fr\/blog\/wp-json\/wp\/v2\/posts\/14012\/revisions"}],"predecessor-version":[{"id":14013,"href":"https:\/\/www.cbd.fr\/blog\/wp-json\/wp\/v2\/posts\/14012\/revisions\/14013"}],"wp:featuredmedia":[{"embeddable":true,"href":"https:\/\/www.cbd.fr\/blog\/wp-json\/wp\/v2\/media\/14011"}],"wp:attachment":[{"href":"https:\/\/www.cbd.fr\/blog\/wp-json\/wp\/v2\/media?parent=14012"}],"wp:term":[{"taxonomy":"category","embeddable":true,"href":"https:\/\/www.cbd.fr\/blog\/wp-json\/wp\/v2\/categories?post=14012"},{"taxonomy":"post_tag","embeddable":true,"href":"https:\/\/www.cbd.fr\/blog\/wp-json\/wp\/v2\/tags?post=14012"}],"curies":[{"name":"wp","href":"https:\/\/api.w.org\/{rel}","templated":true}]}}