{"id":14254,"date":"2026-01-20T15:05:00","date_gmt":"2026-01-20T14:05:00","guid":{"rendered":"https:\/\/www.cbd.fr\/blog\/?p=14254"},"modified":"2025-12-29T16:59:27","modified_gmt":"2025-12-29T15:59:27","slug":"cbd-et-charge-mentale-retours-d-usages-chez-les-actifs-et-entrepreneurs","status":"publish","type":"post","link":"https:\/\/www.cbd.fr\/blog\/cbd-et-charge-mentale-retours-d-usages-chez-les-actifs-et-entrepreneurs\/","title":{"rendered":"CBD et charge mentale : retours d\u2019usages chez les actifs et entrepreneurs"},"content":{"rendered":"<p><strong>L\u2019agitation des journ\u00e9es professionnelles<\/strong>, combin\u00e9e \u00e0 <strong>la pression constante de la performance<\/strong>, fait aujourd\u2019hui grimper la <strong>charge mentale<\/strong>. Face \u00e0 ce constat, de plus en plus d\u2019actifs et d\u2019entrepreneurs se tournent vers le <strong>CBD<\/strong> pour tenter de <strong>r\u00e9guler le stress<\/strong> ou am\u00e9liorer leur bien-\u00eatre en <strong>milieu professionnel<\/strong>. Ce ph\u00e9nom\u00e8ne s\u2019installe progressivement dans les routines de <strong>gestion du stress<\/strong> et pose de nouvelles questions sur l\u2019efficacit\u00e9, la s\u00e9curit\u00e9 et les r\u00e9percussions de l\u2019usage de <strong>produits \u00e0 base de cannabidiol<\/strong>.<\/p>\n\n<div id=\"ez-toc-container\" class=\"ez-toc-v2_0_80 counter-hierarchy ez-toc-counter ez-toc-grey ez-toc-container-direction\">\n<div class=\"ez-toc-title-container\">\n<p class=\"ez-toc-title\" style=\"cursor:inherit\">Sommaire<\/p>\n<span class=\"ez-toc-title-toggle\"><a href=\"#\" class=\"ez-toc-pull-right ez-toc-btn ez-toc-btn-xs ez-toc-btn-default ez-toc-toggle\" aria-label=\"Toggle Table of Content\"><span class=\"ez-toc-js-icon-con\"><span class=\"\"><span class=\"eztoc-hide\" style=\"display:none;\">Toggle<\/span><span class=\"ez-toc-icon-toggle-span\"><svg style=\"fill: #43b981;color:#43b981\" xmlns=\"http:\/\/www.w3.org\/2000\/svg\" class=\"list-377408\" width=\"20px\" height=\"20px\" viewBox=\"0 0 24 24\" fill=\"none\"><path d=\"M6 6H4v2h2V6zm14 0H8v2h12V6zM4 11h2v2H4v-2zm16 0H8v2h12v-2zM4 16h2v2H4v-2zm16 0H8v2h12v-2z\" fill=\"currentColor\"><\/path><\/svg><svg style=\"fill: #43b981;color:#43b981\" class=\"arrow-unsorted-368013\" xmlns=\"http:\/\/www.w3.org\/2000\/svg\" width=\"10px\" height=\"10px\" viewBox=\"0 0 24 24\" version=\"1.2\" baseProfile=\"tiny\"><path d=\"M18.2 9.3l-6.2-6.3-6.2 6.3c-.2.2-.3.4-.3.7s.1.5.3.7c.2.2.4.3.7.3h11c.3 0 .5-.1.7-.3.2-.2.3-.5.3-.7s-.1-.5-.3-.7zM5.8 14.7l6.2 6.3 6.2-6.3c.2-.2.3-.5.3-.7s-.1-.5-.3-.7c-.2-.2-.4-.3-.7-.3h-11c-.3 0-.5.1-.7.3-.2.2-.3.5-.3.7s.1.5.3.7z\"\/><\/svg><\/span><\/span><\/span><\/a><\/span><\/div>\n<nav><ul class='ez-toc-list ez-toc-list-level-1 ' ><li class='ez-toc-page-1 ez-toc-heading-level-2'><a class=\"ez-toc-link ez-toc-heading-1\" href=\"https:\/\/www.cbd.fr\/blog\/cbd-et-charge-mentale-retours-d-usages-chez-les-actifs-et-entrepreneurs\/#CBD_et_gestion_de_la_charge_mentale_au_travail\" >CBD et gestion de la charge mentale au travail<\/a><ul class='ez-toc-list-level-3' ><li class='ez-toc-heading-level-3'><a class=\"ez-toc-link ez-toc-heading-2\" href=\"https:\/\/www.cbd.fr\/blog\/cbd-et-charge-mentale-retours-d-usages-chez-les-actifs-et-entrepreneurs\/#Pourquoi_les_actifs_choisissent-ils_le_cbd_contre_le_stress\" >Pourquoi les actifs choisissent-ils le cbd contre le stress ?<\/a><\/li><li class='ez-toc-page-1 ez-toc-heading-level-3'><a class=\"ez-toc-link ez-toc-heading-3\" href=\"https:\/\/www.cbd.fr\/blog\/cbd-et-charge-mentale-retours-d-usages-chez-les-actifs-et-entrepreneurs\/#Quels_types_dusages_en_milieu_professionnel\" >Quels types d\u2019usages en milieu professionnel ?<\/a><\/li><\/ul><\/li><li class='ez-toc-page-1 ez-toc-heading-level-2'><a class=\"ez-toc-link ez-toc-heading-4\" href=\"https:\/\/www.cbd.fr\/blog\/cbd-et-charge-mentale-retours-d-usages-chez-les-actifs-et-entrepreneurs\/#Effets_rapportes_sur_lanxiete_le_stress_et_le_sommeil\" >Effets rapport\u00e9s sur l\u2019anxi\u00e9t\u00e9, le stress et le sommeil<\/a><ul class='ez-toc-list-level-3' ><li class='ez-toc-heading-level-3'><a class=\"ez-toc-link ez-toc-heading-5\" href=\"https:\/\/www.cbd.fr\/blog\/cbd-et-charge-mentale-retours-d-usages-chez-les-actifs-et-entrepreneurs\/#CBD_et_effets_therapeutiques_potentiels\" >CBD et effets th\u00e9rapeutiques potentiels<\/a><\/li><li class='ez-toc-page-1 ez-toc-heading-level-3'><a class=\"ez-toc-link ez-toc-heading-6\" href=\"https:\/\/www.cbd.fr\/blog\/cbd-et-charge-mentale-retours-d-usages-chez-les-actifs-et-entrepreneurs\/#Retour_terrain_profils_concernes_parmi_les_entrepreneurs_et_actifs\" >Retour terrain\u00a0: profils concern\u00e9s parmi les entrepreneurs et actifs<\/a><\/li><\/ul><\/li><li class='ez-toc-page-1 ez-toc-heading-level-2'><a class=\"ez-toc-link ez-toc-heading-7\" href=\"https:\/\/www.cbd.fr\/blog\/cbd-et-charge-mentale-retours-d-usages-chez-les-actifs-et-entrepreneurs\/#Limites_et_precautions_liees_a_lusage_de_cbd_en_contexte_professionnel\" >Limites et pr\u00e9cautions li\u00e9es \u00e0 l\u2019usage de cbd en contexte professionnel<\/a><\/li><li class='ez-toc-page-1 ez-toc-heading-level-2'><a class=\"ez-toc-link ez-toc-heading-8\" href=\"https:\/\/www.cbd.fr\/blog\/cbd-et-charge-mentale-retours-d-usages-chez-les-actifs-et-entrepreneurs\/#Questions_frequentes_sur_le_cbd_et_la_charge_mentale_chez_les_actifs\" >Questions fr\u00e9quentes sur le cbd et la charge mentale chez les actifs<\/a><ul class='ez-toc-list-level-3' ><li class='ez-toc-heading-level-3'><a class=\"ez-toc-link ez-toc-heading-9\" href=\"https:\/\/www.cbd.fr\/blog\/cbd-et-charge-mentale-retours-d-usages-chez-les-actifs-et-entrepreneurs\/#Le_cbd_peut-il_vraiment_aider_a_mieux_gerer_la_pression_au_travail\" >Le cbd peut-il vraiment aider \u00e0 mieux g\u00e9rer la pression au travail\u00a0?<\/a><\/li><li class='ez-toc-page-1 ez-toc-heading-level-3'><a class=\"ez-toc-link ez-toc-heading-10\" href=\"https:\/\/www.cbd.fr\/blog\/cbd-et-charge-mentale-retours-d-usages-chez-les-actifs-et-entrepreneurs\/#Quels_sont_les_risques_et_effets_secondaires_a_considerer\" >Quels sont les risques et effets secondaires \u00e0 consid\u00e9rer\u00a0?<\/a><\/li><li class='ez-toc-page-1 ez-toc-heading-level-3'><a class=\"ez-toc-link ez-toc-heading-11\" href=\"https:\/\/www.cbd.fr\/blog\/cbd-et-charge-mentale-retours-d-usages-chez-les-actifs-et-entrepreneurs\/#Quel_format_choisir_pour_un_usage_au_bureau\" >Quel format choisir pour un usage au bureau\u00a0?<\/a><\/li><li class='ez-toc-page-1 ez-toc-heading-level-3'><a class=\"ez-toc-link ez-toc-heading-12\" href=\"https:\/\/www.cbd.fr\/blog\/cbd-et-charge-mentale-retours-d-usages-chez-les-actifs-et-entrepreneurs\/#Existe-t-il_des_restrictions_dusage_du_cbd_pour_certaines_professions\" >Existe-t-il des restrictions d\u2019usage du cbd pour certaines professions\u00a0?<\/a><\/li><\/ul><\/li><\/ul><\/nav><\/div>\n<h2><span class=\"ez-toc-section\" id=\"CBD_et_gestion_de_la_charge_mentale_au_travail\"><\/span>CBD et gestion de la charge mentale au travail<span class=\"ez-toc-section-end\"><\/span><\/h2>\n<p>Le rythme acc\u00e9l\u00e9r\u00e9 de la vie professionnelle moderne place de nombreux travailleurs face \u00e0 des sollicitations incessantes, menant souvent \u00e0 une <strong>surcharge cognitive<\/strong>. En r\u00e9ponse, certaines personnes cherchent des solutions alternatives \u00e0 la m\u00e9dication classique, privil\u00e9giant ainsi des <strong>approches naturelles comme le CBD<\/strong> pour ma\u00eetriser la <strong>pression quotidienne<\/strong> et soutenir leur <strong>sant\u00e9 mentale<\/strong>.<\/p>\n<p>Dans l\u2019univers entrepreneurial, o\u00f9 <strong>incertitude<\/strong> et <strong>gestion multit\u00e2che<\/strong> sont la norme, l\u2019attention port\u00e9e aux <strong>outils naturels<\/strong> est croissante. De plus en plus de t\u00e9moignages remontent autour de l\u2019utilisation du <strong>CBD pour accompagner la gestion de la pression au travail<\/strong>, r\u00e9duire la <strong>tension nerveuse<\/strong> et pr\u00e9server l\u2019<strong>\u00e9quilibre psychique<\/strong>.<\/p>\n\n<h3><span class=\"ez-toc-section\" id=\"Pourquoi_les_actifs_choisissent-ils_le_cbd_contre_le_stress\"><\/span>Pourquoi les actifs choisissent-ils le cbd contre le stress ?<span class=\"ez-toc-section-end\"><\/span><\/h3>\n<p>La popularit\u00e9 du <strong>cannabidiol aupr\u00e8s des professionnels<\/strong> s\u2019explique en partie par sa promesse de favoriser la <strong>d\u00e9tente sans entra\u00eener d\u2019effet psychoactif<\/strong>, contrairement au <a href=\"https:\/\/www.cbd.fr\/198thccbd\" data-internallinksmanager029f6b8e52c=\"17\" title=\"thc - t\u00e9trahydrocannabinol\">THC<\/a>. Plusieurs actifs \u00e9voquent un <strong>meilleur recentrage<\/strong>, une <strong>diminution de la sensation d\u2019angoisse<\/strong> et une adoption facilit\u00e9e du recul n\u00e9cessaire pour aborder sereinement leurs missions quotidiennes. Les <a href=\"https:\/\/www.cbd.fr\/blog\/les-etudes-scientifiques-sur-l-039-huile-de-cbd-que-disent-les-experts-cbd-fr\/\">\u00e9tudes scientifiques sur le CBD et l\u2019anxi\u00e9t\u00e9<\/a> confirment en partie ces retours d\u2019exp\u00e9rience.<\/p>\n<p>D\u2019apr\u00e8s divers partages sur des forums sp\u00e9cialis\u00e9s, l\u2019int\u00e9gration du <strong>CBD<\/strong> s\u2019inscrit essentiellement dans une <strong>d\u00e9marche de pr\u00e9vention<\/strong> plut\u00f4t que de traitement aigu de pathologies lourdes. L\u2019accent est mis sur le maintien d\u2019un <strong>\u00e9tat de vigilance apais\u00e9e<\/strong> propice \u00e0 la productivit\u00e9 et \u00e0 la cr\u00e9ativit\u00e9.<\/p>\n\n<h3><span class=\"ez-toc-section\" id=\"Quels_types_dusages_en_milieu_professionnel\"><\/span>Quels types d\u2019usages en milieu professionnel ?<span class=\"ez-toc-section-end\"><\/span><\/h3>\n<p>L\u2019<strong>usage en milieu professionnel<\/strong> peut prendre diff\u00e9rentes formes\u00a0: <strong><a href=\"https:\/\/www.cbd.fr\/150tisane-et-infusions-cbd\" data-internallinksmanager029f6b8e52c=\"13\" title=\"Infusion CBD\">infusions<\/a> relaxantes<\/strong>, <strong><a href=\"https:\/\/www.cbd.fr\/84huiles-de-cbd\" data-internallinksmanager029f6b8e52c=\"3\" title=\"Huile CBD\">huiles<\/a> sublinguales<\/strong> ou <strong><a href=\"https:\/\/www.cbd.fr\/173gelules-cbd\" data-internallinksmanager029f6b8e52c=\"8\" title=\"G\u00e9lule CBD\">g\u00e9lules<\/a> faciles \u00e0 consommer discr\u00e8tement<\/strong>. Ce panel de formats permet d\u2019ajuster la prise selon les moments de la journ\u00e9e et l\u2019intensit\u00e9 ressentie de la <strong>charge mentale<\/strong>, notamment avant une r\u00e9union importante ou lors d\u2019un pic de stress. Nombreux sont ceux qui rapportent que <a href=\"https:\/\/www.cbd.fr\/blog\/lhuile-de-cbd-aide-t-elle-votre-anxiete\/\">l\u2019huile de CBD aide contre l&#8217;anxi\u00e9t\u00e9<\/a> au quotidien.<\/p>\n<p>Certains managers relatent \u00e9galement une <strong>diminution des tensions interpersonnelles<\/strong> ou une am\u00e9lioration de la <strong>coh\u00e9sion d\u2019\u00e9quipe<\/strong>, attribu\u00e9es \u00e0 un climat plus d\u00e9tendu lorsque plusieurs collaborateurs int\u00e8grent le <strong>CBD dans leur routine personnelle<\/strong>.<\/p>\n\n<h2><span class=\"ez-toc-section\" id=\"Effets_rapportes_sur_lanxiete_le_stress_et_le_sommeil\"><\/span>Effets rapport\u00e9s sur l\u2019anxi\u00e9t\u00e9, le stress et le sommeil<span class=\"ez-toc-section-end\"><\/span><\/h2>\n<p>Plusieurs \u00e9tudes et <strong>retours d\u2019exp\u00e9rience<\/strong> mettent en lumi\u00e8re le potentiel du <strong>CBD dans la gestion de l\u2019anxi\u00e9t\u00e9 ponctuelle ou chronique<\/strong>, th\u00e8me central de la <strong>charge mentale professionnelle<\/strong>. La <strong>litt\u00e9rature scientifique<\/strong> commence \u00e0 s\u2019\u00e9toffer, m\u00eame si elle n\u2019offre pas encore de consensus d\u00e9finitif.<\/p>\n<p>Parmi les b\u00e9n\u00e9fices les plus souvent cit\u00e9s par les utilisateurs figurent <strong>l\u2019apaisement des pens\u00e9es envahissantes<\/strong> et la capacit\u00e9 \u00e0 <strong>rel\u00e2cher la pression en fin de journ\u00e9e<\/strong>. Ces propri\u00e9t\u00e9s favorisent en parall\u00e8le une <strong>meilleure qualit\u00e9 de <a href=\"https:\/\/www.cbd.fr\/s\/30\/cbd-dormir-sommeil\" data-internallinksmanager029f6b8e52c=\"22\" title=\"Sommeil Dormir\">sommeil<\/a><\/strong>, aspect cl\u00e9 lorsque la <strong>fatigue psychique<\/strong> freine la r\u00e9cup\u00e9ration nocturne.<\/p>\n\n<h3><span class=\"ez-toc-section\" id=\"CBD_et_effets_therapeutiques_potentiels\"><\/span>CBD et effets th\u00e9rapeutiques potentiels<span class=\"ez-toc-section-end\"><\/span><\/h3>\n<p>Le <strong>cannabidiol<\/strong> agit diff\u00e9remment des <strong>produits psychoactifs<\/strong>\u00a0: il cible le <strong>syst\u00e8me endocannabino\u00efde<\/strong> et semble moduler la lib\u00e9ration de neurotransmetteurs impliqu\u00e9s dans la <strong>gestion du stress<\/strong>. Plusieurs chercheurs s\u2019int\u00e9ressent \u00e0 ses <strong>effets th\u00e9rapeutiques pr\u00e9sum\u00e9s<\/strong> chez les sujets soumis \u00e0 une forte exposition au stress ou \u00e0 une anxi\u00e9t\u00e9 persistante.<\/p>\n<p>L\u2019int\u00e9r\u00eat porte \u00e9galement sur son aptitude \u00e0 att\u00e9nuer certains <strong>troubles du sommeil li\u00e9s \u00e0 la rumination mentale<\/strong>. Un tableau synth\u00e9tise ci-dessous quelques <strong>effets fr\u00e9quemment relev\u00e9s<\/strong>\u00a0:<\/p>\n<table>\n  <tr>\n    <th>Effets per\u00e7us<\/th>\n    <th>Fr\u00e9quence d\u00e9clar\u00e9e<\/th>\n  <\/tr>\n  <tr>\n    <td><strong>Diminution du stress<\/strong><\/td>\n    <td>\u00c9lev\u00e9e<\/td>\n  <\/tr>\n  <tr>\n    <td><strong>Sommeil am\u00e9lior\u00e9<\/strong><\/td>\n    <td>Moyenne \u00e0 \u00e9lev\u00e9e<\/td>\n  <\/tr>\n  <tr>\n    <td><strong>Moins de ruminations<\/strong><\/td>\n    <td>Moyenne<\/td>\n  <\/tr>\n  <tr>\n    <td><strong>Niveau de vigilance pr\u00e9serv\u00e9<\/strong><\/td>\n    <td>Variable<\/td>\n  <\/tr>\n<\/table>\n\n<h3><span class=\"ez-toc-section\" id=\"Retour_terrain_profils_concernes_parmi_les_entrepreneurs_et_actifs\"><\/span>Retour terrain\u00a0: profils concern\u00e9s parmi les entrepreneurs et actifs<span class=\"ez-toc-section-end\"><\/span><\/h3>\n<p>Les <strong>entrepreneurs<\/strong>, habitu\u00e9s \u00e0 jongler entre responsabilit\u00e9s multiples et incertitudes structurelles, semblent particuli\u00e8rement enclins \u00e0 tester le <strong>CBD<\/strong>. Pour eux, l\u2019objectif tourne souvent autour de la <strong>gestion de l\u2019anxi\u00e9t\u00e9<\/strong> en amont de d\u00e9cisions strat\u00e9giques ou pendant les p\u00e9riodes de surcharge.<\/p>\n<p>De nombreux cadres ou salari\u00e9s investis dans des environnements exigeants t\u00e9moignent aussi d\u2019une <strong>utilisation r\u00e9guli\u00e8re<\/strong>, motiv\u00e9e soit par la n\u00e9cessit\u00e9 de maintenir leur capacit\u00e9 de concentration, soit par la recherche d\u2019un <strong>appui non additif<\/strong> permettant d\u2019\u00e9viter l\u2019accoutumance propre \u00e0 certains <strong>m\u00e9dicaments conventionnels<\/strong>.<\/p>\n\n<h2><span class=\"ez-toc-section\" id=\"Limites_et_precautions_liees_a_lusage_de_cbd_en_contexte_professionnel\"><\/span>Limites et pr\u00e9cautions li\u00e9es \u00e0 l\u2019usage de cbd en contexte professionnel<span class=\"ez-toc-section-end\"><\/span><\/h2>\n<p>Malgr\u00e9 un attrait certain, l\u2019<strong>utilisation du CBD<\/strong> reste encadr\u00e9e par des <strong>pr\u00e9cautions d\u2019emploi<\/strong> qui m\u00e9ritent d\u2019\u00eatre connues, notamment chez les actifs soucieux d\u2019\u00e9viter tout <strong>effet ind\u00e9sirable<\/strong> durant leurs heures de travail.<\/p>\n<p>Des sensibilit\u00e9s individuelles existent concernant les dosages, avec parfois l\u2019apparition de <strong>somnolence<\/strong> ou de modifications discr\u00e8tes de la vigilance. M\u00eame si aucun <strong>effet secondaire grave<\/strong> n\u2019a \u00e9t\u00e9 largement document\u00e9 \u00e0 faibles doses, chacun doit s\u2019assurer d\u2019adapter son usage \u00e0 son ressenti personnel et de rester vigilant sur l\u2019absence de <strong>THC<\/strong>.<\/p>\n\n<ul>\n<li><strong>V\u00e9rifier la composition des produits<\/strong> pour s\u2019assurer de leur l\u00e9galit\u00e9.<\/li>\n<li><strong>Commencer par des dosages bas<\/strong> et ajuster progressivement.<\/li>\n<li><strong>Prendre conseil aupr\u00e8s d\u2019un professionnel de sant\u00e9<\/strong> en cas de doute.<\/li>\n<li><strong>Surveiller les interactions<\/strong> avec des traitements d\u00e9j\u00e0 en cours.<\/li>\n<\/ul>\n\n<p>Lorsqu\u2019il s\u2019agit de <strong>g\u00e9rer la pression professionnelle<\/strong>, garder \u00e0 l\u2019esprit que le <strong>CBD n\u2019est pas un rem\u00e8de miracle<\/strong> demeure essentiel. Son r\u00f4le d\u2019accompagnement prend tout son sens quand il s\u2019inscrit dans une <strong>approche globale autour de l\u2019hygi\u00e8ne de vie<\/strong>, du sommeil et de la gestion consciente du stress.<\/p>\n<p>Les discussions restent ouvertes quant \u00e0 la place du <strong>CBD dans les entreprises<\/strong>, et chaque collaborateur souhaitant int\u00e9grer ce type de produits doit mesurer les <strong>b\u00e9n\u00e9fices per\u00e7us<\/strong> au regard d\u2019un encadrement adapt\u00e9.<\/p>\n\n<h2><span class=\"ez-toc-section\" id=\"Questions_frequentes_sur_le_cbd_et_la_charge_mentale_chez_les_actifs\"><\/span>Questions fr\u00e9quentes sur le cbd et la charge mentale chez les actifs<span class=\"ez-toc-section-end\"><\/span><\/h2>\n\n<div itemscope itemtype=\"https:\/\/schema.org\/FAQPage\">\n  <div itemscope itemprop='mainEntity' itemtype='https:\/\/schema.org\/Question'>\n    <h3 itemprop='name'><span class=\"ez-toc-section\" id=\"Le_cbd_peut-il_vraiment_aider_a_mieux_gerer_la_pression_au_travail\"><\/span>Le cbd peut-il vraiment aider \u00e0 mieux g\u00e9rer la pression au travail\u00a0?<span class=\"ez-toc-section-end\"><\/span><\/h3>\n    <div itemscope itemprop='acceptedAnswer' itemtype='https:\/\/schema.org\/Answer'>\n      <div itemprop='text'>\n        <p>Un nombre croissant d\u2019actifs rapportent un <strong>soulagement notable du stress<\/strong> apr\u00e8s l\u2019introduction du <strong>CBD dans leur routine professionnelle<\/strong>. Cela se traduit principalement par <strong>un esprit plus calme<\/strong>, une <strong>r\u00e9duction des pics de tension<\/strong> et une meilleure tol\u00e9rance aux situations impr\u00e9vues. Bien que les exp\u00e9riences varient, beaucoup placent le <strong>CBD parmi leurs outils compl\u00e9mentaires<\/strong> pour soutenir la gestion du stress quotidien.<\/p>\n        <ul>\n          <li>Apporte temporairement un <strong>sentiment de d\u00e9tente<\/strong><\/li>\n          <li>S\u2019utilise facilement sous forme d\u2019<strong>huile<\/strong> ou de <strong>g\u00e9lule<\/strong><\/li>\n          <li>N\u2019alt\u00e8re pas la <strong>lucidit\u00e9<\/strong> lorsqu\u2019il est consomm\u00e9 \u00e0 bonnes doses<\/li>\n        <\/ul>\n      <\/div>\n    <\/div>\n  <\/div>\n  <div itemscope itemprop='mainEntity' itemtype='https:\/\/schema.org\/Question'>\n    <h3 itemprop='name'><span class=\"ez-toc-section\" id=\"Quels_sont_les_risques_et_effets_secondaires_a_considerer\"><\/span>Quels sont les risques et effets secondaires \u00e0 consid\u00e9rer\u00a0?<span class=\"ez-toc-section-end\"><\/span><\/h3>\n    <div itemscope itemprop='acceptedAnswer' itemtype='https:\/\/schema.org\/Answer'>\n      <div itemprop='text'>\n        <p>Les <strong>effets secondaires observ\u00e9s<\/strong> sont g\u00e9n\u00e9ralement consid\u00e9r\u00e9s comme b\u00e9nins et transitoires. Certains usagers ont mentionn\u00e9 de la <strong>fatigue l\u00e9g\u00e8re<\/strong>, une <strong>baisse temporaire de motivation<\/strong> ou une <strong>bouche s\u00e8che<\/strong>. Au sein d\u2019un environnement de travail, c\u2019est surtout la surveillance de la <strong>somnolence<\/strong> qui prime lorsqu\u2019on d\u00e9bute la prise de <strong>CBD<\/strong>.<\/p>\n        <ul>\n          <li><strong>Respecter la dose recommand\u00e9e<\/strong><\/li>\n          <li><strong>Ajuster la prise<\/strong> en fonction de la r\u00e9action individuelle<\/li>\n          <li><strong>Privil\u00e9gier une consommation hors horaires sensibles<\/strong><\/li>\n        <\/ul>\n        <table>\n          <tr><th>Sympt\u00f4me<\/th><th>Fr\u00e9quence estim\u00e9e<\/th><\/tr>\n          <tr><td><strong>Bouche s\u00e8che<\/strong><\/td><td>Mod\u00e9r\u00e9e<\/td><\/tr>\n          <tr><td><strong>Fatigue l\u00e9g\u00e8re<\/strong><\/td><td>Faible<\/td><\/tr>\n        <\/table>\n      <\/div>\n    <\/div>\n  <\/div>\n  <div itemscope itemprop='mainEntity' itemtype='https:\/\/schema.org\/Question'>\n    <h3 itemprop='name'><span class=\"ez-toc-section\" id=\"Quel_format_choisir_pour_un_usage_au_bureau\"><\/span>Quel format choisir pour un usage au bureau\u00a0?<span class=\"ez-toc-section-end\"><\/span><\/h3>\n    <div itemscope itemprop='acceptedAnswer' itemtype='https:\/\/schema.org\/Answer'>\n      <div itemprop='text'>\n        <p>Beaucoup de salari\u00e9s privil\u00e9gient les formes discr\u00e8tes comme les <strong>capsules<\/strong> ou les <strong>huiles sublinguales<\/strong>. Ces produits ne laissent aucune odeur perceptible et permettent un <strong>dosage pr\u00e9cis<\/strong>. Les <strong>tisanes et infusions<\/strong> offrent aussi une alternative douce, appr\u00e9ci\u00e9e lors des pauses caf\u00e9 ou en fin d\u2019apr\u00e8s-midi pour pr\u00e9parer la transition vers la sph\u00e8re priv\u00e9e.<\/p>\n        <ul>\n          <li><strong>Huiles sublinguales<\/strong> \u00e0 faible teneur en CBD<\/li>\n          <li><strong>Capsules discr\u00e8tes<\/strong> et faciles \u00e0 transporter<\/li>\n          <li><strong>Infusions relaxantes<\/strong> \u00e0 consommer sur le lieu de travail<\/li>\n        <\/ul>\n      <\/div>\n    <\/div>\n  <\/div>\n  <div itemscope itemprop='mainEntity' itemtype='https:\/\/schema.org\/Question'>\n    <h3 itemprop='name'><span class=\"ez-toc-section\" id=\"Existe-t-il_des_restrictions_dusage_du_cbd_pour_certaines_professions\"><\/span>Existe-t-il des restrictions d\u2019usage du cbd pour certaines professions\u00a0?<span class=\"ez-toc-section-end\"><\/span><\/h3>\n    <div itemscope itemprop='acceptedAnswer' itemtype='https:\/\/schema.org\/Answer'>\n      <div itemprop='text'>\n        <p>Certains <strong>m\u00e9tiers r\u00e9glement\u00e9s<\/strong> demandent prudence et information pr\u00e9alable sur les compl\u00e9ments utilis\u00e9s. Par exemple, les <strong>conducteurs de v\u00e9hicules<\/strong> ou op\u00e9rateurs de machines doivent surveiller leur vigilance et signaler tout changement \u00e0 leur employeur s\u2019ils consomment des <strong>produits pouvant moduler leur \u00e9tat d\u2019alerte<\/strong>. Il est recommand\u00e9 de consulter un m\u00e9decin afin d\u2019\u00e9carter toute contre-indication majeure.<\/p>\n        <ul>\n          <li><strong>M\u00e9tiers sensibles \u00e0 la vigilance<\/strong><\/li>\n          <li><strong>Professions soumises \u00e0 des tests anti-drogue<\/strong><\/li>\n        <\/ul>\n      <\/div>\n    <\/div>\n  <\/div>\n<\/div>\n\n\n<div class=\"kk-star-ratings kksr-auto kksr-align-left kksr-valign-bottom\"\n    data-payload='{&quot;align&quot;:&quot;left&quot;,&quot;id&quot;:&quot;14254&quot;,&quot;slug&quot;:&quot;default&quot;,&quot;valign&quot;:&quot;bottom&quot;,&quot;ignore&quot;:&quot;&quot;,&quot;reference&quot;:&quot;auto&quot;,&quot;class&quot;:&quot;&quot;,&quot;count&quot;:&quot;0&quot;,&quot;legendonly&quot;:&quot;&quot;,&quot;readonly&quot;:&quot;&quot;,&quot;score&quot;:&quot;0&quot;,&quot;starsonly&quot;:&quot;&quot;,&quot;best&quot;:&quot;5&quot;,&quot;gap&quot;:&quot;5&quot;,&quot;greet&quot;:&quot;Notez cet article&quot;,&quot;legend&quot;:&quot;0\\\/5 - (0 vote)&quot;,&quot;size&quot;:&quot;24&quot;,&quot;title&quot;:&quot;CBD et charge mentale : retours d\u2019usages chez les actifs et entrepreneurs&quot;,&quot;width&quot;:&quot;0&quot;,&quot;_legend&quot;:&quot;{score}\\\/{best} - ({count} {votes})&quot;,&quot;font_factor&quot;:&quot;1.25&quot;}'>\n            \n<div class=\"kksr-stars\">\n    \n<div class=\"kksr-stars-inactive\">\n            <div class=\"kksr-star\" data-star=\"1\" style=\"padding-right: 5px\">\n            \n\n<div class=\"kksr-icon\" style=\"width: 24px; height: 24px;\"><\/div>\n        <\/div>\n            <div class=\"kksr-star\" data-star=\"2\" style=\"padding-right: 5px\">\n            \n\n<div class=\"kksr-icon\" style=\"width: 24px; height: 24px;\"><\/div>\n        <\/div>\n            <div class=\"kksr-star\" data-star=\"3\" style=\"padding-right: 5px\">\n            \n\n<div class=\"kksr-icon\" style=\"width: 24px; height: 24px;\"><\/div>\n        <\/div>\n            <div class=\"kksr-star\" data-star=\"4\" style=\"padding-right: 5px\">\n            \n\n<div class=\"kksr-icon\" style=\"width: 24px; height: 24px;\"><\/div>\n        <\/div>\n            <div class=\"kksr-star\" data-star=\"5\" style=\"padding-right: 5px\">\n            \n\n<div class=\"kksr-icon\" style=\"width: 24px; height: 24px;\"><\/div>\n        <\/div>\n    <\/div>\n    \n<div class=\"kksr-stars-active\" style=\"width: 0px;\">\n            <div class=\"kksr-star\" style=\"padding-right: 5px\">\n            \n\n<div class=\"kksr-icon\" style=\"width: 24px; height: 24px;\"><\/div>\n        <\/div>\n            <div class=\"kksr-star\" style=\"padding-right: 5px\">\n            \n\n<div class=\"kksr-icon\" style=\"width: 24px; height: 24px;\"><\/div>\n        <\/div>\n            <div class=\"kksr-star\" style=\"padding-right: 5px\">\n            \n\n<div class=\"kksr-icon\" style=\"width: 24px; height: 24px;\"><\/div>\n        <\/div>\n            <div class=\"kksr-star\" style=\"padding-right: 5px\">\n            \n\n<div class=\"kksr-icon\" style=\"width: 24px; height: 24px;\"><\/div>\n        <\/div>\n            <div class=\"kksr-star\" style=\"padding-right: 5px\">\n            \n\n<div class=\"kksr-icon\" style=\"width: 24px; height: 24px;\"><\/div>\n        <\/div>\n    <\/div>\n<\/div>\n                \n\n<div class=\"kksr-legend\" style=\"font-size: 19.2px;\">\n            <span class=\"kksr-muted\">Notez cet article<\/span>\n    <\/div>\n    <\/div>\n","protected":false},"excerpt":{"rendered":"<p>L\u2019agitation des journ\u00e9es professionnelles, combin\u00e9e \u00e0 la pression constante de la performance, fait aujourd\u2019hui grimper la charge mentale. Face \u00e0 ce constat, de plus en plus d\u2019actifs et d\u2019entrepreneurs se tournent vers le CBD pour tenter de r\u00e9guler le stress ou am\u00e9liorer leur bien-\u00eatre en milieu professionnel. Ce ph\u00e9nom\u00e8ne s\u2019installe progressivement dans les routines de [&hellip;]<\/p>\n","protected":false},"author":90,"featured_media":14253,"comment_status":"closed","ping_status":"open","sticky":false,"template":"","format":"standard","meta":{"_sitemap_exclude":false,"_sitemap_priority":"","_sitemap_frequency":"","footnotes":""},"categories":[206],"tags":[],"class_list":["post-14254","post","type-post","status-publish","format-standard","has-post-thumbnail","hentry","category-sante-cbd"],"yoast_head":"<!-- This site is optimized with the Yoast SEO Premium plugin v26.9 (Yoast SEO v26.9) - https:\/\/yoast.com\/product\/yoast-seo-premium-wordpress\/ -->\n<title>CBD et charge mentale : retours d\u2019usages chez les actifs et entrepreneurs - CBD Blog<\/title>\n<meta name=\"robots\" content=\"index, follow, max-snippet:-1, max-image-preview:large, max-video-preview:-1\" \/>\n<link rel=\"canonical\" href=\"https:\/\/www.cbd.fr\/blog\/cbd-et-charge-mentale-retours-d-usages-chez-les-actifs-et-entrepreneurs\/\" \/>\n<meta property=\"og:locale\" content=\"fr_FR\" \/>\n<meta property=\"og:type\" content=\"article\" \/>\n<meta property=\"og:title\" content=\"\ud83c\udf31CBD et charge mentale : retours d\u2019usages chez les actifs et entrepreneurs - CBD.fr \ud83c\udf31\" \/>\n<meta property=\"og:description\" content=\"L\u2019agitation des journ\u00e9es professionnelles, combin\u00e9e \u00e0 la pression constante de la performance, fait aujourd\u2019hui grimper la charge mentale. Face \u00e0 ce constat, de plus en plus d\u2019actifs et d\u2019entrepreneurs se tournent vers le CBD pour tenter de r\u00e9guler le stress ou am\u00e9liorer leur bien-\u00eatre en milieu professionnel. Ce ph\u00e9nom\u00e8ne s\u2019installe progressivement dans les routines de [&hellip;]\" \/>\n<meta property=\"og:url\" content=\"https:\/\/www.cbd.fr\/blog\/cbd-et-charge-mentale-retours-d-usages-chez-les-actifs-et-entrepreneurs\/\" \/>\n<meta property=\"og:site_name\" content=\"CBD Blog\" \/>\n<meta property=\"article:publisher\" content=\"https:\/\/www.facebook.com\/cbdfrr\/\" \/>\n<meta property=\"article:published_time\" content=\"2026-01-20T14:05:00+00:00\" \/>\n<meta property=\"og:image\" content=\"https:\/\/www.cbd.fr\/blog\/wp-content\/uploads\/2025\/12\/cbd_et_charge_mentale_retours_dusages_chez_les_actifs_et_entrepreneurs.webp\" \/>\n\t<meta property=\"og:image:width\" content=\"1344\" \/>\n\t<meta property=\"og:image:height\" content=\"768\" \/>\n\t<meta property=\"og:image:type\" content=\"image\/webp\" \/>\n<meta name=\"author\" content=\"Julien\" \/>\n<meta name=\"twitter:card\" content=\"summary_large_image\" \/>\n<meta name=\"twitter:label1\" content=\"\u00c9crit par\" \/>\n\t<meta name=\"twitter:data1\" content=\"Julien\" \/>\n\t<meta name=\"twitter:label2\" content=\"Dur\u00e9e de lecture estim\u00e9e\" \/>\n\t<meta name=\"twitter:data2\" content=\"7 minutes\" \/>\n<!-- \/ Yoast SEO Premium plugin. -->","yoast_head_json":{"title":"CBD et charge mentale : retours d\u2019usages chez les actifs et entrepreneurs - CBD Blog","robots":{"index":"index","follow":"follow","max-snippet":"max-snippet:-1","max-image-preview":"max-image-preview:large","max-video-preview":"max-video-preview:-1"},"canonical":"https:\/\/www.cbd.fr\/blog\/cbd-et-charge-mentale-retours-d-usages-chez-les-actifs-et-entrepreneurs\/","og_locale":"fr_FR","og_type":"article","og_title":"\ud83c\udf31CBD et charge mentale : retours d\u2019usages chez les actifs et entrepreneurs - CBD.fr \ud83c\udf31","og_description":"L\u2019agitation des journ\u00e9es professionnelles, combin\u00e9e \u00e0 la pression constante de la performance, fait aujourd\u2019hui grimper la charge mentale. Face \u00e0 ce constat, de plus en plus d\u2019actifs et d\u2019entrepreneurs se tournent vers le CBD pour tenter de r\u00e9guler le stress ou am\u00e9liorer leur bien-\u00eatre en milieu professionnel. Ce ph\u00e9nom\u00e8ne s\u2019installe progressivement dans les routines de [&hellip;]","og_url":"https:\/\/www.cbd.fr\/blog\/cbd-et-charge-mentale-retours-d-usages-chez-les-actifs-et-entrepreneurs\/","og_site_name":"CBD Blog","article_publisher":"https:\/\/www.facebook.com\/cbdfrr\/","article_published_time":"2026-01-20T14:05:00+00:00","og_image":[{"width":1344,"height":768,"url":"https:\/\/www.cbd.fr\/blog\/wp-content\/uploads\/2025\/12\/cbd_et_charge_mentale_retours_dusages_chez_les_actifs_et_entrepreneurs.webp","type":"image\/webp"}],"author":"Julien","twitter_card":"summary_large_image","twitter_misc":{"\u00c9crit par":"Julien","Dur\u00e9e de lecture estim\u00e9e":"7 minutes"},"schema":{"@context":"https:\/\/schema.org","@graph":[{"@type":"Article","@id":"https:\/\/www.cbd.fr\/blog\/cbd-et-charge-mentale-retours-d-usages-chez-les-actifs-et-entrepreneurs\/#article","isPartOf":{"@id":"https:\/\/www.cbd.fr\/blog\/cbd-et-charge-mentale-retours-d-usages-chez-les-actifs-et-entrepreneurs\/"},"author":{"name":"Julien","@id":"https:\/\/www.cbd.fr\/blog\/#\/schema\/person\/d78b472d184ec8ae4135d454e3338c04"},"headline":"CBD et charge mentale : retours d\u2019usages chez les actifs et entrepreneurs","datePublished":"2026-01-20T14:05:00+00:00","mainEntityOfPage":{"@id":"https:\/\/www.cbd.fr\/blog\/cbd-et-charge-mentale-retours-d-usages-chez-les-actifs-et-entrepreneurs\/"},"wordCount":1489,"publisher":{"@id":"https:\/\/www.cbd.fr\/blog\/#organization"},"image":{"@id":"https:\/\/www.cbd.fr\/blog\/cbd-et-charge-mentale-retours-d-usages-chez-les-actifs-et-entrepreneurs\/#primaryimage"},"thumbnailUrl":"https:\/\/www.cbd.fr\/blog\/wp-content\/uploads\/2025\/12\/cbd_et_charge_mentale_retours_dusages_chez_les_actifs_et_entrepreneurs.webp","articleSection":["Sant\u00e9 et CBD"],"inLanguage":"fr-FR"},{"@type":"WebPage","@id":"https:\/\/www.cbd.fr\/blog\/cbd-et-charge-mentale-retours-d-usages-chez-les-actifs-et-entrepreneurs\/","url":"https:\/\/www.cbd.fr\/blog\/cbd-et-charge-mentale-retours-d-usages-chez-les-actifs-et-entrepreneurs\/","name":"CBD et charge mentale : retours d\u2019usages chez les actifs et entrepreneurs - CBD Blog","isPartOf":{"@id":"https:\/\/www.cbd.fr\/blog\/#website"},"primaryImageOfPage":{"@id":"https:\/\/www.cbd.fr\/blog\/cbd-et-charge-mentale-retours-d-usages-chez-les-actifs-et-entrepreneurs\/#primaryimage"},"image":{"@id":"https:\/\/www.cbd.fr\/blog\/cbd-et-charge-mentale-retours-d-usages-chez-les-actifs-et-entrepreneurs\/#primaryimage"},"thumbnailUrl":"https:\/\/www.cbd.fr\/blog\/wp-content\/uploads\/2025\/12\/cbd_et_charge_mentale_retours_dusages_chez_les_actifs_et_entrepreneurs.webp","datePublished":"2026-01-20T14:05:00+00:00","breadcrumb":{"@id":"https:\/\/www.cbd.fr\/blog\/cbd-et-charge-mentale-retours-d-usages-chez-les-actifs-et-entrepreneurs\/#breadcrumb"},"inLanguage":"fr-FR","potentialAction":[{"@type":"ReadAction","target":["https:\/\/www.cbd.fr\/blog\/cbd-et-charge-mentale-retours-d-usages-chez-les-actifs-et-entrepreneurs\/"]}]},{"@type":"ImageObject","inLanguage":"fr-FR","@id":"https:\/\/www.cbd.fr\/blog\/cbd-et-charge-mentale-retours-d-usages-chez-les-actifs-et-entrepreneurs\/#primaryimage","url":"https:\/\/www.cbd.fr\/blog\/wp-content\/uploads\/2025\/12\/cbd_et_charge_mentale_retours_dusages_chez_les_actifs_et_entrepreneurs.webp","contentUrl":"https:\/\/www.cbd.fr\/blog\/wp-content\/uploads\/2025\/12\/cbd_et_charge_mentale_retours_dusages_chez_les_actifs_et_entrepreneurs.webp","width":1344,"height":768,"caption":"CBD et charge mentale"},{"@type":"BreadcrumbList","@id":"https:\/\/www.cbd.fr\/blog\/cbd-et-charge-mentale-retours-d-usages-chez-les-actifs-et-entrepreneurs\/#breadcrumb","itemListElement":[{"@type":"ListItem","position":1,"name":"CBD Blog","item":"https:\/\/www.cbd.fr\/blog\/"},{"@type":"ListItem","position":2,"name":"Sant\u00e9 et CBD","item":"https:\/\/www.cbd.fr\/blog\/category\/sante-cbd\/"},{"@type":"ListItem","position":3,"name":"CBD et charge mentale : retours d\u2019usages chez les actifs et entrepreneurs"}]},{"@type":"WebSite","@id":"https:\/\/www.cbd.fr\/blog\/#website","url":"https:\/\/www.cbd.fr\/blog\/","name":"CBD Blog","description":"Le meilleur blog de CBD et du chanvre en France par CBD.fr","publisher":{"@id":"https:\/\/www.cbd.fr\/blog\/#organization"},"alternateName":"CBD.fr","potentialAction":[{"@type":"SearchAction","target":{"@type":"EntryPoint","urlTemplate":"https:\/\/www.cbd.fr\/blog\/?s={search_term_string}"},"query-input":{"@type":"PropertyValueSpecification","valueRequired":true,"valueName":"search_term_string"}}],"inLanguage":"fr-FR"},{"@type":"Organization","@id":"https:\/\/www.cbd.fr\/blog\/#organization","name":"CBD.fr","alternateName":"CBD.fr","url":"https:\/\/www.cbd.fr\/blog\/","logo":{"@type":"ImageObject","inLanguage":"fr-FR","@id":"https:\/\/www.cbd.fr\/blog\/#\/schema\/logo\/image\/","url":"https:\/\/www.cbd.fr\/blog\/wp-content\/uploads\/2023\/01\/logo-cbd.png","contentUrl":"https:\/\/www.cbd.fr\/blog\/wp-content\/uploads\/2023\/01\/logo-cbd.png","width":215,"height":100,"caption":"CBD.fr"},"image":{"@id":"https:\/\/www.cbd.fr\/blog\/#\/schema\/logo\/image\/"},"sameAs":["https:\/\/www.facebook.com\/cbdfrr\/","https:\/\/www.instagram.com\/cbdfr\/","https:\/\/www.youtube.com\/@CBD_fr","https:\/\/www.linkedin.com\/company\/cbd-fr\/"],"description":"CBD.fr est le leaders fran\u00e7ais du bien-\u00eatre et du CBD, proposant une large gamme de produits \u00e0 base de chanvre rigoureusement s\u00e9lectionn\u00e9s. Expertise, qualit\u00e9 et p\u00e9dagogie sont au c\u0153ur de l\u2019exp\u00e9rience CBD.fr.","email":"support@cbd.fr","telephone":"0189720196","legalName":"CBD.fr","foundingDate":"2021-01-01","taxID":"760933","numberOfEmployees":{"@type":"QuantitativeValue","minValue":"11","maxValue":"50"}},{"@type":"Person","@id":"https:\/\/www.cbd.fr\/blog\/#\/schema\/person\/d78b472d184ec8ae4135d454e3338c04","name":"Julien","image":{"@type":"ImageObject","inLanguage":"fr-FR","@id":"https:\/\/www.cbd.fr\/blog\/#\/schema\/person\/image\/","url":"https:\/\/secure.gravatar.com\/avatar\/58f2f1b1e71c329d0226efe2cc40174640e1757e077dac013c980f3ee43c73a0?s=96&d=mm&r=g","contentUrl":"https:\/\/secure.gravatar.com\/avatar\/58f2f1b1e71c329d0226efe2cc40174640e1757e077dac013c980f3ee43c73a0?s=96&d=mm&r=g","caption":"Julien"},"description":"R\u00e9dacteur en chef sp\u00e9cialis\u00e9 en CBD Julien, n\u00e9 le 17 juillet 1978 en r\u00e9gion Parisienne, est un \u00e9minent r\u00e9dacteur et expert dans le domaine des produits \u00e0 base de CBD. Suite \u00e0 ses \u00e9tudes, Julien a d\u00e9velopp\u00e9 une passion pour les rem\u00e8des naturels, dont le CBD. En 2022, il int\u00e8gre l\u2019\u00e9quipe du site CBD.fr en qualit\u00e9 d\u2019expert et de contributeur r\u00e9gulier. Gr\u00e2ce \u00e0 son expertise scientifique et une \u00e9criture claire, Julien aide \u00e0 d\u00e9mystifier les aspects complexes du CBD, tout en mettant en lumi\u00e8re ses bienfaits et applications potentielles \u00e0 travers ses articles et participations \u00e0 des conf\u00e9rences.","honorificPrefix":"Mr","gender":"male","knowsAbout":["CBD","Cannabis","Copywriter"],"knowsLanguage":["French"],"jobTitle":"Editor-in-chief specializing in CBD","worksFor":"CBD.fr","url":"https:\/\/www.cbd.fr\/blog\/author\/redac-cbd\/"}]}},"_links":{"self":[{"href":"https:\/\/www.cbd.fr\/blog\/wp-json\/wp\/v2\/posts\/14254","targetHints":{"allow":["GET"]}}],"collection":[{"href":"https:\/\/www.cbd.fr\/blog\/wp-json\/wp\/v2\/posts"}],"about":[{"href":"https:\/\/www.cbd.fr\/blog\/wp-json\/wp\/v2\/types\/post"}],"author":[{"embeddable":true,"href":"https:\/\/www.cbd.fr\/blog\/wp-json\/wp\/v2\/users\/90"}],"replies":[{"embeddable":true,"href":"https:\/\/www.cbd.fr\/blog\/wp-json\/wp\/v2\/comments?post=14254"}],"version-history":[{"count":1,"href":"https:\/\/www.cbd.fr\/blog\/wp-json\/wp\/v2\/posts\/14254\/revisions"}],"predecessor-version":[{"id":14255,"href":"https:\/\/www.cbd.fr\/blog\/wp-json\/wp\/v2\/posts\/14254\/revisions\/14255"}],"wp:featuredmedia":[{"embeddable":true,"href":"https:\/\/www.cbd.fr\/blog\/wp-json\/wp\/v2\/media\/14253"}],"wp:attachment":[{"href":"https:\/\/www.cbd.fr\/blog\/wp-json\/wp\/v2\/media?parent=14254"}],"wp:term":[{"taxonomy":"category","embeddable":true,"href":"https:\/\/www.cbd.fr\/blog\/wp-json\/wp\/v2\/categories?post=14254"},{"taxonomy":"post_tag","embeddable":true,"href":"https:\/\/www.cbd.fr\/blog\/wp-json\/wp\/v2\/tags?post=14254"}],"curies":[{"name":"wp","href":"https:\/\/api.w.org\/{rel}","templated":true}]}}