{"id":23148,"date":"2026-02-13T20:46:10","date_gmt":"2026-02-13T19:46:10","guid":{"rendered":"https:\/\/www.cbd.fr\/blog\/?p=23148"},"modified":"2026-02-13T20:46:13","modified_gmt":"2026-02-13T19:46:13","slug":"marocco-la-cannabis-terapeutica-e-legalizzata","status":"publish","type":"post","link":"https:\/\/www.cbd.fr\/blog\/it\/marocco-la-cannabis-terapeutica-e-legalizzata\/","title":{"rendered":"Marocco: la cannabis terapeutica \u00e8 legalizzata?"},"content":{"rendered":"\n<p><strong>La cannabis presente in Europa ha origini diverse. Molti paesi, infatti, riforniscono le citt\u00e0 europee. Il Marocco, in particolare, \u00e8 il principale produttore di cannabis in Europa e uno dei maggiori al mondo. Tuttavia, al momento in cui scriviamo, la legalizzazione della cannabis terapeutica in Marocco sta ancora generando un notevole dibattito. Perch\u00e9? Perch\u00e9 molti si chiedono se il paese legalizzer\u00e0 definitivamente la pianta per uso terapeutico, soprattutto perch\u00e9 \u00e8 attualmente in fase di esame un disegno di legge. Approfondiamo questo argomento di seguito.<\/strong><\/p>\n\n\n\n<div id=\"ez-toc-container\" class=\"ez-toc-v2_0_80 counter-hierarchy ez-toc-counter ez-toc-grey ez-toc-container-direction\">\n<div class=\"ez-toc-title-container\">\n<p class=\"ez-toc-title\" style=\"cursor:inherit\">Sommaire<\/p>\n<span class=\"ez-toc-title-toggle\"><a href=\"#\" class=\"ez-toc-pull-right ez-toc-btn ez-toc-btn-xs ez-toc-btn-default ez-toc-toggle\" aria-label=\"Toggle Table of Content\"><span class=\"ez-toc-js-icon-con\"><span class=\"\"><span class=\"eztoc-hide\" style=\"display:none;\">Toggle<\/span><span class=\"ez-toc-icon-toggle-span\"><svg style=\"fill: #43b981;color:#43b981\" xmlns=\"http:\/\/www.w3.org\/2000\/svg\" class=\"list-377408\" width=\"20px\" height=\"20px\" viewBox=\"0 0 24 24\" fill=\"none\"><path d=\"M6 6H4v2h2V6zm14 0H8v2h12V6zM4 11h2v2H4v-2zm16 0H8v2h12v-2zM4 16h2v2H4v-2zm16 0H8v2h12v-2z\" fill=\"currentColor\"><\/path><\/svg><svg style=\"fill: #43b981;color:#43b981\" class=\"arrow-unsorted-368013\" xmlns=\"http:\/\/www.w3.org\/2000\/svg\" width=\"10px\" height=\"10px\" viewBox=\"0 0 24 24\" version=\"1.2\" baseProfile=\"tiny\"><path d=\"M18.2 9.3l-6.2-6.3-6.2 6.3c-.2.2-.3.4-.3.7s.1.5.3.7c.2.2.4.3.7.3h11c.3 0 .5-.1.7-.3.2-.2.3-.5.3-.7s-.1-.5-.3-.7zM5.8 14.7l6.2 6.3 6.2-6.3c.2-.2.3-.5.3-.7s-.1-.5-.3-.7c-.2-.2-.4-.3-.7-.3h-11c-.3 0-.5.1-.7.3-.2.2-.3.5-.3.7s.1.5.3.7z\"\/><\/svg><\/span><\/span><\/span><\/a><\/span><\/div>\n<nav><ul class='ez-toc-list ez-toc-list-level-1 ' ><li class='ez-toc-page-1 ez-toc-heading-level-2'><a class=\"ez-toc-link ez-toc-heading-1\" href=\"https:\/\/www.cbd.fr\/blog\/it\/marocco-la-cannabis-terapeutica-e-legalizzata\/#I_primi_passi_del_disegno_di_legge_sulla_legalizzazione_della_cannabis_terapeutica_in_Marocco\" >I primi passi del disegno di legge sulla legalizzazione della cannabis terapeutica in Marocco<\/a><\/li><li class='ez-toc-page-1 ez-toc-heading-level-2'><a class=\"ez-toc-link ez-toc-heading-2\" href=\"https:\/\/www.cbd.fr\/blog\/it\/marocco-la-cannabis-terapeutica-e-legalizzata\/#In_effetti_il_disegno_di_legge_sulla\" >In effetti, il disegno di legge sulla<\/a><\/li><\/ul><\/nav><\/div>\n<h2 class=\"wp-block-heading\" id=\"a\"><span class=\"ez-toc-section\" id=\"I_primi_passi_del_disegno_di_legge_sulla_legalizzazione_della_cannabis_terapeutica_in_Marocco\"><\/span>I primi passi del disegno di legge sulla legalizzazione della cannabis terapeutica in Marocco<span class=\"ez-toc-section-end\"><\/span><\/h2>\n\n\n\n<p>In effetti, il dibattito sulla <strong>legalizzazione della cannabis terapeutica in Marocco<\/strong> \u00e8 secolare. Non \u00e8 una questione recente. Nelle sue deliberazioni sulla legalizzazione di questa pianta, il paese sta procedendo allo stesso ritmo di molti altri. Lentamente ma inesorabilmente, come direbbero i puristi della legalit\u00e0!<\/p>\n\n\n\n<p>In effetti, questo argomento \u00e8 generalmente considerato una questione politica. La prova: l&#8217;iniziativa per la legalizzazione \u00e8 venuta dai partiti politici. In primo luogo, nel 2013, una proposta \u00e8 stata presentata dal partito Istiqlal. Questa proposta non ha ricevuto la risposta attesa dal governo. In secondo luogo, anche il Partito Autenticit\u00e0 e Modernit\u00e0 (PAM) ha lanciato un&#8217;iniziativa. Su questo tema, ha presentato un disegno di legge nel 2015. Tuttavia, come alcuni avevano gi\u00e0 previsto, la proposta \u00e8 rimasta lettera morta. Molti temono che ignorare i progetti di legge volti a legalizzare la cannabis terapeutica in Marocco diventi una tradizione. <strong>Poi, con sorpresa di tutti, il governo ha riproposto la questione all&#8217;inizio del 2020. L&#8217;annuncio \u00e8 stato fatto da Larbi El Mharchi, membro del parlamento del Partito Autenticit\u00e0 e Modernit\u00e0 (PAM). Il governo ha preso in considerazione la questione. Ma&#8230; ha fatto marcia indietro pochi giorni dopo. I marocchini desiderosi di vedere legalizzata la cannabis terapeutica sono rimasti delusi. Il regno \u00e8 tornato al punto di partenza. Per le strade, l&#8217;opinione pubblica si \u00e8 fatta pi\u00f9 accesa!<\/strong> <\/p>\n\n\n\n<p>In seguito a questo cambio di rotta, alcuni hanno affermato che il governo marocchino era ostile alla<\/p>\n\n\n\n<p>legalizzazione della cannabis terapeutica in Marocco. <strong><\/strong>Improvvisamente, una fonte vicina all&#8217;esecutivo ha smentito questa voce, negando qualsiasi intenzione di legalizzazione. Da questa prospettiva, la fonte ha chiarito che la questione non rientrava tra le principali priorit\u00e0 del regno.<\/p>\n\n\n\n<p>La speranza \u00e8 ulteriormente svanita tra i favorevoli alla legalizzazione. Ma, a met\u00e0 anno, la Commissione Speciale sul Modello di Sviluppo (CSMD) ha cambiato il corso della situazione. Infatti, secondo quanto riferito, avrebbe raccomandato al Governo <strong>di legalizzare la cannabis in Marocco<\/strong>, ritenendo che, fino ad allora, l&#8217;approccio repressivo non fosse stato efficace. Questa raccomandazione, insieme al fatto che la Drug Enforcement Administration delle Nazioni Unite ha rimosso la pianta dalla sua lista degli stupefacenti pi\u00f9 strettamente controllati, ha giocato un ruolo significativo.<\/p>\n\n\n\n<h2 class=\"wp-block-heading\" id=\"b\"><\/h2>\n\n\n\n<p>Il disegno di legge sulla legalizzazione della cannabis terapeutica in Marocco <strong>Nonostante i numerosi ostacoli che hanno caratterizzato questo processo,<\/strong>il Marocco potrebbe finalmente legalizzare la cannabis terapeutica.<\/p>\n\n\n\n<ol class=\"wp-block-list\">\n<li>Detto questo, quali sono i punti principali di questo disegno di legge?<\/li>\n\n\n\n<li>Il disegno di legge \u00e8 strettamente limitato agli usi medici e industriali. Questo era prevedibile per alcuni, sebbene altri si aspettassero anche la legalizzazione dell&#8217;uso ricreativo.<\/li>\n\n\n\n<li>Verr\u00e0 istituita un&#8217;agenzia di regolamentazione per le attivit\u00e0 legate alla cannabis, l&#8217;Agenzia Nazionale per la Regolamentazione delle Attivit\u00e0 Relative alla Canapa Indiana. La sua sede sar\u00e0 a Rabat e potr\u00e0 essere trasferita in altre regioni o province del Marocco, se necessario. La sua missione principale sar\u00e0 quella di attuare la strategia del governo e garantire il rispetto delle normative relative alla coltivazione, alla lavorazione, alla commercializzazione, all&#8217;esportazione e all&#8217;importazione di cannabis per scopi medici, farmaceutici o industriali. Inoltre, sar\u00e0 l&#8217;unica agenzia autorizzata a rilasciare o revocare i permessi di coltivazione all&#8217;interno del Regno.<\/li>\n\n\n\n<li>La produzione sar\u00e0 limitata ai volumi &#8220;necessari per applicazioni mediche, farmaceutiche e industriali&#8221;. A questo proposito, la produzione non avverr\u00e0 ovunque, ma in aree specifiche. I coltivatori di cannabis autorizzati saranno tenuti ad aderire a cooperative agricole e a vendere i loro prodotti solo ad aziende autorizzate.<\/li>\n\n\n\n<li>Per quanto riguarda i permessi di importazione ed esportazione, ogni richiedente dovr\u00e0 disporre di un deposito sicuro e sorvegliato. Se ne sta parlando&#8230;<\/li>\n<\/ol>\n\n\n\n<h2 class=\"wp-block-heading\" id=\"c\"><span class=\"ez-toc-section\" id=\"In_effetti_il_disegno_di_legge_sulla\"><\/span>In effetti, il disegno di legge sulla<span class=\"ez-toc-section-end\"><\/span><\/h2>\n\n\n\n<p>legalizzazione della cannabis terapeutica in Marocco <strong>sta generando molte discussioni. Ci\u00f2 \u00e8 certamente dovuto all&#8217;improvvisa volont\u00e0 del governo di legalizzare la pianta per uso medicinale. C&#8217;\u00e8 qualcosa di sospetto? Chiss\u00e0&#8230;<\/strong> In ogni caso, alcuni stanno gi\u00e0 esprimendo la loro opinione sull&#8217;argomento. In quest&#8217;ottica, condividiamo con voi alcune delle loro opinioni.<\/p>\n\n\n\n<p>Kenza Afsahi,<\/p>\n\n\n\n<ul class=\"wp-block-list\">\n<li><em>docente di sociologia all&#8217;Universit\u00e0 di Bordeaux e ricercatrice presso il Centro Emile Durkheim, condivide le sue riflessioni.<\/em>&#8220;In Marocco, la produzione illegale di cannabis nella regione del Rif rappresenta una sfida importante, dove centinaia di migliaia di agricoltori, all&#8217;inizio della filiera, non traggono sufficienti benefici economici e sociali. Il proibizionismo degli ultimi decenni ha causato danni enormi: emarginazione, precariet\u00e0 e un diffuso clima di paura dovuto alle ripercussioni legali. Ha inoltre stigmatizzato il Marocco, che \u00e8 stato sottoposto a notevoli pressioni internazionali, in particolare dall&#8217;Europa, per ridurre le superfici coltivate a cannabis, nonostante i protettorati francese e spagnolo abbiano avuto un ruolo nello sviluppo di questa coltura&#8221;. Kenza ha aggiunto&#8230;<\/li>\n<\/ul>\n\n\n\n<blockquote class=\"wp-block-quote is-layout-flow wp-block-quote-is-layout-flow\">\n<p><\/p>\n<\/blockquote>\n\n\n\n<p>&#8220;\u00c8 urgente intervenire. Gli agricoltori soffrono a causa del degrado ambientale, aggravato dalla proliferazione di variet\u00e0 ibride introdotte e da nuove tecniche di coltivazione inadatte o poco conosciute&#8221;. Questi cambiamenti hanno aumentato la pressione sulla terra, gi\u00e0 indebolita dall&#8217;intensificazione delle coltivazioni e dallo sfruttamento del lavoro, compreso quello delle donne, fortemente impegnate nell&#8217;agricoltura pur non traendone un reddito diretto. Queste variet\u00e0 pi\u00f9 redditizie a breve termine richiedono pi\u00f9 manutenzione, pi\u00f9 acqua, pi\u00f9 fertilizzanti, ecc. Hanno anche generato un nuovo mercato per i semi, che prima erano gratuiti. Inoltre, il contesto politico ed economico \u00e8 cambiato: l&#8217;hashish marocchino deve affrontare la concorrenza europea legata all&#8217;aumento della coltivazione domestica, allo spostamento delle preferenze dei consumatori verso la cannabis e all&#8217;emergere di nuovi mercati legali.<\/p>\n\n\n\n<blockquote class=\"wp-block-quote is-layout-flow wp-block-quote-is-layout-flow\">\n<p>Hassan, parlando con l&#8217;agenzia di stampa H24Info, \u00e8 preoccupato e chiede:<\/p>\n\n\n\n<p> <\/p>\n<\/blockquote>\n\n\n\n<ul class=\"wp-block-list\">\n<li><em>&#8220;Saremo formati e supportati? L&#8217;agenzia avr\u00e0 un monopolio e chi pu\u00f2 garantire che non verr\u00e0 privatizzata in seguito?&#8221;<\/em>Khalid Mouna, antropologo, ricercatore e autore.<\/li>\n<\/ul>\n\n\n\n<blockquote class=\"wp-block-quote is-layout-flow wp-block-quote-is-layout-flow\">\n<p>&#8220;Alcuni stakeholder non ne trarranno beneficio, perch\u00e9, secondo alcuni commenti che ho gi\u00e0 ricevuto dai coltivatori, la legalizzazione li trasciner\u00e0 in processi burocratici e statali, presenti in tutti i settori di attivit\u00e0, che non necessariamente comprendono.&#8221;<\/p>\n<\/blockquote>\n\n\n\n<ul class=\"wp-block-list\">\n<li><em>Non resta che attendere che il governo valuti la questione e poi approvi il disegno di legge. Vi terremo aggiornati!<\/em> <\/li>\n<\/ul>\n\n\n\n<blockquote class=\"wp-block-quote is-layout-flow wp-block-quote-is-layout-flow\">\n<p>Riferimenti<\/p>\n<\/blockquote>\n\n\n\n<p><blockquote class=\"wp-embedded-content\" data-secret=\"vFm5tsprQr\"><a href=\"https:\/\/newfrontierdata.com\/\">Home<\/a><\/blockquote><iframe class=\"wp-embedded-content\" sandbox=\"allow-scripts\" security=\"restricted\" style=\"position: absolute; visibility: hidden;\" title=\"&#8220;Home&#8221; &#8212; New Frontier Data\" src=\"https:\/\/newfrontierdata.com\/embed\/#?secret=hEsQUrfCix#?secret=vFm5tsprQr\" data-secret=\"vFm5tsprQr\" width=\"600\" height=\"338\" frameborder=\"0\" marginwidth=\"0\" marginheight=\"0\" scrolling=\"no\"><\/iframe><\/p>\n\n\n\n<hr class=\"wp-block-separator has-alpha-channel-opacity\">\n\n\n\n<p>https:\/\/www.newsweed.fr<\/p>\n\n\n\n<ol class=\"wp-block-list\">\n<li>https:\/\/www.reuters.com<\/li>\n\n\n\n<li>https:\/\/www.moroccoworldnews.com<\/li>\n\n\n\n<li><\/li>\n\n\n\n<li><\/li>\n<\/ol>\n\n\n\n<div class=\"kk-star-ratings kksr-auto kksr-align-left kksr-valign-bottom\"\n    data-payload='{&quot;align&quot;:&quot;left&quot;,&quot;id&quot;:&quot;23148&quot;,&quot;slug&quot;:&quot;default&quot;,&quot;valign&quot;:&quot;bottom&quot;,&quot;ignore&quot;:&quot;&quot;,&quot;reference&quot;:&quot;auto&quot;,&quot;class&quot;:&quot;&quot;,&quot;count&quot;:&quot;0&quot;,&quot;legendonly&quot;:&quot;&quot;,&quot;readonly&quot;:&quot;&quot;,&quot;score&quot;:&quot;0&quot;,&quot;starsonly&quot;:&quot;&quot;,&quot;best&quot;:&quot;5&quot;,&quot;gap&quot;:&quot;5&quot;,&quot;greet&quot;:&quot;Notez cet article&quot;,&quot;legend&quot;:&quot;0\\\/5 - (0 vote)&quot;,&quot;size&quot;:&quot;24&quot;,&quot;title&quot;:&quot;Marocco: la cannabis terapeutica \u00e8 legalizzata?&quot;,&quot;width&quot;:&quot;0&quot;,&quot;_legend&quot;:&quot;{score}\\\/{best} - ({count} {votes})&quot;,&quot;font_factor&quot;:&quot;1.25&quot;}'>\n            \n<div class=\"kksr-stars\">\n    \n<div class=\"kksr-stars-inactive\">\n            <div class=\"kksr-star\" data-star=\"1\" style=\"padding-right: 5px\">\n            \n\n<div class=\"kksr-icon\" style=\"width: 24px; height: 24px;\"><\/div>\n        <\/div>\n            <div class=\"kksr-star\" data-star=\"2\" style=\"padding-right: 5px\">\n            \n\n<div class=\"kksr-icon\" style=\"width: 24px; height: 24px;\"><\/div>\n        <\/div>\n            <div class=\"kksr-star\" data-star=\"3\" style=\"padding-right: 5px\">\n            \n\n<div class=\"kksr-icon\" style=\"width: 24px; height: 24px;\"><\/div>\n        <\/div>\n            <div class=\"kksr-star\" data-star=\"4\" style=\"padding-right: 5px\">\n            \n\n<div class=\"kksr-icon\" style=\"width: 24px; height: 24px;\"><\/div>\n        <\/div>\n            <div class=\"kksr-star\" data-star=\"5\" style=\"padding-right: 5px\">\n            \n\n<div class=\"kksr-icon\" style=\"width: 24px; height: 24px;\"><\/div>\n        <\/div>\n    <\/div>\n    \n<div class=\"kksr-stars-active\" style=\"width: 0px;\">\n            <div class=\"kksr-star\" style=\"padding-right: 5px\">\n            \n\n<div class=\"kksr-icon\" style=\"width: 24px; height: 24px;\"><\/div>\n        <\/div>\n            <div class=\"kksr-star\" style=\"padding-right: 5px\">\n            \n\n<div class=\"kksr-icon\" style=\"width: 24px; height: 24px;\"><\/div>\n        <\/div>\n            <div class=\"kksr-star\" style=\"padding-right: 5px\">\n            \n\n<div class=\"kksr-icon\" style=\"width: 24px; height: 24px;\"><\/div>\n        <\/div>\n            <div class=\"kksr-star\" style=\"padding-right: 5px\">\n            \n\n<div class=\"kksr-icon\" style=\"width: 24px; height: 24px;\"><\/div>\n        <\/div>\n            <div class=\"kksr-star\" style=\"padding-right: 5px\">\n            \n\n<div class=\"kksr-icon\" style=\"width: 24px; height: 24px;\"><\/div>\n        <\/div>\n    <\/div>\n<\/div>\n                \n\n<div class=\"kksr-legend\" style=\"font-size: 19.2px;\">\n            <span class=\"kksr-muted\">Notez cet article<\/span>\n    <\/div>\n    <\/div>\n","protected":false},"excerpt":{"rendered":"<p>La cannabis presente in Europa ha origini diverse. Molti paesi, infatti, riforniscono le citt\u00e0 europee. Il Marocco, in particolare, \u00e8 il principale produttore di cannabis in Europa e uno dei maggiori al mondo. Tuttavia, al momento in cui scriviamo, la legalizzazione della cannabis terapeutica in Marocco sta ancora generando un notevole dibattito. Perch\u00e9? Perch\u00e9 molti [&hellip;]<\/p>\n","protected":false},"author":90,"featured_media":3458,"comment_status":"open","ping_status":"open","sticky":false,"template":"predefinito\n","format":"standard","meta":{"_sitemap_exclude":false,"_sitemap_priority":"","_sitemap_frequency":"","footnotes":""},"categories":[1049,3292],"tags":[],"class_list":["post-23148","post","type-post","status-publish","format-standard","has-post-thumbnail","hentry","category-legislazione-sul-cbd-it","category-legislazione-sul-cbd-in-africa-it"],"yoast_head":"<!-- This site is optimized with the Yoast SEO Premium plugin v26.9 (Yoast SEO v26.9) - https:\/\/yoast.com\/product\/yoast-seo-premium-wordpress\/ -->\n<title>Marocco: la cannabis terapeutica \u00e8 legalizzata? - CBD Blog<\/title>\n<meta name=\"description\" content=\"Cannabis terapeutica in Marocco: verso la legalizzazione? Questa \u00e8 la domanda che molti si pongono. CBD.FR fa il punto!\" \/>\n<meta name=\"robots\" content=\"index, follow, max-snippet:-1, max-image-preview:large, max-video-preview:-1\" \/>\n<link rel=\"canonical\" href=\"https:\/\/www.cbd.fr\/blog\/it\/marocco-la-cannabis-terapeutica-e-legalizzata\/\" \/>\n<meta property=\"og:locale\" content=\"fr_FR\" \/>\n<meta property=\"og:type\" content=\"article\" \/>\n<meta property=\"og:title\" content=\"\ud83c\udf31Marocco: la cannabis terapeutica \u00e8 legalizzata? - CBD.fr \ud83c\udf31\" \/>\n<meta property=\"og:description\" content=\"Cannabis terapeutica in Marocco: verso la legalizzazione? Questa \u00e8 la domanda che molti si pongono. CBD.FR fa il punto!\" \/>\n<meta property=\"og:url\" content=\"https:\/\/www.cbd.fr\/blog\/it\/marocco-la-cannabis-terapeutica-e-legalizzata\/\" \/>\n<meta property=\"og:site_name\" content=\"CBD Blog\" \/>\n<meta property=\"article:publisher\" content=\"https:\/\/www.facebook.com\/cbdfrr\/\" \/>\n<meta property=\"article:published_time\" content=\"2026-02-13T19:46:10+00:00\" \/>\n<meta property=\"article:modified_time\" content=\"2026-02-13T19:46:13+00:00\" \/>\n<meta property=\"og:image\" content=\"https:\/\/www.cbd.fr\/blog\/wp-content\/uploads\/2021\/03\/maroc-cannabis-medical-legalise-cbd-fr.jpeg\" \/>\n\t<meta property=\"og:image:width\" content=\"2560\" \/>\n\t<meta property=\"og:image:height\" content=\"1631\" \/>\n\t<meta property=\"og:image:type\" content=\"image\/jpeg\" \/>\n<meta name=\"author\" content=\"Julien\" \/>\n<meta name=\"twitter:card\" content=\"summary_large_image\" \/>\n<meta name=\"twitter:label1\" content=\"\u00c9crit par\" \/>\n\t<meta name=\"twitter:data1\" content=\"Julien\" \/>\n\t<meta name=\"twitter:label2\" content=\"Dur\u00e9e de lecture estim\u00e9e\" \/>\n\t<meta name=\"twitter:data2\" content=\"5 minutes\" \/>\n<!-- \/ Yoast SEO Premium plugin. -->","yoast_head_json":{"title":"Marocco: la cannabis terapeutica \u00e8 legalizzata? - CBD Blog","description":"Cannabis terapeutica in Marocco: verso la legalizzazione? Questa \u00e8 la domanda che molti si pongono. CBD.FR fa il punto!","robots":{"index":"index","follow":"follow","max-snippet":"max-snippet:-1","max-image-preview":"max-image-preview:large","max-video-preview":"max-video-preview:-1"},"canonical":"https:\/\/www.cbd.fr\/blog\/it\/marocco-la-cannabis-terapeutica-e-legalizzata\/","og_locale":"fr_FR","og_type":"article","og_title":"\ud83c\udf31Marocco: la cannabis terapeutica \u00e8 legalizzata? - CBD.fr \ud83c\udf31","og_description":"Cannabis terapeutica in Marocco: verso la legalizzazione? Questa \u00e8 la domanda che molti si pongono. CBD.FR fa il punto!","og_url":"https:\/\/www.cbd.fr\/blog\/it\/marocco-la-cannabis-terapeutica-e-legalizzata\/","og_site_name":"CBD Blog","article_publisher":"https:\/\/www.facebook.com\/cbdfrr\/","article_published_time":"2026-02-13T19:46:10+00:00","article_modified_time":"2026-02-13T19:46:13+00:00","og_image":[{"width":2560,"height":1631,"url":"https:\/\/www.cbd.fr\/blog\/wp-content\/uploads\/2021\/03\/maroc-cannabis-medical-legalise-cbd-fr.jpeg","type":"image\/jpeg"}],"author":"Julien","twitter_card":"summary_large_image","twitter_misc":{"\u00c9crit par":"Julien","Dur\u00e9e de lecture estim\u00e9e":"5 minutes"},"schema":{"@context":"https:\/\/schema.org","@graph":[{"@type":"Article","@id":"https:\/\/www.cbd.fr\/blog\/it\/marocco-la-cannabis-terapeutica-e-legalizzata\/#article","isPartOf":{"@id":"https:\/\/www.cbd.fr\/blog\/it\/marocco-la-cannabis-terapeutica-e-legalizzata\/"},"author":{"name":"Julien","@id":"https:\/\/www.cbd.fr\/blog\/#\/schema\/person\/d78b472d184ec8ae4135d454e3338c04"},"headline":"Marocco: la cannabis terapeutica \u00e8 legalizzata?","datePublished":"2026-02-13T19:46:10+00:00","dateModified":"2026-02-13T19:46:13+00:00","mainEntityOfPage":{"@id":"https:\/\/www.cbd.fr\/blog\/it\/marocco-la-cannabis-terapeutica-e-legalizzata\/"},"wordCount":1069,"commentCount":0,"publisher":{"@id":"https:\/\/www.cbd.fr\/blog\/#organization"},"image":{"@id":"https:\/\/www.cbd.fr\/blog\/it\/marocco-la-cannabis-terapeutica-e-legalizzata\/#primaryimage"},"thumbnailUrl":"https:\/\/www.cbd.fr\/blog\/wp-content\/uploads\/2021\/03\/maroc-cannabis-medical-legalise-cbd-fr.jpeg","articleSection":["Legislazione sul CBD","Legislazione sul CBD in Africa"],"inLanguage":"fr-FR","potentialAction":[{"@type":"CommentAction","name":"Comment","target":["https:\/\/www.cbd.fr\/blog\/it\/marocco-la-cannabis-terapeutica-e-legalizzata\/#respond"]}]},{"@type":"WebPage","@id":"https:\/\/www.cbd.fr\/blog\/it\/marocco-la-cannabis-terapeutica-e-legalizzata\/","url":"https:\/\/www.cbd.fr\/blog\/it\/marocco-la-cannabis-terapeutica-e-legalizzata\/","name":"Marocco: la cannabis terapeutica \u00e8 legalizzata? - CBD Blog","isPartOf":{"@id":"https:\/\/www.cbd.fr\/blog\/#website"},"primaryImageOfPage":{"@id":"https:\/\/www.cbd.fr\/blog\/it\/marocco-la-cannabis-terapeutica-e-legalizzata\/#primaryimage"},"image":{"@id":"https:\/\/www.cbd.fr\/blog\/it\/marocco-la-cannabis-terapeutica-e-legalizzata\/#primaryimage"},"thumbnailUrl":"https:\/\/www.cbd.fr\/blog\/wp-content\/uploads\/2021\/03\/maroc-cannabis-medical-legalise-cbd-fr.jpeg","datePublished":"2026-02-13T19:46:10+00:00","dateModified":"2026-02-13T19:46:13+00:00","description":"Cannabis terapeutica in Marocco: verso la legalizzazione? Questa \u00e8 la domanda che molti si pongono. CBD.FR fa il punto!","breadcrumb":{"@id":"https:\/\/www.cbd.fr\/blog\/it\/marocco-la-cannabis-terapeutica-e-legalizzata\/#breadcrumb"},"inLanguage":"fr-FR","potentialAction":[{"@type":"ReadAction","target":["https:\/\/www.cbd.fr\/blog\/it\/marocco-la-cannabis-terapeutica-e-legalizzata\/"]}]},{"@type":"ImageObject","inLanguage":"fr-FR","@id":"https:\/\/www.cbd.fr\/blog\/it\/marocco-la-cannabis-terapeutica-e-legalizzata\/#primaryimage","url":"https:\/\/www.cbd.fr\/blog\/wp-content\/uploads\/2021\/03\/maroc-cannabis-medical-legalise-cbd-fr.jpeg","contentUrl":"https:\/\/www.cbd.fr\/blog\/wp-content\/uploads\/2021\/03\/maroc-cannabis-medical-legalise-cbd-fr.jpeg","width":2560,"height":1631,"caption":"Maroc : le cannabis m\u00e9dical l\u00e9galis\u00e9"},{"@type":"BreadcrumbList","@id":"https:\/\/www.cbd.fr\/blog\/it\/marocco-la-cannabis-terapeutica-e-legalizzata\/#breadcrumb","itemListElement":[{"@type":"ListItem","position":1,"name":"CBD Blog","item":"https:\/\/www.cbd.fr\/blog\/"},{"@type":"ListItem","position":2,"name":"Legislazione sul CBD","item":"https:\/\/www.cbd.fr\/blog\/en\/category\/legislazione-sul-cbd-it\/"},{"@type":"ListItem","position":3,"name":"Marocco: la cannabis terapeutica \u00e8 legalizzata?"}]},{"@type":"WebSite","@id":"https:\/\/www.cbd.fr\/blog\/#website","url":"https:\/\/www.cbd.fr\/blog\/","name":"CBD Blog","description":"Le meilleur blog de CBD et du chanvre en France par CBD.fr","publisher":{"@id":"https:\/\/www.cbd.fr\/blog\/#organization"},"alternateName":"CBD.fr","potentialAction":[{"@type":"SearchAction","target":{"@type":"EntryPoint","urlTemplate":"https:\/\/www.cbd.fr\/blog\/?s={search_term_string}"},"query-input":{"@type":"PropertyValueSpecification","valueRequired":true,"valueName":"search_term_string"}}],"inLanguage":"fr-FR"},{"@type":"Organization","@id":"https:\/\/www.cbd.fr\/blog\/#organization","name":"CBD.fr","alternateName":"CBD.fr","url":"https:\/\/www.cbd.fr\/blog\/","logo":{"@type":"ImageObject","inLanguage":"fr-FR","@id":"https:\/\/www.cbd.fr\/blog\/#\/schema\/logo\/image\/","url":"https:\/\/www.cbd.fr\/blog\/wp-content\/uploads\/2023\/01\/logo-cbd.png","contentUrl":"https:\/\/www.cbd.fr\/blog\/wp-content\/uploads\/2023\/01\/logo-cbd.png","width":215,"height":100,"caption":"CBD.fr"},"image":{"@id":"https:\/\/www.cbd.fr\/blog\/#\/schema\/logo\/image\/"},"sameAs":["https:\/\/www.facebook.com\/cbdfrr\/","https:\/\/www.instagram.com\/cbdfr\/","https:\/\/www.youtube.com\/@CBD_fr","https:\/\/www.linkedin.com\/company\/cbd-fr\/"],"description":"CBD.fr est le leaders fran\u00e7ais du bien-\u00eatre et du CBD, proposant une large gamme de produits \u00e0 base de chanvre rigoureusement s\u00e9lectionn\u00e9s. Expertise, qualit\u00e9 et p\u00e9dagogie sont au c\u0153ur de l\u2019exp\u00e9rience CBD.fr.","email":"support@cbd.fr","telephone":"0189720196","legalName":"CBD.fr","foundingDate":"2021-01-01","taxID":"760933","numberOfEmployees":{"@type":"QuantitativeValue","minValue":"11","maxValue":"50"}},{"@type":"Person","@id":"https:\/\/www.cbd.fr\/blog\/#\/schema\/person\/d78b472d184ec8ae4135d454e3338c04","name":"Julien","image":{"@type":"ImageObject","inLanguage":"fr-FR","@id":"https:\/\/www.cbd.fr\/blog\/#\/schema\/person\/image\/","url":"https:\/\/secure.gravatar.com\/avatar\/58f2f1b1e71c329d0226efe2cc40174640e1757e077dac013c980f3ee43c73a0?s=96&d=mm&r=g","contentUrl":"https:\/\/secure.gravatar.com\/avatar\/58f2f1b1e71c329d0226efe2cc40174640e1757e077dac013c980f3ee43c73a0?s=96&d=mm&r=g","caption":"Julien"},"description":"R\u00e9dacteur en chef sp\u00e9cialis\u00e9 en CBD Julien, n\u00e9 le 17 juillet 1978 en r\u00e9gion Parisienne, est un \u00e9minent r\u00e9dacteur et expert dans le domaine des produits \u00e0 base de CBD. Suite \u00e0 ses \u00e9tudes, Julien a d\u00e9velopp\u00e9 une passion pour les rem\u00e8des naturels, dont le CBD. En 2022, il int\u00e8gre l\u2019\u00e9quipe du site CBD.fr en qualit\u00e9 d\u2019expert et de contributeur r\u00e9gulier. Gr\u00e2ce \u00e0 son expertise scientifique et une \u00e9criture claire, Julien aide \u00e0 d\u00e9mystifier les aspects complexes du CBD, tout en mettant en lumi\u00e8re ses bienfaits et applications potentielles \u00e0 travers ses articles et participations \u00e0 des conf\u00e9rences.","honorificPrefix":"Mr","gender":"male","knowsAbout":["CBD","Cannabis","Copywriter"],"knowsLanguage":["French"],"jobTitle":"Editor-in-chief specializing in CBD","worksFor":"CBD.fr","url":"https:\/\/www.cbd.fr\/blog\/author\/redac-cbd\/"}]}},"_links":{"self":[{"href":"https:\/\/www.cbd.fr\/blog\/wp-json\/wp\/v2\/posts\/23148","targetHints":{"allow":["GET"]}}],"collection":[{"href":"https:\/\/www.cbd.fr\/blog\/wp-json\/wp\/v2\/posts"}],"about":[{"href":"https:\/\/www.cbd.fr\/blog\/wp-json\/wp\/v2\/types\/post"}],"author":[{"embeddable":true,"href":"https:\/\/www.cbd.fr\/blog\/wp-json\/wp\/v2\/users\/90"}],"replies":[{"embeddable":true,"href":"https:\/\/www.cbd.fr\/blog\/wp-json\/wp\/v2\/comments?post=23148"}],"version-history":[{"count":1,"href":"https:\/\/www.cbd.fr\/blog\/wp-json\/wp\/v2\/posts\/23148\/revisions"}],"predecessor-version":[{"id":23149,"href":"https:\/\/www.cbd.fr\/blog\/wp-json\/wp\/v2\/posts\/23148\/revisions\/23149"}],"wp:featuredmedia":[{"embeddable":true,"href":"https:\/\/www.cbd.fr\/blog\/wp-json\/wp\/v2\/media\/3458"}],"wp:attachment":[{"href":"https:\/\/www.cbd.fr\/blog\/wp-json\/wp\/v2\/media?parent=23148"}],"wp:term":[{"taxonomy":"category","embeddable":true,"href":"https:\/\/www.cbd.fr\/blog\/wp-json\/wp\/v2\/categories?post=23148"},{"taxonomy":"post_tag","embeddable":true,"href":"https:\/\/www.cbd.fr\/blog\/wp-json\/wp\/v2\/tags?post=23148"}],"curies":[{"name":"wp","href":"https:\/\/api.w.org\/{rel}","templated":true}]}}