{"id":23424,"date":"2026-02-13T20:56:44","date_gmt":"2026-02-13T19:56:44","guid":{"rendered":"https:\/\/www.cbd.fr\/blog\/?p=23424"},"modified":"2026-02-13T20:56:46","modified_gmt":"2026-02-13T19:56:46","slug":"covid-19-is-affecting-the-mental-health-of-cannabis-users-and-their-social-use-practices","status":"publish","type":"post","link":"https:\/\/www.cbd.fr\/blog\/en\/covid-19-is-affecting-the-mental-health-of-cannabis-users-and-their-social-use-practices\/","title":{"rendered":"COVID-19 is affecting the mental health of cannabis users and their social use practices."},"content":{"rendered":"<blockquote><p>The team at <strong><a href=\"https:\/\/www.cbd.fr\/\">CBD.fr has translated the New Frontier Data article into French for your convenience\u2026 you can find the original source of this article, written by New Frontier Data, here.<\/a><\/strong>Last week\u2019s Cannabit explored the overall shifts in cannabis consumption and product form during the pandemic (using data from a September survey of 4,600 US consumers). This week\u2019s edition examines the survey results to measure the pandemic\u2019s impact on consumers\u2019 social consumption practices and mental health. These findings and their implications for the industry are explored in greater depth in New Frontier Data\u2019s upcoming article,<\/p><\/blockquote>\n<p><span style=\"font-size: revert;color: initial\">The Impact of COVID-19: A Supplement to the 2020-2021 US Cannabis Report <\/span><strong style=\"font-size: revert;color: initial\"><em>, due for publication in December. Pandemic precautions require changes in social behavior.<\/em><\/strong><span style=\"font-size: revert;color: initial\"> Nearly all (98%) current cannabis users (i.e., those who consume it at least once a year) reported changing their daily social behaviors to incorporate precautions against contracting and spreading the virus. 84% practiced social distancing, 55% self-isolated at home, and 42% interacted only with their COVID pods\u2014a small circle of family members or friends. Meanwhile, 72% also reported changing how they consume cannabis with others.<\/span><\/p>\n<div id=\"ez-toc-container\" class=\"ez-toc-v2_0_80 counter-hierarchy ez-toc-counter ez-toc-grey ez-toc-container-direction\">\n<div class=\"ez-toc-title-container\">\n<p class=\"ez-toc-title\" style=\"cursor:inherit\">Sommaire<\/p>\n<span class=\"ez-toc-title-toggle\"><a href=\"#\" class=\"ez-toc-pull-right ez-toc-btn ez-toc-btn-xs ez-toc-btn-default ez-toc-toggle\" aria-label=\"Toggle Table of Content\"><span class=\"ez-toc-js-icon-con\"><span class=\"\"><span class=\"eztoc-hide\" style=\"display:none;\">Toggle<\/span><span class=\"ez-toc-icon-toggle-span\"><svg style=\"fill: #43b981;color:#43b981\" xmlns=\"http:\/\/www.w3.org\/2000\/svg\" class=\"list-377408\" width=\"20px\" height=\"20px\" viewBox=\"0 0 24 24\" fill=\"none\"><path d=\"M6 6H4v2h2V6zm14 0H8v2h12V6zM4 11h2v2H4v-2zm16 0H8v2h12v-2zM4 16h2v2H4v-2zm16 0H8v2h12v-2z\" fill=\"currentColor\"><\/path><\/svg><svg style=\"fill: #43b981;color:#43b981\" class=\"arrow-unsorted-368013\" xmlns=\"http:\/\/www.w3.org\/2000\/svg\" width=\"10px\" height=\"10px\" viewBox=\"0 0 24 24\" version=\"1.2\" baseProfile=\"tiny\"><path d=\"M18.2 9.3l-6.2-6.3-6.2 6.3c-.2.2-.3.4-.3.7s.1.5.3.7c.2.2.4.3.7.3h11c.3 0 .5-.1.7-.3.2-.2.3-.5.3-.7s-.1-.5-.3-.7zM5.8 14.7l6.2 6.3 6.2-6.3c.2-.2.3-.5.3-.7s-.1-.5-.3-.7c-.2-.2-.4-.3-.7-.3h-11c-.3 0-.5.1-.7.3-.2.2-.3.5-.3.7s.1.5.3.7z\"\/><\/svg><\/span><\/span><\/span><\/a><\/span><\/div>\n<nav><ul class='ez-toc-list ez-toc-list-level-1 ' ><li class='ez-toc-page-1 ez-toc-heading-level-2'><a class=\"ez-toc-link ez-toc-heading-1\" href=\"https:\/\/www.cbd.fr\/blog\/en\/covid-19-is-affecting-the-mental-health-of-cannabis-users-and-their-social-use-practices\/#The_most_common_change_in_social_cannabis_use_is_for_each_person_to_consume_their_own_product_to_avoid_sharing_26_with_physical_contact_A_smaller_group_16_continues_to_share_cannabis_for_smoking_but_tends_to_use_co-holders_or_personal_mouthpieces_to_avoid_directly_sharing_saliva_with_other_users_About_1_in_10_has_moved_their_consumption_sessions_to_a_video_call_platform_thus_avoiding_a_shared_physical_space\" >The most common change in social cannabis use is for each person to consume their own product to avoid sharing (26%) with physical contact. A smaller group (16%) continues to share cannabis for smoking but tends to use co-holders or personal mouthpieces to avoid directly sharing saliva with other users. About 1 in 10 has moved their consumption sessions to a video call platform, thus avoiding a shared physical space.<\/a><\/li><li class='ez-toc-page-1 ez-toc-heading-level-2'><a class=\"ez-toc-link ez-toc-heading-2\" href=\"https:\/\/www.cbd.fr\/blog\/en\/covid-19-is-affecting-the-mental-health-of-cannabis-users-and-their-social-use-practices\/#The_pandemic_and_its_related_effects_on_social_and_family_life_as_well_as_the_resulting_economic_disruptions_and_financial_strain_have_unsurprisingly_taken_their_toll_on_most_consumers_Two_in_five_reported_that_their_mental_health_worsened_during_the_pandemic_two_in_five_reported_that_it_remained_the_same_and_one_in_five_reported_that_it_improved\" >The pandemic and its related effects on social and family life (as well as the resulting economic disruptions and financial strain) have unsurprisingly taken their toll on most consumers. Two in five reported that their mental health worsened during the pandemic, two in five reported that it remained the same, and one in five reported that it improved.<\/a><\/li><\/ul><\/nav><\/div>\n<h2 id=\"a\"><span class=\"ez-toc-section\" id=\"The_most_common_change_in_social_cannabis_use_is_for_each_person_to_consume_their_own_product_to_avoid_sharing_26_with_physical_contact_A_smaller_group_16_continues_to_share_cannabis_for_smoking_but_tends_to_use_co-holders_or_personal_mouthpieces_to_avoid_directly_sharing_saliva_with_other_users_About_1_in_10_has_moved_their_consumption_sessions_to_a_video_call_platform_thus_avoiding_a_shared_physical_space\"><\/span>The most common change in social cannabis use is for each person to consume their own product to avoid sharing (26%) with physical contact. A smaller group (16%) continues to share cannabis for smoking but tends to use co-holders or personal mouthpieces to avoid directly sharing saliva with other users. About 1 in 10 has moved their consumption sessions to a video call platform, thus avoiding a shared physical space.<span class=\"ez-toc-section-end\"><\/span><\/h2>\n<p>Among the more extreme adjustments, more than one in five users (22%) report no longer consuming cannabis with others, and one in 10 (11%) no longer uses it at all. Among users who only consumed cannabis socially before the pandemic, a third (33%) had not used it for more than six months since the start of the pandemic. This reflects the fact that some social users rely on friends to supply the cannabis they consume, while they rarely or never purchase it themselves.<\/p>\n<p>The Impact of the Pandemic on Consumer Mental Health Varies<\/p>\n<h2 id=\"b\"><span class=\"ez-toc-section\" id=\"The_pandemic_and_its_related_effects_on_social_and_family_life_as_well_as_the_resulting_economic_disruptions_and_financial_strain_have_unsurprisingly_taken_their_toll_on_most_consumers_Two_in_five_reported_that_their_mental_health_worsened_during_the_pandemic_two_in_five_reported_that_it_remained_the_same_and_one_in_five_reported_that_it_improved\"><\/span>The pandemic and its related effects on social and family life (as well as the resulting economic disruptions and financial strain) have unsurprisingly taken their toll on most consumers. Two in five reported that their mental health worsened during the pandemic, two in five reported that it remained the same, and one in five reported that it improved.<span class=\"ez-toc-section-end\"><\/span><\/h2>\n<p>The Impact of the Pandemic on Consumer Mental Health: Data<\/p>\n<p><img fetchpriority=\"high\" decoding=\"async\" class=\"aligncenter wp-image-2834 size-large\" src=\"https:\/\/www.cbd.fr\/blog\/wp-content\/uploads\/2020\/12\/11-30-Mental-health-COVID-blog-1-1024x529.jpg\" alt=\"Notably, consumers of different genders and ages reported very different mental health outcomes. Nearly half (48%) of female consumers and 46% of those aged 18 to 34 reported that their mental health had worsened during the pandemic, compared to 29% of men and about a third of older consumers (p. 1% among those aged 35-54 and 31% among those aged 55 and over). Younger consumers and female consumers were also much more likely than their male counterparts to report having \u201cpoor\u201d or \u201cfair\u201d mental health in absolute terms.\" width=\"1024\" height=\"529\" srcset=\"https:\/\/www.cbd.fr\/blog\/wp-content\/uploads\/2020\/12\/11-30-Mental-health-COVID-blog-1-1024x529.jpg 1024w, https:\/\/www.cbd.fr\/blog\/wp-content\/uploads\/2020\/12\/11-30-Mental-health-COVID-blog-1-300x155.jpg 300w, https:\/\/www.cbd.fr\/blog\/wp-content\/uploads\/2020\/12\/11-30-Mental-health-COVID-blog-1-768x397.jpg 768w, https:\/\/www.cbd.fr\/blog\/wp-content\/uploads\/2020\/12\/11-30-Mental-health-COVID-blog-1.jpg 1042w\" sizes=\"(max-width: 1024px) 100vw, 1024px\" \/><\/p>\n<p>The groups most likely to report a decline in mental health during the pandemic (i.e., women and consumers aged 18 to 34) were also those most likely, prior to the pandemic, to have used cannabis primarily or exclusively for social purposes (as opposed to solitary use). This does not mean that the lack of post-pandemic social consumption precipitated a deterioration in the mental health of these users, but rather that higher rates of cannabis use with others before the pandemic indicated a stronger general tendency toward extroversion and social behavior, which the pandemic disrupted, likely increasing feelings of isolation and worsening emotional well-being. Cannabis use for managing mental health during the pandemic<\/p>\n<p>Among the most common reasons consumers cited for using cannabis were promoting relaxation, reducing anxiety, and aiding sleep; for many, the pandemic subsequently increased these needs. More than half (52%) of consumers reported using cannabis specifically to improve their mental health during the pandemic. These rates were higher (58%) among consumers under the age of 55 and 63% among those with children under 18 living at home.<\/p>\n<h2 id=\"c\"><\/h2>\n<p>The impact of the pandemic on consumers&#8217; mental health, charts<\/p>\n<p><img decoding=\"async\" class=\"aligncenter wp-image-2835 size-large\" src=\"https:\/\/www.cbd.fr\/blog\/wp-content\/uploads\/2020\/12\/11-30-Mental-health-COVID-blog-2-1024x530.jpg\" alt=\"For more findings and an analysis of consumer behavior during COVID-19, please see the upcoming report from New Frontier Data,\" width=\"1024\" height=\"530\" srcset=\"https:\/\/www.cbd.fr\/blog\/wp-content\/uploads\/2020\/12\/11-30-Mental-health-COVID-blog-2-1024x530.jpg 1024w, https:\/\/www.cbd.fr\/blog\/wp-content\/uploads\/2020\/12\/11-30-Mental-health-COVID-blog-2-300x155.jpg 300w, https:\/\/www.cbd.fr\/blog\/wp-content\/uploads\/2020\/12\/11-30-Mental-health-COVID-blog-2-768x397.jpg 768w, https:\/\/www.cbd.fr\/blog\/wp-content\/uploads\/2020\/12\/11-30-Mental-health-COVID-blog-2.jpg 1042w\" sizes=\"(max-width: 1024px) 100vw, 1024px\" \/><\/p>\n<p> <strong><em>The Impact of COVID-19: A Supplement to the 2020-2021 US Cannabis Report<\/em><\/strong><em> <\/em><\/p>\n<p>On the same topic, read:<\/p>\n<ul>\n<li><a href=\"https:\/\/www.cbd.fr\/blog\/consommateurs-de-cannabis-et-covid-19\/\" target=\"_blank\" rel=\"noopener noreferrer\">Cannabis Users and COVID-19<\/a><\/li>\n<\/ul>\n\n\n<div class=\"kk-star-ratings kksr-auto kksr-align-left kksr-valign-bottom\"\n    data-payload='{&quot;align&quot;:&quot;left&quot;,&quot;id&quot;:&quot;23424&quot;,&quot;slug&quot;:&quot;default&quot;,&quot;valign&quot;:&quot;bottom&quot;,&quot;ignore&quot;:&quot;&quot;,&quot;reference&quot;:&quot;auto&quot;,&quot;class&quot;:&quot;&quot;,&quot;count&quot;:&quot;0&quot;,&quot;legendonly&quot;:&quot;&quot;,&quot;readonly&quot;:&quot;&quot;,&quot;score&quot;:&quot;0&quot;,&quot;starsonly&quot;:&quot;&quot;,&quot;best&quot;:&quot;5&quot;,&quot;gap&quot;:&quot;5&quot;,&quot;greet&quot;:&quot;Notez cet article&quot;,&quot;legend&quot;:&quot;0\\\/5 - (0 vote)&quot;,&quot;size&quot;:&quot;24&quot;,&quot;title&quot;:&quot;COVID-19 is affecting the mental health of cannabis users and their social use practices.&quot;,&quot;width&quot;:&quot;0&quot;,&quot;_legend&quot;:&quot;{score}\\\/{best} - ({count} {votes})&quot;,&quot;font_factor&quot;:&quot;1.25&quot;}'>\n            \n<div class=\"kksr-stars\">\n    \n<div class=\"kksr-stars-inactive\">\n            <div class=\"kksr-star\" data-star=\"1\" style=\"padding-right: 5px\">\n            \n\n<div class=\"kksr-icon\" style=\"width: 24px; height: 24px;\"><\/div>\n        <\/div>\n            <div class=\"kksr-star\" data-star=\"2\" style=\"padding-right: 5px\">\n            \n\n<div class=\"kksr-icon\" style=\"width: 24px; height: 24px;\"><\/div>\n        <\/div>\n            <div class=\"kksr-star\" data-star=\"3\" style=\"padding-right: 5px\">\n            \n\n<div class=\"kksr-icon\" style=\"width: 24px; height: 24px;\"><\/div>\n        <\/div>\n            <div class=\"kksr-star\" data-star=\"4\" style=\"padding-right: 5px\">\n            \n\n<div class=\"kksr-icon\" style=\"width: 24px; height: 24px;\"><\/div>\n        <\/div>\n            <div class=\"kksr-star\" data-star=\"5\" style=\"padding-right: 5px\">\n            \n\n<div class=\"kksr-icon\" style=\"width: 24px; height: 24px;\"><\/div>\n        <\/div>\n    <\/div>\n    \n<div class=\"kksr-stars-active\" style=\"width: 0px;\">\n            <div class=\"kksr-star\" style=\"padding-right: 5px\">\n            \n\n<div class=\"kksr-icon\" style=\"width: 24px; height: 24px;\"><\/div>\n        <\/div>\n            <div class=\"kksr-star\" style=\"padding-right: 5px\">\n            \n\n<div class=\"kksr-icon\" style=\"width: 24px; height: 24px;\"><\/div>\n        <\/div>\n            <div class=\"kksr-star\" style=\"padding-right: 5px\">\n            \n\n<div class=\"kksr-icon\" style=\"width: 24px; height: 24px;\"><\/div>\n        <\/div>\n            <div class=\"kksr-star\" style=\"padding-right: 5px\">\n            \n\n<div class=\"kksr-icon\" style=\"width: 24px; height: 24px;\"><\/div>\n        <\/div>\n            <div class=\"kksr-star\" style=\"padding-right: 5px\">\n            \n\n<div class=\"kksr-icon\" style=\"width: 24px; height: 24px;\"><\/div>\n        <\/div>\n    <\/div>\n<\/div>\n                \n\n<div class=\"kksr-legend\" style=\"font-size: 19.2px;\">\n            <span class=\"kksr-muted\">Notez cet article<\/span>\n    <\/div>\n    <\/div>\n","protected":false},"excerpt":{"rendered":"<p>The team at CBD.fr has translated the New Frontier Data article into French for your convenience\u2026 you can find the original source of this article, written by New Frontier Data, here.Last week\u2019s Cannabit explored the overall shifts in cannabis consumption and product form during the pandemic (using data from a September survey of 4,600 US [&hellip;]<\/p>\n","protected":false},"author":90,"featured_media":2837,"comment_status":"open","ping_status":"open","sticky":false,"template":"","format":"standard","meta":{"_sitemap_exclude":false,"_sitemap_priority":"","_sitemap_frequency":"","footnotes":""},"categories":[999],"tags":[],"class_list":["post-23424","post","type-post","status-publish","format-standard","has-post-thumbnail","hentry","category-sante-et-cbd-en"],"yoast_head":"<!-- This site is optimized with the Yoast SEO Premium plugin v26.9 (Yoast SEO v26.9) - https:\/\/yoast.com\/product\/yoast-seo-premium-wordpress\/ -->\n<title>COVID-19 is affecting the mental health of cannabis users and their social use practices. - CBD Blog<\/title>\n<meta name=\"description\" content=\"Last week&#039;s Cannabit explored the overall shifts in the amount of cannabis consumed and the changing share of product forms during the pandemic (using data from a September survey of 4,600 US consumers).\" \/>\n<meta name=\"robots\" content=\"index, follow, max-snippet:-1, max-image-preview:large, max-video-preview:-1\" \/>\n<link rel=\"canonical\" href=\"https:\/\/www.cbd.fr\/blog\/en\/covid-19-is-affecting-the-mental-health-of-cannabis-users-and-their-social-use-practices\/\" \/>\n<meta property=\"og:locale\" content=\"fr_FR\" \/>\n<meta property=\"og:type\" content=\"article\" \/>\n<meta property=\"og:title\" content=\"\ud83c\udf31COVID-19 is affecting the mental health of cannabis users and their social use practices. - CBD.fr \ud83c\udf31\" \/>\n<meta property=\"og:description\" content=\"Last week&#039;s Cannabit explored the overall shifts in the amount of cannabis consumed and the changing share of product forms during the pandemic (using data from a September survey of 4,600 US consumers).\" \/>\n<meta property=\"og:url\" content=\"https:\/\/www.cbd.fr\/blog\/en\/covid-19-is-affecting-the-mental-health-of-cannabis-users-and-their-social-use-practices\/\" \/>\n<meta property=\"og:site_name\" content=\"CBD Blog\" \/>\n<meta property=\"article:publisher\" content=\"https:\/\/www.facebook.com\/cbdfrr\/\" \/>\n<meta property=\"article:published_time\" content=\"2026-02-13T19:56:44+00:00\" \/>\n<meta property=\"article:modified_time\" content=\"2026-02-13T19:56:46+00:00\" \/>\n<meta property=\"og:image\" content=\"https:\/\/www.cbd.fr\/blog\/wp-content\/uploads\/2020\/12\/covid19.jpg\" \/>\n\t<meta property=\"og:image:width\" content=\"632\" \/>\n\t<meta property=\"og:image:height\" content=\"407\" \/>\n\t<meta property=\"og:image:type\" content=\"image\/jpeg\" \/>\n<meta name=\"author\" content=\"Julien\" \/>\n<meta name=\"twitter:card\" content=\"summary_large_image\" \/>\n<meta name=\"twitter:label1\" content=\"\u00c9crit par\" \/>\n\t<meta name=\"twitter:data1\" content=\"Julien\" \/>\n\t<meta name=\"twitter:label2\" content=\"Dur\u00e9e de lecture estim\u00e9e\" \/>\n\t<meta name=\"twitter:data2\" content=\"3 minutes\" \/>\n<!-- \/ Yoast SEO Premium plugin. -->","yoast_head_json":{"title":"COVID-19 is affecting the mental health of cannabis users and their social use practices. - CBD Blog","description":"Last week's Cannabit explored the overall shifts in the amount of cannabis consumed and the changing share of product forms during the pandemic (using data from a September survey of 4,600 US consumers).","robots":{"index":"index","follow":"follow","max-snippet":"max-snippet:-1","max-image-preview":"max-image-preview:large","max-video-preview":"max-video-preview:-1"},"canonical":"https:\/\/www.cbd.fr\/blog\/en\/covid-19-is-affecting-the-mental-health-of-cannabis-users-and-their-social-use-practices\/","og_locale":"fr_FR","og_type":"article","og_title":"\ud83c\udf31COVID-19 is affecting the mental health of cannabis users and their social use practices. - CBD.fr \ud83c\udf31","og_description":"Last week's Cannabit explored the overall shifts in the amount of cannabis consumed and the changing share of product forms during the pandemic (using data from a September survey of 4,600 US consumers).","og_url":"https:\/\/www.cbd.fr\/blog\/en\/covid-19-is-affecting-the-mental-health-of-cannabis-users-and-their-social-use-practices\/","og_site_name":"CBD Blog","article_publisher":"https:\/\/www.facebook.com\/cbdfrr\/","article_published_time":"2026-02-13T19:56:44+00:00","article_modified_time":"2026-02-13T19:56:46+00:00","og_image":[{"width":632,"height":407,"url":"https:\/\/www.cbd.fr\/blog\/wp-content\/uploads\/2020\/12\/covid19.jpg","type":"image\/jpeg"}],"author":"Julien","twitter_card":"summary_large_image","twitter_misc":{"\u00c9crit par":"Julien","Dur\u00e9e de lecture estim\u00e9e":"3 minutes"},"schema":{"@context":"https:\/\/schema.org","@graph":[{"@type":"Article","@id":"https:\/\/www.cbd.fr\/blog\/en\/covid-19-is-affecting-the-mental-health-of-cannabis-users-and-their-social-use-practices\/#article","isPartOf":{"@id":"https:\/\/www.cbd.fr\/blog\/en\/covid-19-is-affecting-the-mental-health-of-cannabis-users-and-their-social-use-practices\/"},"author":{"name":"Julien","@id":"https:\/\/www.cbd.fr\/blog\/#\/schema\/person\/d78b472d184ec8ae4135d454e3338c04"},"headline":"COVID-19 is affecting the mental health of cannabis users and their social use practices.","datePublished":"2026-02-13T19:56:44+00:00","dateModified":"2026-02-13T19:56:46+00:00","mainEntityOfPage":{"@id":"https:\/\/www.cbd.fr\/blog\/en\/covid-19-is-affecting-the-mental-health-of-cannabis-users-and-their-social-use-practices\/"},"wordCount":627,"commentCount":0,"publisher":{"@id":"https:\/\/www.cbd.fr\/blog\/#organization"},"image":{"@id":"https:\/\/www.cbd.fr\/blog\/en\/covid-19-is-affecting-the-mental-health-of-cannabis-users-and-their-social-use-practices\/#primaryimage"},"thumbnailUrl":"https:\/\/www.cbd.fr\/blog\/wp-content\/uploads\/2020\/12\/covid19.jpg","articleSection":["Sant\u00e9 et CBD"],"inLanguage":"fr-FR","potentialAction":[{"@type":"CommentAction","name":"Comment","target":["https:\/\/www.cbd.fr\/blog\/en\/covid-19-is-affecting-the-mental-health-of-cannabis-users-and-their-social-use-practices\/#respond"]}]},{"@type":"WebPage","@id":"https:\/\/www.cbd.fr\/blog\/en\/covid-19-is-affecting-the-mental-health-of-cannabis-users-and-their-social-use-practices\/","url":"https:\/\/www.cbd.fr\/blog\/en\/covid-19-is-affecting-the-mental-health-of-cannabis-users-and-their-social-use-practices\/","name":"COVID-19 is affecting the mental health of cannabis users and their social use practices. - CBD Blog","isPartOf":{"@id":"https:\/\/www.cbd.fr\/blog\/#website"},"primaryImageOfPage":{"@id":"https:\/\/www.cbd.fr\/blog\/en\/covid-19-is-affecting-the-mental-health-of-cannabis-users-and-their-social-use-practices\/#primaryimage"},"image":{"@id":"https:\/\/www.cbd.fr\/blog\/en\/covid-19-is-affecting-the-mental-health-of-cannabis-users-and-their-social-use-practices\/#primaryimage"},"thumbnailUrl":"https:\/\/www.cbd.fr\/blog\/wp-content\/uploads\/2020\/12\/covid19.jpg","datePublished":"2026-02-13T19:56:44+00:00","dateModified":"2026-02-13T19:56:46+00:00","description":"Last week's Cannabit explored the overall shifts in the amount of cannabis consumed and the changing share of product forms during the pandemic (using data from a September survey of 4,600 US consumers).","breadcrumb":{"@id":"https:\/\/www.cbd.fr\/blog\/en\/covid-19-is-affecting-the-mental-health-of-cannabis-users-and-their-social-use-practices\/#breadcrumb"},"inLanguage":"fr-FR","potentialAction":[{"@type":"ReadAction","target":["https:\/\/www.cbd.fr\/blog\/en\/covid-19-is-affecting-the-mental-health-of-cannabis-users-and-their-social-use-practices\/"]}]},{"@type":"ImageObject","inLanguage":"fr-FR","@id":"https:\/\/www.cbd.fr\/blog\/en\/covid-19-is-affecting-the-mental-health-of-cannabis-users-and-their-social-use-practices\/#primaryimage","url":"https:\/\/www.cbd.fr\/blog\/wp-content\/uploads\/2020\/12\/covid19.jpg","contentUrl":"https:\/\/www.cbd.fr\/blog\/wp-content\/uploads\/2020\/12\/covid19.jpg","width":632,"height":407,"caption":"COVID-19 affecte la sant\u00e9 mentale des consommateurs de cannabis"},{"@type":"BreadcrumbList","@id":"https:\/\/www.cbd.fr\/blog\/en\/covid-19-is-affecting-the-mental-health-of-cannabis-users-and-their-social-use-practices\/#breadcrumb","itemListElement":[{"@type":"ListItem","position":1,"name":"CBD Blog","item":"https:\/\/www.cbd.fr\/blog\/"},{"@type":"ListItem","position":2,"name":"Sant\u00e9 et CBD","item":"https:\/\/www.cbd.fr\/blog\/es\/category\/sante-et-cbd-en\/"},{"@type":"ListItem","position":3,"name":"COVID-19 is affecting the mental health of cannabis users and their social use practices."}]},{"@type":"WebSite","@id":"https:\/\/www.cbd.fr\/blog\/#website","url":"https:\/\/www.cbd.fr\/blog\/","name":"CBD Blog","description":"Le meilleur blog de CBD et du chanvre en France par CBD.fr","publisher":{"@id":"https:\/\/www.cbd.fr\/blog\/#organization"},"alternateName":"CBD.fr","potentialAction":[{"@type":"SearchAction","target":{"@type":"EntryPoint","urlTemplate":"https:\/\/www.cbd.fr\/blog\/?s={search_term_string}"},"query-input":{"@type":"PropertyValueSpecification","valueRequired":true,"valueName":"search_term_string"}}],"inLanguage":"fr-FR"},{"@type":"Organization","@id":"https:\/\/www.cbd.fr\/blog\/#organization","name":"CBD.fr","alternateName":"CBD.fr","url":"https:\/\/www.cbd.fr\/blog\/","logo":{"@type":"ImageObject","inLanguage":"fr-FR","@id":"https:\/\/www.cbd.fr\/blog\/#\/schema\/logo\/image\/","url":"https:\/\/www.cbd.fr\/blog\/wp-content\/uploads\/2023\/01\/logo-cbd.png","contentUrl":"https:\/\/www.cbd.fr\/blog\/wp-content\/uploads\/2023\/01\/logo-cbd.png","width":215,"height":100,"caption":"CBD.fr"},"image":{"@id":"https:\/\/www.cbd.fr\/blog\/#\/schema\/logo\/image\/"},"sameAs":["https:\/\/www.facebook.com\/cbdfrr\/","https:\/\/www.instagram.com\/cbdfr\/","https:\/\/www.youtube.com\/@CBD_fr","https:\/\/www.linkedin.com\/company\/cbd-fr\/"],"description":"CBD.fr est le leaders fran\u00e7ais du bien-\u00eatre et du CBD, proposant une large gamme de produits \u00e0 base de chanvre rigoureusement s\u00e9lectionn\u00e9s. Expertise, qualit\u00e9 et p\u00e9dagogie sont au c\u0153ur de l\u2019exp\u00e9rience CBD.fr.","email":"support@cbd.fr","telephone":"0189720196","legalName":"CBD.fr","foundingDate":"2021-01-01","taxID":"760933","numberOfEmployees":{"@type":"QuantitativeValue","minValue":"11","maxValue":"50"}},{"@type":"Person","@id":"https:\/\/www.cbd.fr\/blog\/#\/schema\/person\/d78b472d184ec8ae4135d454e3338c04","name":"Julien","image":{"@type":"ImageObject","inLanguage":"fr-FR","@id":"https:\/\/www.cbd.fr\/blog\/#\/schema\/person\/image\/","url":"https:\/\/secure.gravatar.com\/avatar\/58f2f1b1e71c329d0226efe2cc40174640e1757e077dac013c980f3ee43c73a0?s=96&d=mm&r=g","contentUrl":"https:\/\/secure.gravatar.com\/avatar\/58f2f1b1e71c329d0226efe2cc40174640e1757e077dac013c980f3ee43c73a0?s=96&d=mm&r=g","caption":"Julien"},"description":"R\u00e9dacteur en chef sp\u00e9cialis\u00e9 en CBD Julien, n\u00e9 le 17 juillet 1978 en r\u00e9gion Parisienne, est un \u00e9minent r\u00e9dacteur et expert dans le domaine des produits \u00e0 base de CBD. Suite \u00e0 ses \u00e9tudes, Julien a d\u00e9velopp\u00e9 une passion pour les rem\u00e8des naturels, dont le CBD. En 2022, il int\u00e8gre l\u2019\u00e9quipe du site CBD.fr en qualit\u00e9 d\u2019expert et de contributeur r\u00e9gulier. Gr\u00e2ce \u00e0 son expertise scientifique et une \u00e9criture claire, Julien aide \u00e0 d\u00e9mystifier les aspects complexes du CBD, tout en mettant en lumi\u00e8re ses bienfaits et applications potentielles \u00e0 travers ses articles et participations \u00e0 des conf\u00e9rences.","honorificPrefix":"Mr","gender":"male","knowsAbout":["CBD","Cannabis","Copywriter"],"knowsLanguage":["French"],"jobTitle":"Editor-in-chief specializing in CBD","worksFor":"CBD.fr","url":"https:\/\/www.cbd.fr\/blog\/author\/redac-cbd\/"}]}},"_links":{"self":[{"href":"https:\/\/www.cbd.fr\/blog\/wp-json\/wp\/v2\/posts\/23424","targetHints":{"allow":["GET"]}}],"collection":[{"href":"https:\/\/www.cbd.fr\/blog\/wp-json\/wp\/v2\/posts"}],"about":[{"href":"https:\/\/www.cbd.fr\/blog\/wp-json\/wp\/v2\/types\/post"}],"author":[{"embeddable":true,"href":"https:\/\/www.cbd.fr\/blog\/wp-json\/wp\/v2\/users\/90"}],"replies":[{"embeddable":true,"href":"https:\/\/www.cbd.fr\/blog\/wp-json\/wp\/v2\/comments?post=23424"}],"version-history":[{"count":1,"href":"https:\/\/www.cbd.fr\/blog\/wp-json\/wp\/v2\/posts\/23424\/revisions"}],"predecessor-version":[{"id":23425,"href":"https:\/\/www.cbd.fr\/blog\/wp-json\/wp\/v2\/posts\/23424\/revisions\/23425"}],"wp:featuredmedia":[{"embeddable":true,"href":"https:\/\/www.cbd.fr\/blog\/wp-json\/wp\/v2\/media\/2837"}],"wp:attachment":[{"href":"https:\/\/www.cbd.fr\/blog\/wp-json\/wp\/v2\/media?parent=23424"}],"wp:term":[{"taxonomy":"category","embeddable":true,"href":"https:\/\/www.cbd.fr\/blog\/wp-json\/wp\/v2\/categories?post=23424"},{"taxonomy":"post_tag","embeddable":true,"href":"https:\/\/www.cbd.fr\/blog\/wp-json\/wp\/v2\/tags?post=23424"}],"curies":[{"name":"wp","href":"https:\/\/api.w.org\/{rel}","templated":true}]}}