{"id":3381,"date":"2021-02-25T08:45:43","date_gmt":"2021-02-25T07:45:43","guid":{"rendered":"https:\/\/www.cbd.fr\/blog\/?p=3381"},"modified":"2024-05-12T17:05:02","modified_gmt":"2024-05-12T15:05:02","slug":"canada-les-ventes-legales-de-cannabis-depassent-enfin-celles-du-marche-noir","status":"publish","type":"post","link":"https:\/\/www.cbd.fr\/blog\/canada-les-ventes-legales-de-cannabis-depassent-enfin-celles-du-marche-noir\/","title":{"rendered":"Canada : les ventes l\u00e9gales de cannabis d\u00e9passent enfin celles du march\u00e9 noir"},"content":{"rendered":"\n<p>Le sc\u00e9nario qu\u2019annonce ce titre est insolite\u2026 tr\u00e8s insolite m\u00eame ! Des&nbsp;<strong>ventes l\u00e9gales de cannabis qui d\u00e9passent celles du march\u00e9 noir au Canada<\/strong>&nbsp;? En effet, nous le savons tous, le commerce des produits class\u00e9s dans la cat\u00e9gorie des \u00ab&nbsp;stup\u00e9fiants&nbsp;\u00bb est l\u2019apanage des narcotrafiquants. Non celles des boutiques l\u00e9gales. Cela ne date d\u2019ailleurs pas d\u2019aujourd\u2019hui. Sauf que, comme toujours, en ce qui concerne le cannabis et Cie, ce pays prend une fois de plus de l\u2019avance sur les autres. C\u2019est la preuve que lorsque le Gouvernement et le l\u00e9gislateur s\u2019y mettent, c\u2019est la nation qui gagne ! Ainsi dit, parcourons ensemble ce petit sujet d\u2019actualit\u00e9.<\/p>\n\n\n\n<div id=\"ez-toc-container\" class=\"ez-toc-v2_0_80 counter-hierarchy ez-toc-counter ez-toc-grey ez-toc-container-direction\">\n<div class=\"ez-toc-title-container\">\n<p class=\"ez-toc-title\" style=\"cursor:inherit\">Sommaire<\/p>\n<span class=\"ez-toc-title-toggle\"><a href=\"#\" class=\"ez-toc-pull-right ez-toc-btn ez-toc-btn-xs ez-toc-btn-default ez-toc-toggle\" aria-label=\"Toggle Table of Content\"><span class=\"ez-toc-js-icon-con\"><span class=\"\"><span class=\"eztoc-hide\" style=\"display:none;\">Toggle<\/span><span class=\"ez-toc-icon-toggle-span\"><svg style=\"fill: #43b981;color:#43b981\" xmlns=\"http:\/\/www.w3.org\/2000\/svg\" class=\"list-377408\" width=\"20px\" height=\"20px\" viewBox=\"0 0 24 24\" fill=\"none\"><path d=\"M6 6H4v2h2V6zm14 0H8v2h12V6zM4 11h2v2H4v-2zm16 0H8v2h12v-2zM4 16h2v2H4v-2zm16 0H8v2h12v-2z\" fill=\"currentColor\"><\/path><\/svg><svg style=\"fill: #43b981;color:#43b981\" class=\"arrow-unsorted-368013\" xmlns=\"http:\/\/www.w3.org\/2000\/svg\" width=\"10px\" height=\"10px\" viewBox=\"0 0 24 24\" version=\"1.2\" baseProfile=\"tiny\"><path d=\"M18.2 9.3l-6.2-6.3-6.2 6.3c-.2.2-.3.4-.3.7s.1.5.3.7c.2.2.4.3.7.3h11c.3 0 .5-.1.7-.3.2-.2.3-.5.3-.7s-.1-.5-.3-.7zM5.8 14.7l6.2 6.3 6.2-6.3c.2-.2.3-.5.3-.7s-.1-.5-.3-.7c-.2-.2-.4-.3-.7-.3h-11c-.3 0-.5.1-.7.3-.2.2-.3.5-.3.7s.1.5.3.7z\"\/><\/svg><\/span><\/span><\/span><\/a><\/span><\/div>\n<nav><ul class='ez-toc-list ez-toc-list-level-1 ' ><li class='ez-toc-page-1 ez-toc-heading-level-2'><a class=\"ez-toc-link ez-toc-heading-1\" href=\"https:\/\/www.cbd.fr\/blog\/canada-les-ventes-legales-de-cannabis-depassent-enfin-celles-du-marche-noir\/#Un_arret_sur_les_chiffres\" >Un arr\u00eat sur les chiffres<\/a><\/li><li class='ez-toc-page-1 ez-toc-heading-level-2'><a class=\"ez-toc-link ez-toc-heading-2\" href=\"https:\/\/www.cbd.fr\/blog\/canada-les-ventes-legales-de-cannabis-depassent-enfin-celles-du-marche-noir\/#La_tactique_du_marche_legal\" >La tactique du march\u00e9 l\u00e9gal<\/a><\/li><li class='ez-toc-page-1 ez-toc-heading-level-2'><a class=\"ez-toc-link ez-toc-heading-3\" href=\"https:\/\/www.cbd.fr\/blog\/canada-les-ventes-legales-de-cannabis-depassent-enfin-celles-du-marche-noir\/#Les_perspectives_davenir\" >Les perspectives d\u2019avenir<\/a><\/li><\/ul><\/nav><\/div>\n<h2 class=\"wp-block-heading\" id=\"a\"><span class=\"ez-toc-section\" id=\"Un_arret_sur_les_chiffres\"><\/span>Un arr\u00eat sur les chiffres<span class=\"ez-toc-section-end\"><\/span><\/h2>\n\n\n\n<p>En effet, les statistiques soutenant que les\u00a0<strong>ventes de cannabis r\u00e9cr\u00e9atif l\u00e9gales au Canada d\u00e9passent celles du march\u00e9 noir<\/strong>, datent de deux ans apr\u00e8s la\u00a0<a href=\"https:\/\/www.cbd.fr\/blog\/legislation-cannabis-canada\/\" target=\"_blank\" rel=\"noreferrer noopener\">L\u00e9galisation<\/a>. Pr\u00e9cis\u00e9ment, du troisi\u00e8me trimestre de l\u2019ann\u00e9e 2020. Ces donn\u00e9es ont \u00e9t\u00e9 publi\u00e9es par le Bureau central des statistiques. \u00c0 ce sujet, les d\u00e9penses y aff\u00e9rentes sont de 824 millions $CA (534 millions \u20ac). Parall\u00e8lement, celles du march\u00e9 noir, dans la m\u00eame p\u00e9riode, sont estim\u00e9es \u00e0 754 millions $CA . Dit ainsi, cela peut sembler insignifiant pour certains. Mais, ce serait justement parce qu\u2019un autre chiffre manque.<\/p>\n\n\n\n<p>&nbsp;De fait, au troisi\u00e8me trimestre de l\u2019ann\u00e9e 2018, p\u00e9riode o\u00f9 les ventes illicites n\u2019avaient pas encore de concurrents, les narcotrafiquants se la coulaient douce&nbsp;! Allant dans ce sens, leurs ventes \u00e9taient estim\u00e9es \u00e0 1,3 milliard $CA. Donc, nous sommes pass\u00e9s de 1.3 milliard \u00e0 754 millions. Faites le calcul pour avoir l\u2019\u00e9cart. La baisse est d\u2019environ 40%. En clair, les commerces l\u00e9gaux ont certainement trouv\u00e9 une technique qui marche. Laquelle leur permet de prendre de l\u2019avance sur les commer\u00e7ants de l\u2019ombre.<\/p>\n\n\n\n<h2 class=\"wp-block-heading\" id=\"b\"><span class=\"ez-toc-section\" id=\"La_tactique_du_marche_legal\"><\/span>La tactique du march\u00e9 l\u00e9gal<span class=\"ez-toc-section-end\"><\/span><\/h2>\n\n\n\n<p>En effet, une question pourrait \u00eatre pos\u00e9e, d\u2019embl\u00e9e. Qu\u2019est-ce qui peut bien attirer les consommateurs de cannabis vers les commer\u00e7ants l\u00e9gaux ? Apr\u00e8s tout, ils se sont habitu\u00e9s \u00e0 leurs fournisseurs d\u2019un autre genre. De fait, il est courant d\u2019ou\u00efr, dire : \u00ab l\u2019argent, c\u2019est le nerf de la guerre \u00bb. Effectivement, dans la bataille entre les commerces licites et ceux illicites, le fric est la cl\u00e9. Les boutiques l\u00e9gales ont tout simplement baiss\u00e9 leurs prix.<\/p>\n\n\n\n<blockquote class=\"wp-block-quote is-layout-flow wp-block-quote-is-layout-flow\">\n<p>\u00ab Il est vraiment important de souligner que les baisses de prix sur les principales verticales de fleurs s\u00e8ches ont \u00e9t\u00e9 essentielles pour la transition de bon nombre de ces consommateurs \u00bb, d\u00e9clare George Smitherman, PDG du Conseil du Cannabis Canadien, regroupement des producteurs de cannabis.<\/p>\n<\/blockquote>\n\n\n\n<h2 class=\"wp-block-heading\" id=\"c\"><span class=\"ez-toc-section\" id=\"Les_perspectives_davenir\"><\/span>Les perspectives d\u2019avenir<span class=\"ez-toc-section-end\"><\/span><\/h2>\n\n\n\n<p>En effet, les&nbsp;<strong>ventes l\u00e9gales de cannabis au Canada<\/strong>&nbsp;ont certainement d\u00e9pass\u00e9 celles du march\u00e9 noir. Afin de maintenir cette mouvance, il est important que des actions concr\u00e8tes soient pos\u00e9es. \u00c0 ce sujet, des propositions ont \u00e9t\u00e9 faites. Notamment celle relative \u00e0 la taxe d\u2019accise f\u00e9d\u00e9rale. Allant dans ce sens, Smitherman souhaite que le gouvernement \u00e9tudie en profondeur ses diff\u00e9rents lieux d\u2019application dans la cha\u00eene de production. Il d\u00e9clare d\u2019ailleurs.<\/p>\n\n\n\n<blockquote class=\"wp-block-quote is-layout-flow wp-block-quote-is-layout-flow\">\n<p>\u00ab&nbsp;Imaginez les progr\u00e8s que nous pourrions faire si le gouvernement examinait la mani\u00e8re dont ses politiques pourraient \u00eatre des obstacles pour faire de nouveaux progr\u00e8s dans l\u2019\u00e9limination du secteur illicite&nbsp;\u00bb.<\/p>\n<\/blockquote>\n\n\n\n<p>Toujours dans l\u2019optique de d\u00e9velopper le secteur licite, il poursuit son argumentaire.<\/p>\n\n\n\n<blockquote class=\"wp-block-quote is-layout-flow wp-block-quote-is-layout-flow\">\n<p>\u00ab&nbsp;Pour continuer, nous devons \u00e9largir les options pour les consommateurs&nbsp;: plus de magasins de d\u00e9tail par exemple, mais nous devons \u00e9galement \u00eatre conscients du prix du produit final. C\u2019est un gros travail que nous faisons avec le gouvernement pour lui faire conna\u00eetre certaines des contraintes que la politique actuelle entra\u00eene. \u00bb<\/p>\n<\/blockquote>\n\n\n\n<p>Par ailleurs, certains pensent \u00e9galement \u00e0 l\u2019assouplissement des lois sur la publicit\u00e9 dans l\u2019espace public.<\/p>\n\n\n<div class=\"kk-star-ratings kksr-auto kksr-align-left kksr-valign-bottom\"\n    data-payload='{&quot;align&quot;:&quot;left&quot;,&quot;id&quot;:&quot;3381&quot;,&quot;slug&quot;:&quot;default&quot;,&quot;valign&quot;:&quot;bottom&quot;,&quot;ignore&quot;:&quot;&quot;,&quot;reference&quot;:&quot;auto&quot;,&quot;class&quot;:&quot;&quot;,&quot;count&quot;:&quot;2694&quot;,&quot;legendonly&quot;:&quot;&quot;,&quot;readonly&quot;:&quot;&quot;,&quot;score&quot;:&quot;4.6&quot;,&quot;starsonly&quot;:&quot;&quot;,&quot;best&quot;:&quot;5&quot;,&quot;gap&quot;:&quot;5&quot;,&quot;greet&quot;:&quot;Notez cet article&quot;,&quot;legend&quot;:&quot;4.6\\\/5 - (2694 votes)&quot;,&quot;size&quot;:&quot;24&quot;,&quot;title&quot;:&quot;Canada : les ventes l\u00e9gales de cannabis d\u00e9passent enfin celles du march\u00e9 noir&quot;,&quot;width&quot;:&quot;130.9&quot;,&quot;_legend&quot;:&quot;{score}\\\/{best} - ({count} {votes})&quot;,&quot;font_factor&quot;:&quot;1.25&quot;}'>\n            \n<div class=\"kksr-stars\">\n    \n<div class=\"kksr-stars-inactive\">\n            <div class=\"kksr-star\" data-star=\"1\" style=\"padding-right: 5px\">\n            \n\n<div class=\"kksr-icon\" style=\"width: 24px; height: 24px;\"><\/div>\n        <\/div>\n            <div class=\"kksr-star\" data-star=\"2\" style=\"padding-right: 5px\">\n            \n\n<div class=\"kksr-icon\" style=\"width: 24px; height: 24px;\"><\/div>\n        <\/div>\n            <div class=\"kksr-star\" data-star=\"3\" style=\"padding-right: 5px\">\n            \n\n<div class=\"kksr-icon\" style=\"width: 24px; height: 24px;\"><\/div>\n        <\/div>\n            <div class=\"kksr-star\" data-star=\"4\" style=\"padding-right: 5px\">\n            \n\n<div class=\"kksr-icon\" style=\"width: 24px; height: 24px;\"><\/div>\n        <\/div>\n            <div class=\"kksr-star\" data-star=\"5\" style=\"padding-right: 5px\">\n            \n\n<div class=\"kksr-icon\" style=\"width: 24px; height: 24px;\"><\/div>\n        <\/div>\n    <\/div>\n    \n<div class=\"kksr-stars-active\" style=\"width: 130.9px;\">\n            <div class=\"kksr-star\" style=\"padding-right: 5px\">\n            \n\n<div class=\"kksr-icon\" style=\"width: 24px; height: 24px;\"><\/div>\n        <\/div>\n            <div class=\"kksr-star\" style=\"padding-right: 5px\">\n            \n\n<div class=\"kksr-icon\" style=\"width: 24px; height: 24px;\"><\/div>\n        <\/div>\n            <div class=\"kksr-star\" style=\"padding-right: 5px\">\n            \n\n<div class=\"kksr-icon\" style=\"width: 24px; height: 24px;\"><\/div>\n        <\/div>\n            <div class=\"kksr-star\" style=\"padding-right: 5px\">\n            \n\n<div class=\"kksr-icon\" style=\"width: 24px; height: 24px;\"><\/div>\n        <\/div>\n            <div class=\"kksr-star\" style=\"padding-right: 5px\">\n            \n\n<div class=\"kksr-icon\" style=\"width: 24px; height: 24px;\"><\/div>\n        <\/div>\n    <\/div>\n<\/div>\n                \n\n<div class=\"kksr-legend\" style=\"font-size: 19.2px;\">\n            4.6\/5 - (2694 votes)    <\/div>\n    <\/div>\n","protected":false},"excerpt":{"rendered":"<p>Le sc\u00e9nario qu\u2019annonce ce titre est insolite\u2026 tr\u00e8s insolite m\u00eame ! Des&nbsp;ventes l\u00e9gales de cannabis qui d\u00e9passent celles du march\u00e9 noir au Canada&nbsp;? En effet, nous le savons tous, le commerce des produits class\u00e9s dans la cat\u00e9gorie des \u00ab&nbsp;stup\u00e9fiants&nbsp;\u00bb est l\u2019apanage des narcotrafiquants. Non celles des boutiques l\u00e9gales. Cela ne date d\u2019ailleurs pas d\u2019aujourd\u2019hui. Sauf [&hellip;]<\/p>\n","protected":false},"author":90,"featured_media":3391,"comment_status":"open","ping_status":"open","sticky":false,"template":"","format":"standard","meta":{"_sitemap_exclude":false,"_sitemap_priority":"","_sitemap_frequency":"","footnotes":""},"categories":[37,597],"tags":[],"class_list":["post-3381","post","type-post","status-publish","format-standard","has-post-thumbnail","hentry","category-legislation","category-legislation-du-cbd-en-amerique"],"yoast_head":"<!-- This site is optimized with the Yoast SEO Premium plugin v26.9 (Yoast SEO v26.9) - https:\/\/yoast.com\/product\/yoast-seo-premium-wordpress\/ -->\n<title>Canada : les ventes l\u00e9gales de cannabis d\u00e9passent enfin celles du march\u00e9 noir - CBD Blog<\/title>\n<meta name=\"description\" content=\"Canada : les ventes l\u00e9gales de cannabis ont d\u00e9pass\u00e9 celles du march\u00e9 noir ! CBD.FR fait le point sur cette actualit\u00e9.\" \/>\n<meta name=\"robots\" content=\"index, follow, max-snippet:-1, max-image-preview:large, max-video-preview:-1\" \/>\n<link rel=\"canonical\" href=\"https:\/\/www.cbd.fr\/blog\/canada-les-ventes-legales-de-cannabis-depassent-enfin-celles-du-marche-noir\/\" \/>\n<meta property=\"og:locale\" content=\"fr_FR\" \/>\n<meta property=\"og:type\" content=\"article\" \/>\n<meta property=\"og:title\" content=\"CANADA : LES VENTES L\u00c9GALES DE CANNABIS D\u00c9PASSENT ENFIN CELLES DU MARCH\u00c9 NOIR\" \/>\n<meta property=\"og:description\" content=\"Canada : les ventes l\u00e9gales de cannabis ont d\u00e9pass\u00e9 celles du march\u00e9 noir ! CBD.FR fait le point sur cette actualit\u00e9.\" \/>\n<meta property=\"og:url\" content=\"https:\/\/www.cbd.fr\/blog\/canada-les-ventes-legales-de-cannabis-depassent-enfin-celles-du-marche-noir\/\" \/>\n<meta property=\"og:site_name\" content=\"CBD Blog\" \/>\n<meta property=\"article:publisher\" content=\"https:\/\/www.facebook.com\/cbdfrr\/\" \/>\n<meta property=\"article:published_time\" content=\"2021-02-25T07:45:43+00:00\" \/>\n<meta property=\"article:modified_time\" content=\"2024-05-12T15:05:02+00:00\" \/>\n<meta property=\"og:image\" content=\"https:\/\/www.cbd.fr\/blog\/wp-content\/uploads\/2021\/02\/canada-les-ventes-de-cannabis-legales-depassent-celles-du-marche-noir-cbd-fr.jpg\" \/>\n\t<meta property=\"og:image:width\" content=\"612\" \/>\n\t<meta property=\"og:image:height\" content=\"408\" \/>\n\t<meta property=\"og:image:type\" content=\"image\/jpeg\" \/>\n<meta name=\"author\" content=\"Julien\" \/>\n<meta name=\"twitter:card\" content=\"summary_large_image\" \/>\n<meta name=\"twitter:title\" content=\"CANADA : LES VENTES L\u00c9GALES DE CANNABIS D\u00c9PASSENT ENFIN CELLES DU MARCH\u00c9 NOIR\" \/>\n<meta name=\"twitter:description\" content=\"Canada : les ventes l\u00e9gales de cannabis ont d\u00e9pass\u00e9 celles du march\u00e9 noir ! CBD.FR fait le point sur cette actualit\u00e9.\" \/>\n<meta name=\"twitter:image\" content=\"https:\/\/www.cbd.fr\/blog\/wp-content\/uploads\/2021\/02\/canada-les-ventes-de-cannabis-legales-depassent-celles-du-marche-noir-cbd-fr.jpg\" \/>\n<meta name=\"twitter:label1\" content=\"\u00c9crit par\" \/>\n\t<meta name=\"twitter:data1\" content=\"Julien\" \/>\n\t<meta name=\"twitter:label2\" content=\"Dur\u00e9e de lecture estim\u00e9e\" \/>\n\t<meta name=\"twitter:data2\" content=\"3 minutes\" \/>\n<!-- \/ Yoast SEO Premium plugin. -->","yoast_head_json":{"title":"Canada : les ventes l\u00e9gales de cannabis d\u00e9passent enfin celles du march\u00e9 noir - CBD Blog","description":"Canada : les ventes l\u00e9gales de cannabis ont d\u00e9pass\u00e9 celles du march\u00e9 noir ! CBD.FR fait le point sur cette actualit\u00e9.","robots":{"index":"index","follow":"follow","max-snippet":"max-snippet:-1","max-image-preview":"max-image-preview:large","max-video-preview":"max-video-preview:-1"},"canonical":"https:\/\/www.cbd.fr\/blog\/canada-les-ventes-legales-de-cannabis-depassent-enfin-celles-du-marche-noir\/","og_locale":"fr_FR","og_type":"article","og_title":"CANADA : LES VENTES L\u00c9GALES DE CANNABIS D\u00c9PASSENT ENFIN CELLES DU MARCH\u00c9 NOIR","og_description":"Canada : les ventes l\u00e9gales de cannabis ont d\u00e9pass\u00e9 celles du march\u00e9 noir ! CBD.FR fait le point sur cette actualit\u00e9.","og_url":"https:\/\/www.cbd.fr\/blog\/canada-les-ventes-legales-de-cannabis-depassent-enfin-celles-du-marche-noir\/","og_site_name":"CBD Blog","article_publisher":"https:\/\/www.facebook.com\/cbdfrr\/","article_published_time":"2021-02-25T07:45:43+00:00","article_modified_time":"2024-05-12T15:05:02+00:00","og_image":[{"width":612,"height":408,"url":"https:\/\/www.cbd.fr\/blog\/wp-content\/uploads\/2021\/02\/canada-les-ventes-de-cannabis-legales-depassent-celles-du-marche-noir-cbd-fr.jpg","type":"image\/jpeg"}],"author":"Julien","twitter_card":"summary_large_image","twitter_title":"CANADA : LES VENTES L\u00c9GALES DE CANNABIS D\u00c9PASSENT ENFIN CELLES DU MARCH\u00c9 NOIR","twitter_description":"Canada : les ventes l\u00e9gales de cannabis ont d\u00e9pass\u00e9 celles du march\u00e9 noir ! CBD.FR fait le point sur cette actualit\u00e9.","twitter_image":"https:\/\/www.cbd.fr\/blog\/wp-content\/uploads\/2021\/02\/canada-les-ventes-de-cannabis-legales-depassent-celles-du-marche-noir-cbd-fr.jpg","twitter_misc":{"\u00c9crit par":"Julien","Dur\u00e9e de lecture estim\u00e9e":"3 minutes"},"schema":{"@context":"https:\/\/schema.org","@graph":[{"@type":"Article","@id":"https:\/\/www.cbd.fr\/blog\/canada-les-ventes-legales-de-cannabis-depassent-enfin-celles-du-marche-noir\/#article","isPartOf":{"@id":"https:\/\/www.cbd.fr\/blog\/canada-les-ventes-legales-de-cannabis-depassent-enfin-celles-du-marche-noir\/"},"author":{"name":"Julien","@id":"https:\/\/www.cbd.fr\/blog\/#\/schema\/person\/d78b472d184ec8ae4135d454e3338c04"},"headline":"Canada : les ventes l\u00e9gales de cannabis d\u00e9passent enfin celles du march\u00e9 noir","datePublished":"2021-02-25T07:45:43+00:00","dateModified":"2024-05-12T15:05:02+00:00","mainEntityOfPage":{"@id":"https:\/\/www.cbd.fr\/blog\/canada-les-ventes-legales-de-cannabis-depassent-enfin-celles-du-marche-noir\/"},"wordCount":685,"commentCount":1,"publisher":{"@id":"https:\/\/www.cbd.fr\/blog\/#organization"},"image":{"@id":"https:\/\/www.cbd.fr\/blog\/canada-les-ventes-legales-de-cannabis-depassent-enfin-celles-du-marche-noir\/#primaryimage"},"thumbnailUrl":"https:\/\/www.cbd.fr\/blog\/wp-content\/uploads\/2021\/02\/canada-les-ventes-de-cannabis-legales-depassent-celles-du-marche-noir-cbd-fr.jpg","articleSection":["L\u00e9gislation du CBD","L\u00e9gislation du CBD en Am\u00e9rique"],"inLanguage":"fr-FR","potentialAction":[{"@type":"CommentAction","name":"Comment","target":["https:\/\/www.cbd.fr\/blog\/canada-les-ventes-legales-de-cannabis-depassent-enfin-celles-du-marche-noir\/#respond"]}]},{"@type":"WebPage","@id":"https:\/\/www.cbd.fr\/blog\/canada-les-ventes-legales-de-cannabis-depassent-enfin-celles-du-marche-noir\/","url":"https:\/\/www.cbd.fr\/blog\/canada-les-ventes-legales-de-cannabis-depassent-enfin-celles-du-marche-noir\/","name":"Canada : les ventes l\u00e9gales de cannabis d\u00e9passent enfin celles du march\u00e9 noir - CBD Blog","isPartOf":{"@id":"https:\/\/www.cbd.fr\/blog\/#website"},"primaryImageOfPage":{"@id":"https:\/\/www.cbd.fr\/blog\/canada-les-ventes-legales-de-cannabis-depassent-enfin-celles-du-marche-noir\/#primaryimage"},"image":{"@id":"https:\/\/www.cbd.fr\/blog\/canada-les-ventes-legales-de-cannabis-depassent-enfin-celles-du-marche-noir\/#primaryimage"},"thumbnailUrl":"https:\/\/www.cbd.fr\/blog\/wp-content\/uploads\/2021\/02\/canada-les-ventes-de-cannabis-legales-depassent-celles-du-marche-noir-cbd-fr.jpg","datePublished":"2021-02-25T07:45:43+00:00","dateModified":"2024-05-12T15:05:02+00:00","description":"Canada : les ventes l\u00e9gales de cannabis ont d\u00e9pass\u00e9 celles du march\u00e9 noir ! CBD.FR fait le point sur cette actualit\u00e9.","breadcrumb":{"@id":"https:\/\/www.cbd.fr\/blog\/canada-les-ventes-legales-de-cannabis-depassent-enfin-celles-du-marche-noir\/#breadcrumb"},"inLanguage":"fr-FR","potentialAction":[{"@type":"ReadAction","target":["https:\/\/www.cbd.fr\/blog\/canada-les-ventes-legales-de-cannabis-depassent-enfin-celles-du-marche-noir\/"]}]},{"@type":"ImageObject","inLanguage":"fr-FR","@id":"https:\/\/www.cbd.fr\/blog\/canada-les-ventes-legales-de-cannabis-depassent-enfin-celles-du-marche-noir\/#primaryimage","url":"https:\/\/www.cbd.fr\/blog\/wp-content\/uploads\/2021\/02\/canada-les-ventes-de-cannabis-legales-depassent-celles-du-marche-noir-cbd-fr.jpg","contentUrl":"https:\/\/www.cbd.fr\/blog\/wp-content\/uploads\/2021\/02\/canada-les-ventes-de-cannabis-legales-depassent-celles-du-marche-noir-cbd-fr.jpg","width":612,"height":408,"caption":"The deal goes down. You have just made a deal with the mafia. Plenty of room for copy."},{"@type":"BreadcrumbList","@id":"https:\/\/www.cbd.fr\/blog\/canada-les-ventes-legales-de-cannabis-depassent-enfin-celles-du-marche-noir\/#breadcrumb","itemListElement":[{"@type":"ListItem","position":1,"name":"CBD Blog","item":"https:\/\/www.cbd.fr\/blog\/"},{"@type":"ListItem","position":2,"name":"L\u00e9gislation du CBD","item":"https:\/\/www.cbd.fr\/blog\/category\/legislation\/"},{"@type":"ListItem","position":3,"name":"Canada : les ventes l\u00e9gales de cannabis d\u00e9passent enfin celles du march\u00e9 noir"}]},{"@type":"WebSite","@id":"https:\/\/www.cbd.fr\/blog\/#website","url":"https:\/\/www.cbd.fr\/blog\/","name":"CBD Blog","description":"Le meilleur blog de CBD et du chanvre en France par CBD.fr","publisher":{"@id":"https:\/\/www.cbd.fr\/blog\/#organization"},"alternateName":"CBD.fr","potentialAction":[{"@type":"SearchAction","target":{"@type":"EntryPoint","urlTemplate":"https:\/\/www.cbd.fr\/blog\/?s={search_term_string}"},"query-input":{"@type":"PropertyValueSpecification","valueRequired":true,"valueName":"search_term_string"}}],"inLanguage":"fr-FR"},{"@type":"Organization","@id":"https:\/\/www.cbd.fr\/blog\/#organization","name":"CBD.fr","alternateName":"CBD.fr","url":"https:\/\/www.cbd.fr\/blog\/","logo":{"@type":"ImageObject","inLanguage":"fr-FR","@id":"https:\/\/www.cbd.fr\/blog\/#\/schema\/logo\/image\/","url":"https:\/\/www.cbd.fr\/blog\/wp-content\/uploads\/2023\/01\/logo-cbd.png","contentUrl":"https:\/\/www.cbd.fr\/blog\/wp-content\/uploads\/2023\/01\/logo-cbd.png","width":215,"height":100,"caption":"CBD.fr"},"image":{"@id":"https:\/\/www.cbd.fr\/blog\/#\/schema\/logo\/image\/"},"sameAs":["https:\/\/www.facebook.com\/cbdfrr\/","https:\/\/www.instagram.com\/cbdfr\/","https:\/\/www.youtube.com\/@CBD_fr","https:\/\/www.linkedin.com\/company\/cbd-fr\/"],"description":"CBD.fr est le leaders fran\u00e7ais du bien-\u00eatre et du CBD, proposant une large gamme de produits \u00e0 base de chanvre rigoureusement s\u00e9lectionn\u00e9s. Expertise, qualit\u00e9 et p\u00e9dagogie sont au c\u0153ur de l\u2019exp\u00e9rience CBD.fr.","email":"support@cbd.fr","telephone":"0189720196","legalName":"CBD.fr","foundingDate":"2021-01-01","taxID":"760933","numberOfEmployees":{"@type":"QuantitativeValue","minValue":"11","maxValue":"50"}},{"@type":"Person","@id":"https:\/\/www.cbd.fr\/blog\/#\/schema\/person\/d78b472d184ec8ae4135d454e3338c04","name":"Julien","image":{"@type":"ImageObject","inLanguage":"fr-FR","@id":"https:\/\/www.cbd.fr\/blog\/#\/schema\/person\/image\/","url":"https:\/\/secure.gravatar.com\/avatar\/58f2f1b1e71c329d0226efe2cc40174640e1757e077dac013c980f3ee43c73a0?s=96&d=mm&r=g","contentUrl":"https:\/\/secure.gravatar.com\/avatar\/58f2f1b1e71c329d0226efe2cc40174640e1757e077dac013c980f3ee43c73a0?s=96&d=mm&r=g","caption":"Julien"},"description":"R\u00e9dacteur en chef sp\u00e9cialis\u00e9 en CBD Julien, n\u00e9 le 17 juillet 1978 en r\u00e9gion Parisienne, est un \u00e9minent r\u00e9dacteur et expert dans le domaine des produits \u00e0 base de CBD. Suite \u00e0 ses \u00e9tudes, Julien a d\u00e9velopp\u00e9 une passion pour les rem\u00e8des naturels, dont le CBD. En 2022, il int\u00e8gre l\u2019\u00e9quipe du site CBD.fr en qualit\u00e9 d\u2019expert et de contributeur r\u00e9gulier. Gr\u00e2ce \u00e0 son expertise scientifique et une \u00e9criture claire, Julien aide \u00e0 d\u00e9mystifier les aspects complexes du CBD, tout en mettant en lumi\u00e8re ses bienfaits et applications potentielles \u00e0 travers ses articles et participations \u00e0 des conf\u00e9rences.","honorificPrefix":"Mr","gender":"male","knowsAbout":["CBD","Cannabis","Copywriter"],"knowsLanguage":["French"],"jobTitle":"Editor-in-chief specializing in CBD","worksFor":"CBD.fr","url":"https:\/\/www.cbd.fr\/blog\/author\/redac-cbd\/"}]}},"_links":{"self":[{"href":"https:\/\/www.cbd.fr\/blog\/wp-json\/wp\/v2\/posts\/3381","targetHints":{"allow":["GET"]}}],"collection":[{"href":"https:\/\/www.cbd.fr\/blog\/wp-json\/wp\/v2\/posts"}],"about":[{"href":"https:\/\/www.cbd.fr\/blog\/wp-json\/wp\/v2\/types\/post"}],"author":[{"embeddable":true,"href":"https:\/\/www.cbd.fr\/blog\/wp-json\/wp\/v2\/users\/90"}],"replies":[{"embeddable":true,"href":"https:\/\/www.cbd.fr\/blog\/wp-json\/wp\/v2\/comments?post=3381"}],"version-history":[{"count":1,"href":"https:\/\/www.cbd.fr\/blog\/wp-json\/wp\/v2\/posts\/3381\/revisions"}],"predecessor-version":[{"id":12474,"href":"https:\/\/www.cbd.fr\/blog\/wp-json\/wp\/v2\/posts\/3381\/revisions\/12474"}],"wp:featuredmedia":[{"embeddable":true,"href":"https:\/\/www.cbd.fr\/blog\/wp-json\/wp\/v2\/media\/3391"}],"wp:attachment":[{"href":"https:\/\/www.cbd.fr\/blog\/wp-json\/wp\/v2\/media?parent=3381"}],"wp:term":[{"taxonomy":"category","embeddable":true,"href":"https:\/\/www.cbd.fr\/blog\/wp-json\/wp\/v2\/categories?post=3381"},{"taxonomy":"post_tag","embeddable":true,"href":"https:\/\/www.cbd.fr\/blog\/wp-json\/wp\/v2\/tags?post=3381"}],"curies":[{"name":"wp","href":"https:\/\/api.w.org\/{rel}","templated":true}]}}