{"id":3597,"date":"2021-03-11T09:34:02","date_gmt":"2021-03-11T08:34:02","guid":{"rendered":"https:\/\/www.cbd.fr\/blog\/?p=3597"},"modified":"2024-01-09T18:48:01","modified_gmt":"2024-01-09T17:48:01","slug":"des-antibiotiques-au-cannabis-dans-5-ans","status":"publish","type":"post","link":"https:\/\/www.cbd.fr\/blog\/des-antibiotiques-au-cannabis-dans-5-ans\/","title":{"rendered":"Des antibiotiques au cannabis dans 5 ans ?"},"content":{"rendered":"\n<p>Des&nbsp;<strong>antibiotiques \u00e0 base de cannabis<\/strong>&nbsp;pourraient \u00eatre prescrits sur le NHS dans cinq ans. Si cela se fait, \u00ab des centaines de milliers \u00bb de vies dans le monde seraient sauv\u00e9es. Du moins, c\u2019est ce qu\u2019aurait d\u00e9clar\u00e9 un neurologue de premier plan, selon notre source (Cf fin d\u2019article). En effet, pr\u00e9sent\u00e9e ainsi, cette information peut susciter de l\u2019engouement. \u00c0 ce sujet, nous tenons \u00e0 pr\u00e9ciser, d\u2019embl\u00e9e, que le contenu de cet article ne fait pas r\u00e9f\u00e9rence au contexte europ\u00e9en. Donc, il devrait \u00eatre pris comme tel par nos lecteurs. Pr\u00e9cision faite, d\u00e9couvrons ensemble cette actualit\u00e9.<\/p>\n\n\n\n<div id=\"ez-toc-container\" class=\"ez-toc-v2_0_80 counter-hierarchy ez-toc-counter ez-toc-grey ez-toc-container-direction\">\n<div class=\"ez-toc-title-container\">\n<p class=\"ez-toc-title\" style=\"cursor:inherit\">Sommaire<\/p>\n<span class=\"ez-toc-title-toggle\"><a href=\"#\" class=\"ez-toc-pull-right ez-toc-btn ez-toc-btn-xs ez-toc-btn-default ez-toc-toggle\" aria-label=\"Toggle Table of Content\"><span class=\"ez-toc-js-icon-con\"><span class=\"\"><span class=\"eztoc-hide\" style=\"display:none;\">Toggle<\/span><span class=\"ez-toc-icon-toggle-span\"><svg style=\"fill: #43b981;color:#43b981\" xmlns=\"http:\/\/www.w3.org\/2000\/svg\" class=\"list-377408\" width=\"20px\" height=\"20px\" viewBox=\"0 0 24 24\" fill=\"none\"><path d=\"M6 6H4v2h2V6zm14 0H8v2h12V6zM4 11h2v2H4v-2zm16 0H8v2h12v-2zM4 16h2v2H4v-2zm16 0H8v2h12v-2z\" fill=\"currentColor\"><\/path><\/svg><svg style=\"fill: #43b981;color:#43b981\" class=\"arrow-unsorted-368013\" xmlns=\"http:\/\/www.w3.org\/2000\/svg\" width=\"10px\" height=\"10px\" viewBox=\"0 0 24 24\" version=\"1.2\" baseProfile=\"tiny\"><path d=\"M18.2 9.3l-6.2-6.3-6.2 6.3c-.2.2-.3.4-.3.7s.1.5.3.7c.2.2.4.3.7.3h11c.3 0 .5-.1.7-.3.2-.2.3-.5.3-.7s-.1-.5-.3-.7zM5.8 14.7l6.2 6.3 6.2-6.3c.2-.2.3-.5.3-.7s-.1-.5-.3-.7c-.2-.2-.4-.3-.7-.3h-11c-.3 0-.5.1-.7.3-.2.2-.3.5-.3.7s.1.5.3.7z\"\/><\/svg><\/span><\/span><\/span><\/a><\/span><\/div>\n<nav><ul class='ez-toc-list ez-toc-list-level-1 ' ><li class='ez-toc-page-1 ez-toc-heading-level-2'><a class=\"ez-toc-link ez-toc-heading-1\" href=\"https:\/\/www.cbd.fr\/blog\/des-antibiotiques-au-cannabis-dans-5-ans\/#Comprendre_le_contexte_et_le_besoin\" >Comprendre le contexte et le besoin<\/a><\/li><li class='ez-toc-page-1 ez-toc-heading-level-2'><a class=\"ez-toc-link ez-toc-heading-2\" href=\"https:\/\/www.cbd.fr\/blog\/des-antibiotiques-au-cannabis-dans-5-ans\/#Les_scientifiques_se_penchent_vers_le_CBD\" >Les scientifiques se penchent vers le CBD<\/a><\/li><\/ul><\/nav><\/div>\n<h2 class=\"wp-block-heading\" id=\"a\"><span class=\"ez-toc-section\" id=\"Comprendre_le_contexte_et_le_besoin\"><\/span>Comprendre le contexte et le besoin<span class=\"ez-toc-section-end\"><\/span><\/h2>\n\n\n\n<p>En effet, la premi\u00e8re question que nombreux se posent \u00e0 la lecture est&nbsp;: quel peut \u00eatre l\u2019int\u00e9r\u00eat de fabriquer des&nbsp;<strong>antibiotiques \u00e0 base de cannabis&nbsp;<\/strong>? Apr\u00e8s tout, il en existe \u00e9norm\u00e9ment dans les pharmacies. \u00c0 ce sujet, la raison est simple&nbsp;: c\u2019est pour r\u00e9pondre \u00e0 un besoin pr\u00e9cis.<\/p>\n\n\n\n<p>De fait, le probl\u00e8me de la r\u00e9sistance aux antibiotiques est d\u00e9crit par l\u2019OMS comme \u00ab l\u2019une des plus grandes menaces pour la sant\u00e9 mondiale, la s\u00e9curit\u00e9 alimentaire et le d\u00e9veloppement aujourd\u2019hui \u00bb. Allant dans ce sens, de telles infections font plus de 35 000 morts chaque ann\u00e9e rien qu\u2019aux \u00c9tats-Unis. Aussi, l\u2019ONU pr\u00e9vient que ce nombre annuel de morts pourrait atteindre 10 millions dans le monde si aucune solution n\u2019est trouv\u00e9e. Raison pour laquelle les chercheurs s\u2019int\u00e9ressent \u00e0 la possibilit\u00e9 de fabriquer des&nbsp;<strong>antibiotiques \u00e0 base de cannabis<\/strong>.<\/p>\n\n\n\n<h2 class=\"wp-block-heading\" id=\"b\"><span class=\"ez-toc-section\" id=\"Les_scientifiques_se_penchent_vers_le_CBD\"><\/span>Les scientifiques se penchent vers le CBD<span class=\"ez-toc-section-end\"><\/span><\/h2>\n\n\n\n<p>De fait, tout serait parti du postulat d\u2019un neurologue de renom. En effet, celui-ci aurait affirm\u00e9 que le <strong>CBD<\/strong> pourrait efficacement combattre les super-bact\u00e9ries. Lesquelles r\u00e9sistent aux antibiotiques actuellement disponibles sur le march\u00e9. C\u2019est ainsi qu\u2019un int\u00e9r\u00eat particulier est port\u00e9 sur le cannabis. Question de voir s\u2019il pourrait fournir une solution qui r\u00e9duirait les chiffres \u00e9nonc\u00e9s plus haut.<\/p>\n\n\n\n<p>Sous cet angle, en janvier, une recherche \u00e0 l\u2019Universit\u00e9 du Queensland, publi\u00e9e dans la revue Communications Biology, a r\u00e9v\u00e9l\u00e9 que le CBD \u2013 le principal composant non psychoactif du cannabis \u2013 serait capable de tuer les bact\u00e9ries responsables de la \u00ab super gonorrh\u00e9e \u00bb, de la m\u00e9ningite et de la l\u00e9gionellose. De m\u00eame, il aurait \u00ab une faible tendance \u00e0 provoquer une r\u00e9sistance chez les bact\u00e9ries \u00bb. Donc, des&nbsp;<strong>antibiotiques au Cannabidiol&nbsp;<\/strong>pourraient \u00eatre une issue pour ce probl\u00e8me.<\/p>\n\n\n\n<p>N\u00e9anmoins, certains d\u00e9fis restent \u00e0 relever, afin d\u2019y arriver. En l\u2019occurrence le suivant. De fait, en raison de la fa\u00e7on dont le CBD se lie au plasma sanguin, il s\u2019est av\u00e9r\u00e9 efficace uniquement en tant que traitement topique et non lorsqu\u2019il est inject\u00e9 dans la circulation sanguine. Donc, les scientifiques doivent d\u2019abord trouver un moyen de surmonter cet obstacle avant de pouvoir \u00eatre synth\u00e9tis\u00e9 en une pilule. Laquelle peut vraiment combattre les infections au niveau syst\u00e9mique.<\/p>\n\n\n\n<p>Malgr\u00e9 cela, les experts eux restent optimistes et soutiennent que cette solution pourrait voir le jour rapidement. Et ferait un grand bien aux patients qui en ont besoin. C\u2019est le cas du professeur Mike Barnes \u2013 un expert du cannabis m\u00e9dical qui s\u2019est battu avec succ\u00e8s pour mettre le Sativex \u00e0 la disposition des personnes atteintes de scl\u00e9rose en plaques (SEP) au Royaume-Uni. Celui-ci d\u00e9clare \u00e0 The Metro&nbsp;:<\/p>\n\n\n\n<blockquote class=\"wp-block-quote is-layout-flow wp-block-quote-is-layout-flow\">\n<p>\u00ab Je pense que nous sommes dans cinq ans et plus, un pessimiste pourrait dire 10 ans, je pense que c\u2019est trop compte tenu de la pl\u00e9thore de recherches en ce moment.<\/p>\n\n\n\n<p>Je pense que c\u2019est potentiellement tr\u00e8s excitant et c\u2019est encore une autre chose que le cannabis fait, alors nous devrions adopter le cannabis comme m\u00e9dicament parce qu\u2019il fait tellement de choses diff\u00e9rentes.<\/p>\n\n\n\n<p>Il y a des vies sauv\u00e9es, mais peut-\u00eatre plus important encore, il y a un plus grand nombre de personnes qui pourraient \u00eatre moins affaiblies<\/p>\n<\/blockquote>\n\n\n\n<p>Notre source&nbsp;:&nbsp; Indy 100.<\/p>\n\n\n\n<hr class=\"wp-block-separator has-alpha-channel-opacity\"\/>\n\n\n\n<p>R\u00e9f\u00e9rences<\/p>\n\n\n\n<ol class=\"wp-block-list\">\n<li>https:\/\/www.indy100.com\/news\/cannabis-cbd-antibiotics-nhs-treatment-b1807614<\/li>\n<\/ol>\n\n\n<div class=\"kk-star-ratings kksr-auto kksr-align-left kksr-valign-bottom\"\n    data-payload='{&quot;align&quot;:&quot;left&quot;,&quot;id&quot;:&quot;3597&quot;,&quot;slug&quot;:&quot;default&quot;,&quot;valign&quot;:&quot;bottom&quot;,&quot;ignore&quot;:&quot;&quot;,&quot;reference&quot;:&quot;auto&quot;,&quot;class&quot;:&quot;&quot;,&quot;count&quot;:&quot;1992&quot;,&quot;legendonly&quot;:&quot;&quot;,&quot;readonly&quot;:&quot;&quot;,&quot;score&quot;:&quot;4.5&quot;,&quot;starsonly&quot;:&quot;&quot;,&quot;best&quot;:&quot;5&quot;,&quot;gap&quot;:&quot;5&quot;,&quot;greet&quot;:&quot;Notez cet article&quot;,&quot;legend&quot;:&quot;4.5\\\/5 - (1992 votes)&quot;,&quot;size&quot;:&quot;24&quot;,&quot;title&quot;:&quot;Des antibiotiques au cannabis dans 5 ans ?&quot;,&quot;width&quot;:&quot;128&quot;,&quot;_legend&quot;:&quot;{score}\\\/{best} - ({count} {votes})&quot;,&quot;font_factor&quot;:&quot;1.25&quot;}'>\n            \n<div class=\"kksr-stars\">\n    \n<div class=\"kksr-stars-inactive\">\n            <div class=\"kksr-star\" data-star=\"1\" style=\"padding-right: 5px\">\n            \n\n<div class=\"kksr-icon\" style=\"width: 24px; height: 24px;\"><\/div>\n        <\/div>\n            <div class=\"kksr-star\" data-star=\"2\" style=\"padding-right: 5px\">\n            \n\n<div class=\"kksr-icon\" style=\"width: 24px; height: 24px;\"><\/div>\n        <\/div>\n            <div class=\"kksr-star\" data-star=\"3\" style=\"padding-right: 5px\">\n            \n\n<div class=\"kksr-icon\" style=\"width: 24px; height: 24px;\"><\/div>\n        <\/div>\n            <div class=\"kksr-star\" data-star=\"4\" style=\"padding-right: 5px\">\n            \n\n<div class=\"kksr-icon\" style=\"width: 24px; height: 24px;\"><\/div>\n        <\/div>\n            <div class=\"kksr-star\" data-star=\"5\" style=\"padding-right: 5px\">\n            \n\n<div class=\"kksr-icon\" style=\"width: 24px; height: 24px;\"><\/div>\n        <\/div>\n    <\/div>\n    \n<div class=\"kksr-stars-active\" style=\"width: 128px;\">\n            <div class=\"kksr-star\" style=\"padding-right: 5px\">\n            \n\n<div class=\"kksr-icon\" style=\"width: 24px; height: 24px;\"><\/div>\n        <\/div>\n            <div class=\"kksr-star\" style=\"padding-right: 5px\">\n            \n\n<div class=\"kksr-icon\" style=\"width: 24px; height: 24px;\"><\/div>\n        <\/div>\n            <div class=\"kksr-star\" style=\"padding-right: 5px\">\n            \n\n<div class=\"kksr-icon\" style=\"width: 24px; height: 24px;\"><\/div>\n        <\/div>\n            <div class=\"kksr-star\" style=\"padding-right: 5px\">\n            \n\n<div class=\"kksr-icon\" style=\"width: 24px; height: 24px;\"><\/div>\n        <\/div>\n            <div class=\"kksr-star\" style=\"padding-right: 5px\">\n            \n\n<div class=\"kksr-icon\" style=\"width: 24px; height: 24px;\"><\/div>\n        <\/div>\n    <\/div>\n<\/div>\n                \n\n<div class=\"kksr-legend\" style=\"font-size: 19.2px;\">\n            4.5\/5 - (1992 votes)    <\/div>\n    <\/div>\n","protected":false},"excerpt":{"rendered":"<p>Des&nbsp;antibiotiques \u00e0 base de cannabis&nbsp;pourraient \u00eatre prescrits sur le NHS dans cinq ans. Si cela se fait, \u00ab des centaines de milliers \u00bb de vies dans le monde seraient sauv\u00e9es. Du moins, c\u2019est ce qu\u2019aurait d\u00e9clar\u00e9 un neurologue de premier plan, selon notre source (Cf fin d\u2019article). En effet, pr\u00e9sent\u00e9e ainsi, cette information peut susciter [&hellip;]<\/p>\n","protected":false},"author":90,"featured_media":3603,"comment_status":"open","ping_status":"open","sticky":false,"template":"","format":"standard","meta":{"_sitemap_exclude":false,"_sitemap_priority":"","_sitemap_frequency":"","footnotes":""},"categories":[206],"tags":[],"class_list":["post-3597","post","type-post","status-publish","format-standard","has-post-thumbnail","hentry","category-sante-cbd"],"yoast_head":"<!-- This site is optimized with the Yoast SEO Premium plugin v26.9 (Yoast SEO v26.9) - https:\/\/yoast.com\/product\/yoast-seo-premium-wordpress\/ -->\n<title>Des antibiotiques au cannabis dans 5 ans ? - CBD Blog<\/title>\n<meta name=\"description\" content=\"Des antibiotiques \u00e0 base de cannabis seront-ils prescrits dans cinq (05) ans ? CBD.FR d\u00e9veloppe cette actualit\u00e9 pour vous\u2026\" \/>\n<meta name=\"robots\" content=\"index, follow, max-snippet:-1, max-image-preview:large, max-video-preview:-1\" \/>\n<link rel=\"canonical\" href=\"https:\/\/www.cbd.fr\/blog\/des-antibiotiques-au-cannabis-dans-5-ans\/\" \/>\n<meta property=\"og:locale\" content=\"fr_FR\" \/>\n<meta property=\"og:type\" content=\"article\" \/>\n<meta property=\"og:title\" content=\"DES ANTIBIOTIQUES AU CANNABIS DANS 5 ANS ?\" \/>\n<meta property=\"og:description\" content=\"Des antibiotiques \u00e0 base de cannabis seront-ils prescrits dans cinq (05) ans ? CBD.FR d\u00e9veloppe cette actualit\u00e9 pour vous\u2026\" \/>\n<meta property=\"og:url\" content=\"https:\/\/www.cbd.fr\/blog\/des-antibiotiques-au-cannabis-dans-5-ans\/\" \/>\n<meta property=\"og:site_name\" content=\"CBD Blog\" \/>\n<meta property=\"article:publisher\" content=\"https:\/\/www.facebook.com\/cbdfrr\/\" \/>\n<meta property=\"article:published_time\" content=\"2021-03-11T08:34:02+00:00\" \/>\n<meta property=\"article:modified_time\" content=\"2024-01-09T17:48:01+00:00\" \/>\n<meta property=\"og:image\" content=\"https:\/\/www.cbd.fr\/blog\/wp-content\/uploads\/2021\/03\/des-antibiotiques-au-cannabis-dans-5-ans-cbd-fr.jpeg\" \/>\n\t<meta property=\"og:image:width\" content=\"624\" \/>\n\t<meta property=\"og:image:height\" content=\"351\" \/>\n\t<meta property=\"og:image:type\" content=\"image\/jpeg\" \/>\n<meta name=\"author\" content=\"Julien\" \/>\n<meta name=\"twitter:card\" content=\"summary_large_image\" \/>\n<meta name=\"twitter:title\" content=\"DES ANTIBIOTIQUES AU CANNABIS DANS 5 ANS ?\" \/>\n<meta name=\"twitter:description\" content=\"Des antibiotiques \u00e0 base de cannabis seront-ils prescrits dans cinq (05) ans ? CBD.FR d\u00e9veloppe cette actualit\u00e9 pour vous\u2026\" \/>\n<meta name=\"twitter:image\" content=\"https:\/\/www.cbd.fr\/blog\/wp-content\/uploads\/2021\/03\/des-antibiotiques-au-cannabis-dans-5-ans-cbd-fr.jpeg\" \/>\n<meta name=\"twitter:label1\" content=\"\u00c9crit par\" \/>\n\t<meta name=\"twitter:data1\" content=\"Julien\" \/>\n\t<meta name=\"twitter:label2\" content=\"Dur\u00e9e de lecture estim\u00e9e\" \/>\n\t<meta name=\"twitter:data2\" content=\"3 minutes\" \/>\n<!-- \/ Yoast SEO Premium plugin. -->","yoast_head_json":{"title":"Des antibiotiques au cannabis dans 5 ans ? - CBD Blog","description":"Des antibiotiques \u00e0 base de cannabis seront-ils prescrits dans cinq (05) ans ? CBD.FR d\u00e9veloppe cette actualit\u00e9 pour vous\u2026","robots":{"index":"index","follow":"follow","max-snippet":"max-snippet:-1","max-image-preview":"max-image-preview:large","max-video-preview":"max-video-preview:-1"},"canonical":"https:\/\/www.cbd.fr\/blog\/des-antibiotiques-au-cannabis-dans-5-ans\/","og_locale":"fr_FR","og_type":"article","og_title":"DES ANTIBIOTIQUES AU CANNABIS DANS 5 ANS ?","og_description":"Des antibiotiques \u00e0 base de cannabis seront-ils prescrits dans cinq (05) ans ? CBD.FR d\u00e9veloppe cette actualit\u00e9 pour vous\u2026","og_url":"https:\/\/www.cbd.fr\/blog\/des-antibiotiques-au-cannabis-dans-5-ans\/","og_site_name":"CBD Blog","article_publisher":"https:\/\/www.facebook.com\/cbdfrr\/","article_published_time":"2021-03-11T08:34:02+00:00","article_modified_time":"2024-01-09T17:48:01+00:00","og_image":[{"width":624,"height":351,"url":"https:\/\/www.cbd.fr\/blog\/wp-content\/uploads\/2021\/03\/des-antibiotiques-au-cannabis-dans-5-ans-cbd-fr.jpeg","type":"image\/jpeg"}],"author":"Julien","twitter_card":"summary_large_image","twitter_title":"DES ANTIBIOTIQUES AU CANNABIS DANS 5 ANS ?","twitter_description":"Des antibiotiques \u00e0 base de cannabis seront-ils prescrits dans cinq (05) ans ? CBD.FR d\u00e9veloppe cette actualit\u00e9 pour vous\u2026","twitter_image":"https:\/\/www.cbd.fr\/blog\/wp-content\/uploads\/2021\/03\/des-antibiotiques-au-cannabis-dans-5-ans-cbd-fr.jpeg","twitter_misc":{"\u00c9crit par":"Julien","Dur\u00e9e de lecture estim\u00e9e":"3 minutes"},"schema":{"@context":"https:\/\/schema.org","@graph":[{"@type":"Article","@id":"https:\/\/www.cbd.fr\/blog\/des-antibiotiques-au-cannabis-dans-5-ans\/#article","isPartOf":{"@id":"https:\/\/www.cbd.fr\/blog\/des-antibiotiques-au-cannabis-dans-5-ans\/"},"author":{"name":"Julien","@id":"https:\/\/www.cbd.fr\/blog\/#\/schema\/person\/d78b472d184ec8ae4135d454e3338c04"},"headline":"Des antibiotiques au cannabis dans 5 ans ?","datePublished":"2021-03-11T08:34:02+00:00","dateModified":"2024-01-09T17:48:01+00:00","mainEntityOfPage":{"@id":"https:\/\/www.cbd.fr\/blog\/des-antibiotiques-au-cannabis-dans-5-ans\/"},"wordCount":705,"commentCount":0,"publisher":{"@id":"https:\/\/www.cbd.fr\/blog\/#organization"},"image":{"@id":"https:\/\/www.cbd.fr\/blog\/des-antibiotiques-au-cannabis-dans-5-ans\/#primaryimage"},"thumbnailUrl":"https:\/\/www.cbd.fr\/blog\/wp-content\/uploads\/2021\/03\/des-antibiotiques-au-cannabis-dans-5-ans-cbd-fr.jpeg","articleSection":["Sant\u00e9 et CBD"],"inLanguage":"fr-FR","potentialAction":[{"@type":"CommentAction","name":"Comment","target":["https:\/\/www.cbd.fr\/blog\/des-antibiotiques-au-cannabis-dans-5-ans\/#respond"]}]},{"@type":"WebPage","@id":"https:\/\/www.cbd.fr\/blog\/des-antibiotiques-au-cannabis-dans-5-ans\/","url":"https:\/\/www.cbd.fr\/blog\/des-antibiotiques-au-cannabis-dans-5-ans\/","name":"Des antibiotiques au cannabis dans 5 ans ? - CBD Blog","isPartOf":{"@id":"https:\/\/www.cbd.fr\/blog\/#website"},"primaryImageOfPage":{"@id":"https:\/\/www.cbd.fr\/blog\/des-antibiotiques-au-cannabis-dans-5-ans\/#primaryimage"},"image":{"@id":"https:\/\/www.cbd.fr\/blog\/des-antibiotiques-au-cannabis-dans-5-ans\/#primaryimage"},"thumbnailUrl":"https:\/\/www.cbd.fr\/blog\/wp-content\/uploads\/2021\/03\/des-antibiotiques-au-cannabis-dans-5-ans-cbd-fr.jpeg","datePublished":"2021-03-11T08:34:02+00:00","dateModified":"2024-01-09T17:48:01+00:00","description":"Des antibiotiques \u00e0 base de cannabis seront-ils prescrits dans cinq (05) ans ? CBD.FR d\u00e9veloppe cette actualit\u00e9 pour vous\u2026","breadcrumb":{"@id":"https:\/\/www.cbd.fr\/blog\/des-antibiotiques-au-cannabis-dans-5-ans\/#breadcrumb"},"inLanguage":"fr-FR","potentialAction":[{"@type":"ReadAction","target":["https:\/\/www.cbd.fr\/blog\/des-antibiotiques-au-cannabis-dans-5-ans\/"]}]},{"@type":"ImageObject","inLanguage":"fr-FR","@id":"https:\/\/www.cbd.fr\/blog\/des-antibiotiques-au-cannabis-dans-5-ans\/#primaryimage","url":"https:\/\/www.cbd.fr\/blog\/wp-content\/uploads\/2021\/03\/des-antibiotiques-au-cannabis-dans-5-ans-cbd-fr.jpeg","contentUrl":"https:\/\/www.cbd.fr\/blog\/wp-content\/uploads\/2021\/03\/des-antibiotiques-au-cannabis-dans-5-ans-cbd-fr.jpeg","width":624,"height":351,"caption":"Des antibiotiques au cannabis dans 5 ans"},{"@type":"BreadcrumbList","@id":"https:\/\/www.cbd.fr\/blog\/des-antibiotiques-au-cannabis-dans-5-ans\/#breadcrumb","itemListElement":[{"@type":"ListItem","position":1,"name":"CBD Blog","item":"https:\/\/www.cbd.fr\/blog\/"},{"@type":"ListItem","position":2,"name":"Sant\u00e9 et CBD","item":"https:\/\/www.cbd.fr\/blog\/category\/sante-cbd\/"},{"@type":"ListItem","position":3,"name":"Des antibiotiques au cannabis dans 5 ans ?"}]},{"@type":"WebSite","@id":"https:\/\/www.cbd.fr\/blog\/#website","url":"https:\/\/www.cbd.fr\/blog\/","name":"CBD Blog","description":"Le meilleur blog de CBD et du chanvre en France par CBD.fr","publisher":{"@id":"https:\/\/www.cbd.fr\/blog\/#organization"},"alternateName":"CBD.fr","potentialAction":[{"@type":"SearchAction","target":{"@type":"EntryPoint","urlTemplate":"https:\/\/www.cbd.fr\/blog\/?s={search_term_string}"},"query-input":{"@type":"PropertyValueSpecification","valueRequired":true,"valueName":"search_term_string"}}],"inLanguage":"fr-FR"},{"@type":"Organization","@id":"https:\/\/www.cbd.fr\/blog\/#organization","name":"CBD.fr","alternateName":"CBD.fr","url":"https:\/\/www.cbd.fr\/blog\/","logo":{"@type":"ImageObject","inLanguage":"fr-FR","@id":"https:\/\/www.cbd.fr\/blog\/#\/schema\/logo\/image\/","url":"https:\/\/www.cbd.fr\/blog\/wp-content\/uploads\/2023\/01\/logo-cbd.png","contentUrl":"https:\/\/www.cbd.fr\/blog\/wp-content\/uploads\/2023\/01\/logo-cbd.png","width":215,"height":100,"caption":"CBD.fr"},"image":{"@id":"https:\/\/www.cbd.fr\/blog\/#\/schema\/logo\/image\/"},"sameAs":["https:\/\/www.facebook.com\/cbdfrr\/","https:\/\/www.instagram.com\/cbdfr\/","https:\/\/www.youtube.com\/@CBD_fr","https:\/\/www.linkedin.com\/company\/cbd-fr\/"],"description":"CBD.fr est le leaders fran\u00e7ais du bien-\u00eatre et du CBD, proposant une large gamme de produits \u00e0 base de chanvre rigoureusement s\u00e9lectionn\u00e9s. Expertise, qualit\u00e9 et p\u00e9dagogie sont au c\u0153ur de l\u2019exp\u00e9rience CBD.fr.","email":"support@cbd.fr","telephone":"0189720196","legalName":"CBD.fr","foundingDate":"2021-01-01","taxID":"760933","numberOfEmployees":{"@type":"QuantitativeValue","minValue":"11","maxValue":"50"}},{"@type":"Person","@id":"https:\/\/www.cbd.fr\/blog\/#\/schema\/person\/d78b472d184ec8ae4135d454e3338c04","name":"Julien","image":{"@type":"ImageObject","inLanguage":"fr-FR","@id":"https:\/\/www.cbd.fr\/blog\/#\/schema\/person\/image\/","url":"https:\/\/secure.gravatar.com\/avatar\/58f2f1b1e71c329d0226efe2cc40174640e1757e077dac013c980f3ee43c73a0?s=96&d=mm&r=g","contentUrl":"https:\/\/secure.gravatar.com\/avatar\/58f2f1b1e71c329d0226efe2cc40174640e1757e077dac013c980f3ee43c73a0?s=96&d=mm&r=g","caption":"Julien"},"description":"R\u00e9dacteur en chef sp\u00e9cialis\u00e9 en CBD Julien, n\u00e9 le 17 juillet 1978 en r\u00e9gion Parisienne, est un \u00e9minent r\u00e9dacteur et expert dans le domaine des produits \u00e0 base de CBD. Suite \u00e0 ses \u00e9tudes, Julien a d\u00e9velopp\u00e9 une passion pour les rem\u00e8des naturels, dont le CBD. En 2022, il int\u00e8gre l\u2019\u00e9quipe du site CBD.fr en qualit\u00e9 d\u2019expert et de contributeur r\u00e9gulier. Gr\u00e2ce \u00e0 son expertise scientifique et une \u00e9criture claire, Julien aide \u00e0 d\u00e9mystifier les aspects complexes du CBD, tout en mettant en lumi\u00e8re ses bienfaits et applications potentielles \u00e0 travers ses articles et participations \u00e0 des conf\u00e9rences.","honorificPrefix":"Mr","gender":"male","knowsAbout":["CBD","Cannabis","Copywriter"],"knowsLanguage":["French"],"jobTitle":"Editor-in-chief specializing in CBD","worksFor":"CBD.fr","url":"https:\/\/www.cbd.fr\/blog\/author\/redac-cbd\/"}]}},"_links":{"self":[{"href":"https:\/\/www.cbd.fr\/blog\/wp-json\/wp\/v2\/posts\/3597","targetHints":{"allow":["GET"]}}],"collection":[{"href":"https:\/\/www.cbd.fr\/blog\/wp-json\/wp\/v2\/posts"}],"about":[{"href":"https:\/\/www.cbd.fr\/blog\/wp-json\/wp\/v2\/types\/post"}],"author":[{"embeddable":true,"href":"https:\/\/www.cbd.fr\/blog\/wp-json\/wp\/v2\/users\/90"}],"replies":[{"embeddable":true,"href":"https:\/\/www.cbd.fr\/blog\/wp-json\/wp\/v2\/comments?post=3597"}],"version-history":[{"count":0,"href":"https:\/\/www.cbd.fr\/blog\/wp-json\/wp\/v2\/posts\/3597\/revisions"}],"wp:featuredmedia":[{"embeddable":true,"href":"https:\/\/www.cbd.fr\/blog\/wp-json\/wp\/v2\/media\/3603"}],"wp:attachment":[{"href":"https:\/\/www.cbd.fr\/blog\/wp-json\/wp\/v2\/media?parent=3597"}],"wp:term":[{"taxonomy":"category","embeddable":true,"href":"https:\/\/www.cbd.fr\/blog\/wp-json\/wp\/v2\/categories?post=3597"},{"taxonomy":"post_tag","embeddable":true,"href":"https:\/\/www.cbd.fr\/blog\/wp-json\/wp\/v2\/tags?post=3597"}],"curies":[{"name":"wp","href":"https:\/\/api.w.org\/{rel}","templated":true}]}}