{"id":4108,"date":"2021-04-17T10:35:37","date_gmt":"2021-04-17T08:35:37","guid":{"rendered":"https:\/\/www.cbd.fr\/blog\/?p=4108"},"modified":"2024-07-21T23:36:33","modified_gmt":"2024-07-21T21:36:33","slug":"chanvre-cannabis-et-cbd-au-centre-des-pathologies-complexes","status":"publish","type":"post","link":"https:\/\/www.cbd.fr\/blog\/chanvre-cannabis-et-cbd-au-centre-des-pathologies-complexes\/","title":{"rendered":"Chanvre, cannabis et CBD : au centre des pathologies complexes !"},"content":{"rendered":"\n<p>La plante de <a href=\"https:\/\/www.cbd.fr\">chanvre \/ <strong>cannabis<\/strong><\/a> et sa mol\u00e9cule c\u00e9l\u00e8bre, le <strong>CBD<\/strong>, sont tr\u00e8s souvent mentionn\u00e9es parmi les solutions alternatives. Relativement aux pathologies complexes qui ont du mal \u00e0 \u00eatre correctement trait\u00e9es, via les traitements classiques. La recherche dans ce secteur avance, malgr\u00e9 les multiples p\u00e9rip\u00e9ties qui la ponctuent. \u00c0 ce sujet, nous vous proposons de d\u00e9couvrir, \u00e0 la fois les exp\u00e9riences et les avanc\u00e9es scientifiques y aff\u00e9rentes.<\/p>\n\n\n\n<div id=\"ez-toc-container\" class=\"ez-toc-v2_0_80 counter-hierarchy ez-toc-counter ez-toc-grey ez-toc-container-direction\">\n<div class=\"ez-toc-title-container\">\n<p class=\"ez-toc-title\" style=\"cursor:inherit\">Sommaire<\/p>\n<span class=\"ez-toc-title-toggle\"><a href=\"#\" class=\"ez-toc-pull-right ez-toc-btn ez-toc-btn-xs ez-toc-btn-default ez-toc-toggle\" aria-label=\"Toggle Table of Content\"><span class=\"ez-toc-js-icon-con\"><span class=\"\"><span class=\"eztoc-hide\" style=\"display:none;\">Toggle<\/span><span class=\"ez-toc-icon-toggle-span\"><svg style=\"fill: #43b981;color:#43b981\" xmlns=\"http:\/\/www.w3.org\/2000\/svg\" class=\"list-377408\" width=\"20px\" height=\"20px\" viewBox=\"0 0 24 24\" fill=\"none\"><path d=\"M6 6H4v2h2V6zm14 0H8v2h12V6zM4 11h2v2H4v-2zm16 0H8v2h12v-2zM4 16h2v2H4v-2zm16 0H8v2h12v-2z\" fill=\"currentColor\"><\/path><\/svg><svg style=\"fill: #43b981;color:#43b981\" class=\"arrow-unsorted-368013\" xmlns=\"http:\/\/www.w3.org\/2000\/svg\" width=\"10px\" height=\"10px\" viewBox=\"0 0 24 24\" version=\"1.2\" baseProfile=\"tiny\"><path d=\"M18.2 9.3l-6.2-6.3-6.2 6.3c-.2.2-.3.4-.3.7s.1.5.3.7c.2.2.4.3.7.3h11c.3 0 .5-.1.7-.3.2-.2.3-.5.3-.7s-.1-.5-.3-.7zM5.8 14.7l6.2 6.3 6.2-6.3c.2-.2.3-.5.3-.7s-.1-.5-.3-.7c-.2-.2-.4-.3-.7-.3h-11c-.3 0-.5.1-.7.3-.2.2-.3.5-.3.7s.1.5.3.7z\"\/><\/svg><\/span><\/span><\/span><\/a><\/span><\/div>\n<nav><ul class='ez-toc-list ez-toc-list-level-1 ' ><li class='ez-toc-page-1 ez-toc-heading-level-2'><a class=\"ez-toc-link ez-toc-heading-1\" href=\"https:\/\/www.cbd.fr\/blog\/chanvre-cannabis-et-cbd-au-centre-des-pathologies-complexes\/#Le_sommaire\" >Le sommaire<\/a><\/li><li class='ez-toc-page-1 ez-toc-heading-level-2'><a class=\"ez-toc-link ez-toc-heading-2\" href=\"https:\/\/www.cbd.fr\/blog\/chanvre-cannabis-et-cbd-au-centre-des-pathologies-complexes\/#Des_temoignages_qui_font_reflechir\" >Des t\u00e9moignages qui font r\u00e9fl\u00e9chir&nbsp;!<\/a><\/li><li class='ez-toc-page-1 ez-toc-heading-level-2'><a class=\"ez-toc-link ez-toc-heading-3\" href=\"https:\/\/www.cbd.fr\/blog\/chanvre-cannabis-et-cbd-au-centre-des-pathologies-complexes\/#Idees_et_recherches_sur_les_traitements_a_base_de_cannabis_chanvre\" >Id\u00e9es et recherches sur les traitements \u00e0 base de cannabis \/ chanvre<\/a><\/li><\/ul><\/nav><\/div>\n<h2 class=\"wp-block-heading\"><span class=\"ez-toc-section\" id=\"Le_sommaire\"><\/span>Le sommaire<span class=\"ez-toc-section-end\"><\/span><\/h2>\n\n\n\n<ul class=\"wp-block-list\">\n<li><a href=\"https:\/\/www.cbd.fr\/blog\/chanvre-cannabis-et-cbd-au-centre-des-pathologies-complexes\/#a\">Des t\u00e9moignages qui font r\u00e9fl\u00e9chir\u00a0!<\/a><\/li>\n\n\n\n<li><a href=\"https:\/\/www.cbd.fr\/blog\/chanvre-cannabis-et-cbd-au-centre-des-pathologies-complexes\/#b\">Id\u00e9es et recherches sur les traitements \u00e0 base de cannabis \/ chanvre<\/a><\/li>\n<\/ul>\n\n\n\n<h2 class=\"wp-block-heading\" id=\"a\"><span class=\"ez-toc-section\" id=\"Des_temoignages_qui_font_reflechir\"><\/span>Des t\u00e9moignages qui font r\u00e9fl\u00e9chir&nbsp;!<span class=\"ez-toc-section-end\"><\/span><\/h2>\n\n\n\n<p>D\u2019entr\u00e9e de jeu, commen\u00e7ons par parcourir les t\u00e9moignages qui r\u00e9v\u00e8lent les situations de certains patients atteints de maladies complexes. Par l\u00e0 m\u00eame, montrent l\u2019urgence de sonder toutes les solutions possibles&nbsp;; afin que, de moins en moins de patients ne passent l\u2019arme \u00e0 gauche.<\/p>\n\n\n\n<p><em>Franck Milone<\/em>, \u00e2g\u00e9 de 29 ans, souffre de scl\u00e9rose en plaque. En effet, sa qualit\u00e9 de vie est similaire \u00e0 celle de nombreux patients atteints de la m\u00eame pathologie. Mais, celui-ci ne se laisse pas aller \u00e0 la fatalit\u00e9. En fait, il trouve dans l\u2019ingestion de fleurs de cannabis un moyen d\u2019am\u00e9liorer sa qualit\u00e9 de vie. Certain des vertus th\u00e9rapeutiques de la plante, il envisage d\u2019approfondir ses recherches sur le sujet. \u00c0 ce sujet, Frank cr\u00e9e un laboratoire qu\u2019il nomme La Fleur ; au sein de son entreprise Delled. Apr\u00e8s la cr\u00e9ation, il se fixe un but bien pr\u00e9cis : commercialiser des <strong>m\u00e9dicaments \u00e0 base de cannabis<\/strong> d\u2019ici \u00e0 2024. Ceci pourrait \u00eatre une grande opportunit\u00e9 de gu\u00e9rison pour plusieurs patients. Ou du moins, cela leur permettrait d\u2019avoir un mode de vie bien meilleur. Sous cet angle, notons qu\u2019il n\u2019est pas le seul dans cette aventure. De fait, Christian D. Muller, chercheur CNRS \u00e0 l\u2019Institut pluridisciplinaire Hubert Curien (IPHC), en fait \u00e9galement partie. Nous attendons les propositions de solutions dans les prochaines ann\u00e9es.<\/p>\n\n\n\n<p>Toujours dans le registre des t\u00e9moignages, Christian D nous narre les circonstances du d\u00e9c\u00e8s de son neveu en 2016. Lisons donc.<\/p>\n\n\n\n<blockquote class=\"wp-block-quote is-layout-flow wp-block-quote-is-layout-flow\">\n<p>\u00ab Il souffrait d\u2019un lymphome et prenait des gouttes d&#8217;<a href=\"https:\/\/www.cbd.fr\/84huiles-de-cbd\">huile de CBD<\/a> pour soulager les effets secondaires de son traitement et lui rendre l&#8217;app\u00e9tit. T\u00e9moin des effets b\u00e9n\u00e9fiques de la prise de <strong>chanvre m\u00e9dicinal<\/strong>, je l\u2019ai remplac\u00e9 naturellement apr\u00e8s son d\u00e9c\u00e8s au sein de l\u2019association UFCM I Care dont j&#8217;avais pu constater la valeur scientifique. \u00bb<\/p>\n<\/blockquote>\n\n\n\n<p>Par ailleurs, suite au d\u00e9c\u00e8s de son neveu, Christian s\u2019int\u00e9resse aux habitudes les moins connues des patients souffrant des maladies complexes comme son d\u00e9funt neveu. \u00c0 ce sujet, il d\u00e9clare que&nbsp;:<\/p>\n\n\n\n<blockquote class=\"wp-block-quote is-layout-flow wp-block-quote-is-layout-flow\">\n<p>\u00ab Lors d\u2019un rendez-vous avec des personnes atteintes de scl\u00e9rose en plaque, de zona ou d\u2019autres maladies, j\u2019ai demand\u00e9 comment ils faisaient pour aller bien. Ils m\u2019ont r\u00e9pondu \u201cJe fais mon <a href=\"https:\/\/www.cbd.fr\/84huiles-de-cbd\" data-internallinksmanager029f6b8e52c=\"3\" title=\"Huile CBD\">huile de chanvre<\/a> m\u00e9dicinale moi-m\u00eame.\u201d Quand j\u2019ai vu ces patients oblig\u00e9s de produire leur propre m\u00e9dicament, je me suis dit qu\u2019il fallait faire quelque chose. \u00bb<\/p>\n<\/blockquote>\n\n\n\n<p>Dans la m\u00eame lanc\u00e9e, Bertrand nous parle de son quotidien, entant que patient atteint de VIH et souligne que le cannabis lui a \u00e9t\u00e9 d\u2019une grande aide. Lisons donc.<\/p>\n\n\n\n<blockquote class=\"wp-block-quote is-layout-flow wp-block-quote-is-layout-flow\">\n<p>\u00ab Chaque matin, j\u2019\u00e9tais pris de vomissements et de spasmes \u00e0 l\u2019estomac, pendant parfois une heure je souffrais horriblement, puis je n\u2019arrivais pas \u00e0 manger ou \u00e0 <a href=\"https:\/\/www.cbd.fr\/s\/30\/cbd-dormir-sommeil\" data-internallinksmanager029f6b8e52c=\"22\" title=\"Sommeil Dormir\">dormir<\/a>. Quand j\u2019ai essay\u00e9 le cannabis en 2013, \u00e7a m\u2019a aid\u00e9. J\u2019en ai parl\u00e9 \u00e0 mon entourage m\u00e9dical, on a fini par m\u2019en prescrire. \u00bb<\/p>\n<\/blockquote>\n\n\n\n<p>Plus loin, il reste critique vis-\u00e0-vis de la l\u00e9gislation de son pays sur le <strong>cannabis th\u00e9rapeutique.<\/strong> Dans cette logique, il affirme que&nbsp;:<\/p>\n\n\n\n<blockquote class=\"wp-block-quote is-layout-flow wp-block-quote-is-layout-flow\">\n<p>\u00ab On continue de prescrire le <strong>cannabis th\u00e9rapeutique<\/strong> en derni\u00e8re intention. \u00c7a veut dire qu\u2019on prescrit plus facilement de la morphine que du cannabis. Cette r\u00e8gle n\u2019a aucune justification m\u00e9dicale, c\u2019est purement id\u00e9ologique. \u00bb<\/p>\n<\/blockquote>\n\n\n\n<h2 class=\"wp-block-heading\" id=\"b\"><span class=\"ez-toc-section\" id=\"Idees_et_recherches_sur_les_traitements_a_base_de_cannabis_chanvre\"><\/span>Id\u00e9es et recherches sur les traitements \u00e0 base de cannabis \/ chanvre<span class=\"ez-toc-section-end\"><\/span><\/h2>\n\n\n\n<p>En effet, le premier point que nous puissions mentionner ici est la collaboration entre <em>Frank Milone<\/em> et <em>Christian Kelhetter<\/em>. Ce dernier propose au premier de tester l&#8217;<strong>huile de CBD sur les cellules canc\u00e9reuses <\/strong>in vitro. \u00c0 ce sujet, Milone envisage de financer la recherche. Laquelle est principalement orient\u00e9e vers un cancer r\u00e9put\u00e9 agressif et qui r\u00e9duit consid\u00e9rablement l\u2019esp\u00e9rance de vie des patients. Lequel donc ? Le cancer du pancr\u00e9as. Nous restons \u00e0 l\u2019\u00e9coute de la suite de ces recherches. N\u00e9anmoins, l\u2019\u00e9tape suivante, elle, est d\u00e9j\u00e0 connue. Les chercheurs comptent d\u00e9buter les tests in vivo sur des souris g\u00e9n\u00e9tiquement s\u00e9lectionn\u00e9es pour d\u00e9velopper spontan\u00e9ment un cancer pancr\u00e9atique. Si les r\u00e9sultats sont bons, Franck Milone esp\u00e8re lancer un essai sur l\u2019humain d\u00e8s 2022. Ainsi dit, Christian D s\u2019exprime.<\/p>\n\n\n\n<blockquote class=\"wp-block-quote is-layout-flow wp-block-quote-is-layout-flow\">\n<p>\u00ab Nous avons montr\u00e9 que l\u2019extrait de chanvre ne remplace pas la th\u00e9rapie mais peut venir en compl\u00e9ment. Le CBD rouvre l\u2019app\u00e9tit, attenue les effets de la chimioth\u00e9rapie et n\u2019a pas d\u2019effets secondaires. A la diff\u00e9rence des opiac\u00e9s, il ne pr\u00e9sente aucune d\u00e9pendance pharmacologique. Malheureusement, je pense qu\u2019en France, l\u2019industrie pharmaceutique n\u2019est pas encore pr\u00eate \u00bb.<\/p>\n<\/blockquote>\n\n\n\n<p>Puis, il pr\u00e9cise.<\/p>\n\n\n\n<blockquote class=\"wp-block-quote is-layout-flow wp-block-quote-is-layout-flow\">\n<p>\u00ab On a d\u00e9j\u00e0 d\u00e9montr\u00e9 in vitro que l\u2019extrait brut de fleur de cannabis est plus efficace que le cannabidiol (CBD) seul. Une quantit\u00e9 20 fois plus grande de CBD seul est n\u00e9cessaire pour une m\u00eame efficacit\u00e9 qu\u2019avec l\u2019extrait brut de fleur de cannabis \u00bb.<\/p>\n<\/blockquote>\n\n\n\n<p>Parall\u00e8lement aux tests in vitro mentionn\u00e9s en amont, ajoutons aussi qu\u2019un <strong>programme d\u2019exp\u00e9rimentation sur le cannabis th\u00e9rapeutique<\/strong> a \u00e9t\u00e9 r\u00e9cemment lanc\u00e9. Celui-ci cible \u00e9galement les maladies qui ont besoin de traitements efficaces et pr\u00e9sentant le moins d\u2019effets secondaires possibles pour les patients. \u00c0 ce sujet, Christian D. Muller se prononce.<\/p>\n\n\n\n<blockquote class=\"wp-block-quote is-layout-flow wp-block-quote-is-layout-flow\">\n<p>\u00ab Il y a 3 000 malades qui pourront en b\u00e9n\u00e9ficier, alors qu\u2019on estime \u00e0 100 fois ce nombre, pour les personnes qui s\u2019autosoignent avec du <strong>chanvre m\u00e9dicinal<\/strong>. \u00bb<\/p>\n<\/blockquote>\n\n\n\n<p>Ces t\u00e9moignages et recherches montrent clairement que l\u2019industrie du <strong>cannabis th\u00e9rapeutique <\/strong>est en constante \u00e9volution. Nombre de chercheurs se d\u00e9vouent corps et \u00e2mes pour proposer, d\u2019ici \u00e0 quelques ann\u00e9es, des <strong>traitements \u00e0 base de cannabis<\/strong> pouvant aider les patients qui en ont besoin. Surtout que, certains m\u00e9decins se rangent peu \u00e0 peu de leur c\u00f4t\u00e9. C\u2019est le cas de Anny, m\u00e9decin g\u00e9n\u00e9raliste. Cette derni\u00e8re d\u00e9plore le fait que les patients doivent parcourir des centaines de kilom\u00e8tres afin de se rendre dans un autre pays pour avoir acc\u00e8s au cannabis th\u00e9rapeutique. Elle ajoute d\u2019ailleurs que ceux-ci&nbsp;:<\/p>\n\n\n\n<blockquote class=\"wp-block-quote is-layout-flow wp-block-quote-is-layout-flow\">\n<p>\u00ab risquent de perdre plusieurs centaines d\u2019euros de produits \u00e0 la douane parce c\u2019est ill\u00e9gal, parce que pour le cannabis il n\u2019y a aucune ouverture. La loi fran\u00e7aise est encore incapable d\u2019avoir une nuance sur le sujet, mais elle semble \u00eatre en train d\u2019\u00e9voluer. \u00bb<\/p>\n<\/blockquote>\n\n\n\n<p>Notons, pour finir, qu\u2019elle aurait prescrit du cannabis th\u00e9rapeutique pour l\u2019anxi\u00e9t\u00e9, l\u2019insomnie, les troubles hyperactifs et de l\u2019attention, des douleurs neurologiques, des spasmes musculaires, des tremblements, comme dans la scl\u00e9rose en plaque, la maladie de Parkinson, des inconforts li\u00e9s \u00e0 des chimioth\u00e9rapies, etc.<\/p>\n\n\n\n<hr class=\"wp-block-separator has-css-opacity\"\/>\n\n\n\n<p><span style=\"text-decoration: underline;\">R\u00e9f\u00e9rences<\/span><\/p>\n\n\n\n<ol class=\"wp-block-list\">\n<li>https:\/\/recherche.unistra.fr\/actualites-recherche\/actualites-de-la-recherche\/chanvre-therapeutique-lindustrie-pharmaceutique-accuse-un-certain-retard<\/li>\n\n\n\n<li>https:\/\/www.rue89strasbourg.com\/filiere-alsacienne-legalisation-cannabis-therapeutique-204115<\/li>\n<\/ol>\n\n\n<div class=\"kk-star-ratings kksr-auto kksr-align-left kksr-valign-bottom\"\n    data-payload='{&quot;align&quot;:&quot;left&quot;,&quot;id&quot;:&quot;4108&quot;,&quot;slug&quot;:&quot;default&quot;,&quot;valign&quot;:&quot;bottom&quot;,&quot;ignore&quot;:&quot;&quot;,&quot;reference&quot;:&quot;auto&quot;,&quot;class&quot;:&quot;&quot;,&quot;count&quot;:&quot;3327&quot;,&quot;legendonly&quot;:&quot;&quot;,&quot;readonly&quot;:&quot;&quot;,&quot;score&quot;:&quot;4.4&quot;,&quot;starsonly&quot;:&quot;&quot;,&quot;best&quot;:&quot;5&quot;,&quot;gap&quot;:&quot;5&quot;,&quot;greet&quot;:&quot;Notez cet article&quot;,&quot;legend&quot;:&quot;4.4\\\/5 - (3327 votes)&quot;,&quot;size&quot;:&quot;24&quot;,&quot;title&quot;:&quot;Chanvre, cannabis et CBD : au centre des pathologies complexes !&quot;,&quot;width&quot;:&quot;125.1&quot;,&quot;_legend&quot;:&quot;{score}\\\/{best} - ({count} {votes})&quot;,&quot;font_factor&quot;:&quot;1.25&quot;}'>\n            \n<div class=\"kksr-stars\">\n    \n<div class=\"kksr-stars-inactive\">\n            <div class=\"kksr-star\" data-star=\"1\" style=\"padding-right: 5px\">\n            \n\n<div class=\"kksr-icon\" style=\"width: 24px; height: 24px;\"><\/div>\n        <\/div>\n            <div class=\"kksr-star\" data-star=\"2\" style=\"padding-right: 5px\">\n            \n\n<div class=\"kksr-icon\" style=\"width: 24px; height: 24px;\"><\/div>\n        <\/div>\n            <div class=\"kksr-star\" data-star=\"3\" style=\"padding-right: 5px\">\n            \n\n<div class=\"kksr-icon\" style=\"width: 24px; height: 24px;\"><\/div>\n        <\/div>\n            <div class=\"kksr-star\" data-star=\"4\" style=\"padding-right: 5px\">\n            \n\n<div class=\"kksr-icon\" style=\"width: 24px; height: 24px;\"><\/div>\n        <\/div>\n            <div class=\"kksr-star\" data-star=\"5\" style=\"padding-right: 5px\">\n            \n\n<div class=\"kksr-icon\" style=\"width: 24px; height: 24px;\"><\/div>\n        <\/div>\n    <\/div>\n    \n<div class=\"kksr-stars-active\" style=\"width: 125.1px;\">\n            <div class=\"kksr-star\" style=\"padding-right: 5px\">\n            \n\n<div class=\"kksr-icon\" style=\"width: 24px; height: 24px;\"><\/div>\n        <\/div>\n            <div class=\"kksr-star\" style=\"padding-right: 5px\">\n            \n\n<div class=\"kksr-icon\" style=\"width: 24px; height: 24px;\"><\/div>\n        <\/div>\n            <div class=\"kksr-star\" style=\"padding-right: 5px\">\n            \n\n<div class=\"kksr-icon\" style=\"width: 24px; height: 24px;\"><\/div>\n        <\/div>\n            <div class=\"kksr-star\" style=\"padding-right: 5px\">\n            \n\n<div class=\"kksr-icon\" style=\"width: 24px; height: 24px;\"><\/div>\n        <\/div>\n            <div class=\"kksr-star\" style=\"padding-right: 5px\">\n            \n\n<div class=\"kksr-icon\" style=\"width: 24px; height: 24px;\"><\/div>\n        <\/div>\n    <\/div>\n<\/div>\n                \n\n<div class=\"kksr-legend\" style=\"font-size: 19.2px;\">\n            4.4\/5 - (3327 votes)    <\/div>\n    <\/div>\n","protected":false},"excerpt":{"rendered":"<p>La plante de chanvre \/ cannabis et sa mol\u00e9cule c\u00e9l\u00e8bre, le CBD, sont tr\u00e8s souvent mentionn\u00e9es parmi les solutions alternatives. Relativement aux pathologies complexes qui ont du mal \u00e0 \u00eatre correctement trait\u00e9es, via les traitements classiques. La recherche dans ce secteur avance, malgr\u00e9 les multiples p\u00e9rip\u00e9ties qui la ponctuent. \u00c0 ce sujet, nous vous proposons [&hellip;]<\/p>\n","protected":false},"author":90,"featured_media":3919,"comment_status":"open","ping_status":"open","sticky":false,"template":"","format":"standard","meta":{"_sitemap_exclude":false,"_sitemap_priority":"","_sitemap_frequency":"","footnotes":""},"categories":[206],"tags":[],"class_list":["post-4108","post","type-post","status-publish","format-standard","has-post-thumbnail","hentry","category-sante-cbd"],"yoast_head":"<!-- This site is optimized with the Yoast SEO Premium plugin v26.9 (Yoast SEO v26.9) - https:\/\/yoast.com\/product\/yoast-seo-premium-wordpress\/ -->\n<title>Chanvre, cannabis et CBD : au centre des pathologies complexes ! - CBD Blog<\/title>\n<meta name=\"description\" content=\"Dans cet article, nous vous proposons de d\u00e9couvrir des t\u00e9moignages sur le cannabis th\u00e9rapeutique \/ m\u00e9dical et des recherches sur le sujet.\" \/>\n<meta name=\"robots\" content=\"index, follow, max-snippet:-1, max-image-preview:large, max-video-preview:-1\" \/>\n<link rel=\"canonical\" href=\"https:\/\/www.cbd.fr\/blog\/chanvre-cannabis-et-cbd-au-centre-des-pathologies-complexes\/\" \/>\n<meta property=\"og:locale\" content=\"fr_FR\" \/>\n<meta property=\"og:type\" content=\"article\" \/>\n<meta property=\"og:title\" content=\"CHANVRE, CANNABIS ET CBD : AU CENTRE DES PATHOLOGIES COMPLEXES !\" \/>\n<meta property=\"og:description\" content=\"Dans cet article, nous vous proposons de d\u00e9couvrir des t\u00e9moignages sur le cannabis th\u00e9rapeutique \/ m\u00e9dical et des recherches sur le sujet.\" \/>\n<meta property=\"og:url\" content=\"https:\/\/www.cbd.fr\/blog\/chanvre-cannabis-et-cbd-au-centre-des-pathologies-complexes\/\" \/>\n<meta property=\"og:site_name\" content=\"CBD Blog\" \/>\n<meta property=\"article:publisher\" content=\"https:\/\/www.facebook.com\/cbdfrr\/\" \/>\n<meta property=\"article:published_time\" content=\"2021-04-17T08:35:37+00:00\" \/>\n<meta property=\"article:modified_time\" content=\"2024-07-21T21:36:33+00:00\" \/>\n<meta property=\"og:image\" content=\"https:\/\/www.cbd.fr\/blog\/wp-content\/uploads\/2021\/04\/experimentation-du-cannabis-medical-en-france-cbd-fr.png\" \/>\n\t<meta property=\"og:image:width\" content=\"284\" \/>\n\t<meta property=\"og:image:height\" content=\"177\" \/>\n\t<meta property=\"og:image:type\" content=\"image\/png\" \/>\n<meta name=\"author\" content=\"Julien\" \/>\n<meta name=\"twitter:card\" content=\"summary_large_image\" \/>\n<meta name=\"twitter:title\" content=\"CHANVRE, CANNABIS ET CBD : AU CENTRE DES PATHOLOGIES COMPLEXES !\" \/>\n<meta name=\"twitter:description\" content=\"Dans cet article, nous vous proposons de d\u00e9couvrir des t\u00e9moignages sur le cannabis th\u00e9rapeutique \/ m\u00e9dical et des recherches sur le sujet.\" \/>\n<meta name=\"twitter:image\" content=\"https:\/\/www.cbd.fr\/blog\/wp-content\/uploads\/2021\/04\/experimentation-du-cannabis-medical-en-france-cbd-fr.png\" \/>\n<meta name=\"twitter:label1\" content=\"\u00c9crit par\" \/>\n\t<meta name=\"twitter:data1\" content=\"Julien\" \/>\n\t<meta name=\"twitter:label2\" content=\"Dur\u00e9e de lecture estim\u00e9e\" \/>\n\t<meta name=\"twitter:data2\" content=\"4 minutes\" \/>\n<!-- \/ Yoast SEO Premium plugin. -->","yoast_head_json":{"title":"Chanvre, cannabis et CBD : au centre des pathologies complexes ! - CBD Blog","description":"Dans cet article, nous vous proposons de d\u00e9couvrir des t\u00e9moignages sur le cannabis th\u00e9rapeutique \/ m\u00e9dical et des recherches sur le sujet.","robots":{"index":"index","follow":"follow","max-snippet":"max-snippet:-1","max-image-preview":"max-image-preview:large","max-video-preview":"max-video-preview:-1"},"canonical":"https:\/\/www.cbd.fr\/blog\/chanvre-cannabis-et-cbd-au-centre-des-pathologies-complexes\/","og_locale":"fr_FR","og_type":"article","og_title":"CHANVRE, CANNABIS ET CBD : AU CENTRE DES PATHOLOGIES COMPLEXES !","og_description":"Dans cet article, nous vous proposons de d\u00e9couvrir des t\u00e9moignages sur le cannabis th\u00e9rapeutique \/ m\u00e9dical et des recherches sur le sujet.","og_url":"https:\/\/www.cbd.fr\/blog\/chanvre-cannabis-et-cbd-au-centre-des-pathologies-complexes\/","og_site_name":"CBD Blog","article_publisher":"https:\/\/www.facebook.com\/cbdfrr\/","article_published_time":"2021-04-17T08:35:37+00:00","article_modified_time":"2024-07-21T21:36:33+00:00","og_image":[{"width":284,"height":177,"url":"https:\/\/www.cbd.fr\/blog\/wp-content\/uploads\/2021\/04\/experimentation-du-cannabis-medical-en-france-cbd-fr.png","type":"image\/png"}],"author":"Julien","twitter_card":"summary_large_image","twitter_title":"CHANVRE, CANNABIS ET CBD : AU CENTRE DES PATHOLOGIES COMPLEXES !","twitter_description":"Dans cet article, nous vous proposons de d\u00e9couvrir des t\u00e9moignages sur le cannabis th\u00e9rapeutique \/ m\u00e9dical et des recherches sur le sujet.","twitter_image":"https:\/\/www.cbd.fr\/blog\/wp-content\/uploads\/2021\/04\/experimentation-du-cannabis-medical-en-france-cbd-fr.png","twitter_misc":{"\u00c9crit par":"Julien","Dur\u00e9e de lecture estim\u00e9e":"4 minutes"},"schema":{"@context":"https:\/\/schema.org","@graph":[{"@type":"Article","@id":"https:\/\/www.cbd.fr\/blog\/chanvre-cannabis-et-cbd-au-centre-des-pathologies-complexes\/#article","isPartOf":{"@id":"https:\/\/www.cbd.fr\/blog\/chanvre-cannabis-et-cbd-au-centre-des-pathologies-complexes\/"},"author":{"name":"Julien","@id":"https:\/\/www.cbd.fr\/blog\/#\/schema\/person\/d78b472d184ec8ae4135d454e3338c04"},"headline":"Chanvre, cannabis et CBD : au centre des pathologies complexes !","datePublished":"2021-04-17T08:35:37+00:00","dateModified":"2024-07-21T21:36:33+00:00","mainEntityOfPage":{"@id":"https:\/\/www.cbd.fr\/blog\/chanvre-cannabis-et-cbd-au-centre-des-pathologies-complexes\/"},"wordCount":1286,"commentCount":0,"publisher":{"@id":"https:\/\/www.cbd.fr\/blog\/#organization"},"image":{"@id":"https:\/\/www.cbd.fr\/blog\/chanvre-cannabis-et-cbd-au-centre-des-pathologies-complexes\/#primaryimage"},"thumbnailUrl":"https:\/\/www.cbd.fr\/blog\/wp-content\/uploads\/2021\/04\/experimentation-du-cannabis-medical-en-france-cbd-fr.png","articleSection":["Sant\u00e9 et CBD"],"inLanguage":"fr-FR","potentialAction":[{"@type":"CommentAction","name":"Comment","target":["https:\/\/www.cbd.fr\/blog\/chanvre-cannabis-et-cbd-au-centre-des-pathologies-complexes\/#respond"]}]},{"@type":"WebPage","@id":"https:\/\/www.cbd.fr\/blog\/chanvre-cannabis-et-cbd-au-centre-des-pathologies-complexes\/","url":"https:\/\/www.cbd.fr\/blog\/chanvre-cannabis-et-cbd-au-centre-des-pathologies-complexes\/","name":"Chanvre, cannabis et CBD : au centre des pathologies complexes ! - CBD Blog","isPartOf":{"@id":"https:\/\/www.cbd.fr\/blog\/#website"},"primaryImageOfPage":{"@id":"https:\/\/www.cbd.fr\/blog\/chanvre-cannabis-et-cbd-au-centre-des-pathologies-complexes\/#primaryimage"},"image":{"@id":"https:\/\/www.cbd.fr\/blog\/chanvre-cannabis-et-cbd-au-centre-des-pathologies-complexes\/#primaryimage"},"thumbnailUrl":"https:\/\/www.cbd.fr\/blog\/wp-content\/uploads\/2021\/04\/experimentation-du-cannabis-medical-en-france-cbd-fr.png","datePublished":"2021-04-17T08:35:37+00:00","dateModified":"2024-07-21T21:36:33+00:00","description":"Dans cet article, nous vous proposons de d\u00e9couvrir des t\u00e9moignages sur le cannabis th\u00e9rapeutique \/ m\u00e9dical et des recherches sur le sujet.","breadcrumb":{"@id":"https:\/\/www.cbd.fr\/blog\/chanvre-cannabis-et-cbd-au-centre-des-pathologies-complexes\/#breadcrumb"},"inLanguage":"fr-FR","potentialAction":[{"@type":"ReadAction","target":["https:\/\/www.cbd.fr\/blog\/chanvre-cannabis-et-cbd-au-centre-des-pathologies-complexes\/"]}]},{"@type":"ImageObject","inLanguage":"fr-FR","@id":"https:\/\/www.cbd.fr\/blog\/chanvre-cannabis-et-cbd-au-centre-des-pathologies-complexes\/#primaryimage","url":"https:\/\/www.cbd.fr\/blog\/wp-content\/uploads\/2021\/04\/experimentation-du-cannabis-medical-en-france-cbd-fr.png","contentUrl":"https:\/\/www.cbd.fr\/blog\/wp-content\/uploads\/2021\/04\/experimentation-du-cannabis-medical-en-france-cbd-fr.png","width":284,"height":177,"caption":"Le Professeur Mechoulam transforme \u00e0 nouveau l\u2019industrie du Cannabis"},{"@type":"BreadcrumbList","@id":"https:\/\/www.cbd.fr\/blog\/chanvre-cannabis-et-cbd-au-centre-des-pathologies-complexes\/#breadcrumb","itemListElement":[{"@type":"ListItem","position":1,"name":"CBD Blog","item":"https:\/\/www.cbd.fr\/blog\/"},{"@type":"ListItem","position":2,"name":"Sant\u00e9 et CBD","item":"https:\/\/www.cbd.fr\/blog\/category\/sante-cbd\/"},{"@type":"ListItem","position":3,"name":"Chanvre, cannabis et CBD : au centre des pathologies complexes !"}]},{"@type":"WebSite","@id":"https:\/\/www.cbd.fr\/blog\/#website","url":"https:\/\/www.cbd.fr\/blog\/","name":"CBD Blog","description":"Le meilleur blog de CBD et du chanvre en France par CBD.fr","publisher":{"@id":"https:\/\/www.cbd.fr\/blog\/#organization"},"alternateName":"CBD.fr","potentialAction":[{"@type":"SearchAction","target":{"@type":"EntryPoint","urlTemplate":"https:\/\/www.cbd.fr\/blog\/?s={search_term_string}"},"query-input":{"@type":"PropertyValueSpecification","valueRequired":true,"valueName":"search_term_string"}}],"inLanguage":"fr-FR"},{"@type":"Organization","@id":"https:\/\/www.cbd.fr\/blog\/#organization","name":"CBD.fr","alternateName":"CBD.fr","url":"https:\/\/www.cbd.fr\/blog\/","logo":{"@type":"ImageObject","inLanguage":"fr-FR","@id":"https:\/\/www.cbd.fr\/blog\/#\/schema\/logo\/image\/","url":"https:\/\/www.cbd.fr\/blog\/wp-content\/uploads\/2023\/01\/logo-cbd.png","contentUrl":"https:\/\/www.cbd.fr\/blog\/wp-content\/uploads\/2023\/01\/logo-cbd.png","width":215,"height":100,"caption":"CBD.fr"},"image":{"@id":"https:\/\/www.cbd.fr\/blog\/#\/schema\/logo\/image\/"},"sameAs":["https:\/\/www.facebook.com\/cbdfrr\/","https:\/\/www.instagram.com\/cbdfr\/","https:\/\/www.youtube.com\/@CBD_fr","https:\/\/www.linkedin.com\/company\/cbd-fr\/"],"description":"CBD.fr est le leaders fran\u00e7ais du bien-\u00eatre et du CBD, proposant une large gamme de produits \u00e0 base de chanvre rigoureusement s\u00e9lectionn\u00e9s. Expertise, qualit\u00e9 et p\u00e9dagogie sont au c\u0153ur de l\u2019exp\u00e9rience CBD.fr.","email":"support@cbd.fr","telephone":"0189720196","legalName":"CBD.fr","foundingDate":"2021-01-01","taxID":"760933","numberOfEmployees":{"@type":"QuantitativeValue","minValue":"11","maxValue":"50"}},{"@type":"Person","@id":"https:\/\/www.cbd.fr\/blog\/#\/schema\/person\/d78b472d184ec8ae4135d454e3338c04","name":"Julien","image":{"@type":"ImageObject","inLanguage":"fr-FR","@id":"https:\/\/www.cbd.fr\/blog\/#\/schema\/person\/image\/","url":"https:\/\/secure.gravatar.com\/avatar\/58f2f1b1e71c329d0226efe2cc40174640e1757e077dac013c980f3ee43c73a0?s=96&d=mm&r=g","contentUrl":"https:\/\/secure.gravatar.com\/avatar\/58f2f1b1e71c329d0226efe2cc40174640e1757e077dac013c980f3ee43c73a0?s=96&d=mm&r=g","caption":"Julien"},"description":"R\u00e9dacteur en chef sp\u00e9cialis\u00e9 en CBD Julien, n\u00e9 le 17 juillet 1978 en r\u00e9gion Parisienne, est un \u00e9minent r\u00e9dacteur et expert dans le domaine des produits \u00e0 base de CBD. Suite \u00e0 ses \u00e9tudes, Julien a d\u00e9velopp\u00e9 une passion pour les rem\u00e8des naturels, dont le CBD. En 2022, il int\u00e8gre l\u2019\u00e9quipe du site CBD.fr en qualit\u00e9 d\u2019expert et de contributeur r\u00e9gulier. Gr\u00e2ce \u00e0 son expertise scientifique et une \u00e9criture claire, Julien aide \u00e0 d\u00e9mystifier les aspects complexes du CBD, tout en mettant en lumi\u00e8re ses bienfaits et applications potentielles \u00e0 travers ses articles et participations \u00e0 des conf\u00e9rences.","honorificPrefix":"Mr","gender":"male","knowsAbout":["CBD","Cannabis","Copywriter"],"knowsLanguage":["French"],"jobTitle":"Editor-in-chief specializing in CBD","worksFor":"CBD.fr","url":"https:\/\/www.cbd.fr\/blog\/author\/redac-cbd\/"}]}},"_links":{"self":[{"href":"https:\/\/www.cbd.fr\/blog\/wp-json\/wp\/v2\/posts\/4108","targetHints":{"allow":["GET"]}}],"collection":[{"href":"https:\/\/www.cbd.fr\/blog\/wp-json\/wp\/v2\/posts"}],"about":[{"href":"https:\/\/www.cbd.fr\/blog\/wp-json\/wp\/v2\/types\/post"}],"author":[{"embeddable":true,"href":"https:\/\/www.cbd.fr\/blog\/wp-json\/wp\/v2\/users\/90"}],"replies":[{"embeddable":true,"href":"https:\/\/www.cbd.fr\/blog\/wp-json\/wp\/v2\/comments?post=4108"}],"version-history":[{"count":1,"href":"https:\/\/www.cbd.fr\/blog\/wp-json\/wp\/v2\/posts\/4108\/revisions"}],"predecessor-version":[{"id":13194,"href":"https:\/\/www.cbd.fr\/blog\/wp-json\/wp\/v2\/posts\/4108\/revisions\/13194"}],"wp:featuredmedia":[{"embeddable":true,"href":"https:\/\/www.cbd.fr\/blog\/wp-json\/wp\/v2\/media\/3919"}],"wp:attachment":[{"href":"https:\/\/www.cbd.fr\/blog\/wp-json\/wp\/v2\/media?parent=4108"}],"wp:term":[{"taxonomy":"category","embeddable":true,"href":"https:\/\/www.cbd.fr\/blog\/wp-json\/wp\/v2\/categories?post=4108"},{"taxonomy":"post_tag","embeddable":true,"href":"https:\/\/www.cbd.fr\/blog\/wp-json\/wp\/v2\/tags?post=4108"}],"curies":[{"name":"wp","href":"https:\/\/api.w.org\/{rel}","templated":true}]}}