{"id":8710,"date":"2023-07-30T15:17:06","date_gmt":"2023-07-30T13:17:06","guid":{"rendered":"https:\/\/www.cbd.fr\/blog\/?p=8710"},"modified":"2023-07-30T15:17:06","modified_gmt":"2023-07-30T13:17:06","slug":"le-portugal-a-t-il-elargi-le-cadre-de-decriminalisation-de-ses-substances-illicites","status":"publish","type":"post","link":"https:\/\/www.cbd.fr\/blog\/le-portugal-a-t-il-elargi-le-cadre-de-decriminalisation-de-ses-substances-illicites\/","title":{"rendered":"Le Portugal a-t-il \u00e9largi le cadre de d\u00e9criminalisation de ses substances illicites ?"},"content":{"rendered":"\n<p>L&#8217;Assembl\u00e9e l\u00e9gislative du <strong><a href=\"https:\/\/www.cbd.fr\/blog\/legislation-portugaise-cannabis\/\">Portugal<\/a><\/strong> a donn\u00e9 son <strong>accord pour des ajustements apport\u00e9s \u00e0 la directive 94\/96 du 26 mars 199<\/strong>6, mieux connue comme la &#8220;loi sur les narcotiques&#8221;.<\/p>\n\n\n\n<p>La loi modifi\u00e9e accro\u00eet la port\u00e9e de la consommation personnelle et ne consid\u00e8re plus le fait de poss\u00e9der une quantit\u00e9 exc\u00e9dant celle autoris\u00e9e pour une consommation de 10 jours comme une preuve de trafic. Cela implique que, dor\u00e9navant, lors d&#8217;une saisie de substances aupr\u00e8s d&#8217;un consommateur, la police devra apporter la preuve que ces substances \u00e9taient pr\u00e9vues pour le march\u00e9 noir, plut\u00f4t que pour l&#8217;usage personnel, avant de pouvoir l&#8217;accuser de <strong>&#8220;trafic de drogue&#8221;<\/strong>.<\/p>\n\n\n\n<p>Cette semaine, le gouvernement portugais a valid\u00e9 le texte final de la nouvelle Loi sur les narcotiques, fruit d&#8217;un projet de loi pr\u00e9sent\u00e9 au parlement en mars par une d\u00e9l\u00e9gation de d\u00e9put\u00e9s, majoritairement issus du Parti social-d\u00e9mocrate (PSD). Apr\u00e8s quelques r\u00e9serves \u00e9mises par la police judiciaire et le PSD lui-m\u00eame, la loi a re\u00e7u l&#8217;aval du parlement.<\/p>\n\n\n\n<p>N\u00e9anmoins, la version finale du texte, suite \u00e0 une longue discussion au sein de la commission des affaires constitutionnelles, des droits, des libert\u00e9s et des garanties, est le fruit d&#8217;un d\u00e9bat collectif sur le projet de loi du PSD ainsi que sur un autre projet de loi d\u00e9pos\u00e9 en juin par le Parti socialiste (PS).<\/p>\n\n\n\n<p>\u00c9largissement du champ de la d\u00e9criminalisation La proposition de loi initialement soumise par le PSD avait pour objectif de modifier le nom d\u00e9suet de l&#8217;autorit\u00e9 responsable de la mise \u00e0 jour des doses journali\u00e8res maximales individuelles. L&#8217;intention \u00e9tait d&#8217;actualiser la l\u00e9gislation afin de substituer le d\u00e9funt Conseil sup\u00e9rieur de m\u00e9decine l\u00e9gale par l&#8217;Institut national de m\u00e9decine l\u00e9gale et des sciences m\u00e9dico-l\u00e9gales.<\/p>\n\n\n\n<p>Cependant, suite au passage en commission parlementaire et \u00e0 la proposition de loi du PS, un texte final a \u00e9t\u00e9 \u00e9labor\u00e9 qui, en plus de la mise \u00e0 jour du nom de l&#8217;organisme, stipule que la possession d&#8217;une quantit\u00e9 d\u00e9passant un approvisionnement de 10 jours n&#8217;est pas n\u00e9cessairement un signe de trafic.<\/p>\n\n\n\n<p>Cette mesure est d&#8217;autant plus importante pour mettre en \u0153uvre les m\u00e9canismes propos\u00e9s dans la directive n\u00b0 94\/96 du 26 mars 1996, qui \u00e9tablit les proc\u00e9dures de diagnostic et les expertises requises pour d\u00e9finir l&#8217;\u00e9tat de toxicomanie, ainsi que les limites quantitatives maximales pour chaque dose journali\u00e8re individuelle des plantes, substances ou pr\u00e9parations r\u00e9pertori\u00e9es dans les tableaux I \u00e0 IV annex\u00e9s au d\u00e9cret-loi n\u00b0 15\/93 du 22 janvier 1993, qui sont les plus couramment consomm\u00e9es.<\/p>\n\n\n<div class=\"kk-star-ratings kksr-auto kksr-align-left kksr-valign-bottom\"\n    data-payload='{&quot;align&quot;:&quot;left&quot;,&quot;id&quot;:&quot;8710&quot;,&quot;slug&quot;:&quot;default&quot;,&quot;valign&quot;:&quot;bottom&quot;,&quot;ignore&quot;:&quot;&quot;,&quot;reference&quot;:&quot;auto&quot;,&quot;class&quot;:&quot;&quot;,&quot;count&quot;:&quot;2160&quot;,&quot;legendonly&quot;:&quot;&quot;,&quot;readonly&quot;:&quot;&quot;,&quot;score&quot;:&quot;4.7&quot;,&quot;starsonly&quot;:&quot;&quot;,&quot;best&quot;:&quot;5&quot;,&quot;gap&quot;:&quot;5&quot;,&quot;greet&quot;:&quot;Notez cet article&quot;,&quot;legend&quot;:&quot;4.7\\\/5 - (2160 votes)&quot;,&quot;size&quot;:&quot;24&quot;,&quot;title&quot;:&quot;Le Portugal a-t-il \u00e9largi le cadre de d\u00e9criminalisation de ses substances illicites ?&quot;,&quot;width&quot;:&quot;133.8&quot;,&quot;_legend&quot;:&quot;{score}\\\/{best} - ({count} {votes})&quot;,&quot;font_factor&quot;:&quot;1.25&quot;}'>\n            \n<div class=\"kksr-stars\">\n    \n<div class=\"kksr-stars-inactive\">\n            <div class=\"kksr-star\" data-star=\"1\" style=\"padding-right: 5px\">\n            \n\n<div class=\"kksr-icon\" style=\"width: 24px; height: 24px;\"><\/div>\n        <\/div>\n            <div class=\"kksr-star\" data-star=\"2\" style=\"padding-right: 5px\">\n            \n\n<div class=\"kksr-icon\" style=\"width: 24px; height: 24px;\"><\/div>\n        <\/div>\n            <div class=\"kksr-star\" data-star=\"3\" style=\"padding-right: 5px\">\n            \n\n<div class=\"kksr-icon\" style=\"width: 24px; height: 24px;\"><\/div>\n        <\/div>\n            <div class=\"kksr-star\" data-star=\"4\" style=\"padding-right: 5px\">\n            \n\n<div class=\"kksr-icon\" style=\"width: 24px; height: 24px;\"><\/div>\n        <\/div>\n            <div class=\"kksr-star\" data-star=\"5\" style=\"padding-right: 5px\">\n            \n\n<div class=\"kksr-icon\" style=\"width: 24px; height: 24px;\"><\/div>\n        <\/div>\n    <\/div>\n    \n<div class=\"kksr-stars-active\" style=\"width: 133.8px;\">\n            <div class=\"kksr-star\" style=\"padding-right: 5px\">\n            \n\n<div class=\"kksr-icon\" style=\"width: 24px; height: 24px;\"><\/div>\n        <\/div>\n            <div class=\"kksr-star\" style=\"padding-right: 5px\">\n            \n\n<div class=\"kksr-icon\" style=\"width: 24px; height: 24px;\"><\/div>\n        <\/div>\n            <div class=\"kksr-star\" style=\"padding-right: 5px\">\n            \n\n<div class=\"kksr-icon\" style=\"width: 24px; height: 24px;\"><\/div>\n        <\/div>\n            <div class=\"kksr-star\" style=\"padding-right: 5px\">\n            \n\n<div class=\"kksr-icon\" style=\"width: 24px; height: 24px;\"><\/div>\n        <\/div>\n            <div class=\"kksr-star\" style=\"padding-right: 5px\">\n            \n\n<div class=\"kksr-icon\" style=\"width: 24px; height: 24px;\"><\/div>\n        <\/div>\n    <\/div>\n<\/div>\n                \n\n<div class=\"kksr-legend\" style=\"font-size: 19.2px;\">\n            4.7\/5 - (2160 votes)    <\/div>\n    <\/div>\n","protected":false},"excerpt":{"rendered":"<p>L&#8217;Assembl\u00e9e l\u00e9gislative du Portugal a donn\u00e9 son accord pour des ajustements apport\u00e9s \u00e0 la directive 94\/96 du 26 mars 1996, mieux connue comme la &#8220;loi sur les narcotiques&#8221;. La loi modifi\u00e9e accro\u00eet la port\u00e9e de la consommation personnelle et ne consid\u00e8re plus le fait de poss\u00e9der une quantit\u00e9 exc\u00e9dant celle autoris\u00e9e pour une consommation de [&hellip;]<\/p>\n","protected":false},"author":90,"featured_media":8711,"comment_status":"closed","ping_status":"open","sticky":false,"template":"","format":"standard","meta":{"_sitemap_exclude":false,"_sitemap_priority":"","_sitemap_frequency":"","footnotes":""},"categories":[227],"tags":[],"class_list":["post-8710","post","type-post","status-publish","format-standard","has-post-thumbnail","hentry","category-actualite-du-cannabis"],"yoast_head":"<!-- This site is optimized with the Yoast SEO Premium plugin v26.9 (Yoast SEO v26.9) - https:\/\/yoast.com\/product\/yoast-seo-premium-wordpress\/ -->\n<title>Le Portugal a-t-il \u00e9largi le cadre de d\u00e9criminalisation de ses substances illicites ? - CBD Blog<\/title>\n<meta name=\"description\" content=\"D\u00e9couvrez comment le Portugal \u00e9largit son cadre de d\u00e9criminalisation des substances illicites, modifiant sa loi sur les narcotiques.\" \/>\n<meta name=\"robots\" content=\"index, follow, max-snippet:-1, max-image-preview:large, max-video-preview:-1\" \/>\n<link rel=\"canonical\" href=\"https:\/\/www.cbd.fr\/blog\/le-portugal-a-t-il-elargi-le-cadre-de-decriminalisation-de-ses-substances-illicites\/\" \/>\n<meta property=\"og:locale\" content=\"fr_FR\" \/>\n<meta property=\"og:type\" content=\"article\" \/>\n<meta property=\"og:title\" content=\"\ud83c\udf31Le Portugal a-t-il \u00e9largi le cadre de d\u00e9criminalisation de ses substances illicites ? - CBD.fr \ud83c\udf31\" \/>\n<meta property=\"og:description\" content=\"D\u00e9couvrez comment le Portugal \u00e9largit son cadre de d\u00e9criminalisation des substances illicites, modifiant sa loi sur les narcotiques.\" \/>\n<meta property=\"og:url\" content=\"https:\/\/www.cbd.fr\/blog\/le-portugal-a-t-il-elargi-le-cadre-de-decriminalisation-de-ses-substances-illicites\/\" \/>\n<meta property=\"og:site_name\" content=\"CBD Blog\" \/>\n<meta property=\"article:publisher\" content=\"https:\/\/www.facebook.com\/cbdfrr\/\" \/>\n<meta property=\"article:published_time\" content=\"2023-07-30T13:17:06+00:00\" \/>\n<meta property=\"og:image\" content=\"https:\/\/www.cbd.fr\/blog\/wp-content\/uploads\/2023\/07\/portugal-cannabis.jpg\" \/>\n\t<meta property=\"og:image:width\" content=\"1600\" \/>\n\t<meta property=\"og:image:height\" content=\"800\" \/>\n\t<meta property=\"og:image:type\" content=\"image\/jpeg\" \/>\n<meta name=\"author\" content=\"Julien\" \/>\n<meta name=\"twitter:card\" content=\"summary_large_image\" \/>\n<meta name=\"twitter:label1\" content=\"\u00c9crit par\" \/>\n\t<meta name=\"twitter:data1\" content=\"Julien\" \/>\n\t<meta name=\"twitter:label2\" content=\"Dur\u00e9e de lecture estim\u00e9e\" \/>\n\t<meta name=\"twitter:data2\" content=\"3 minutes\" \/>\n<!-- \/ Yoast SEO Premium plugin. -->","yoast_head_json":{"title":"Le Portugal a-t-il \u00e9largi le cadre de d\u00e9criminalisation de ses substances illicites ? - CBD Blog","description":"D\u00e9couvrez comment le Portugal \u00e9largit son cadre de d\u00e9criminalisation des substances illicites, modifiant sa loi sur les narcotiques.","robots":{"index":"index","follow":"follow","max-snippet":"max-snippet:-1","max-image-preview":"max-image-preview:large","max-video-preview":"max-video-preview:-1"},"canonical":"https:\/\/www.cbd.fr\/blog\/le-portugal-a-t-il-elargi-le-cadre-de-decriminalisation-de-ses-substances-illicites\/","og_locale":"fr_FR","og_type":"article","og_title":"\ud83c\udf31Le Portugal a-t-il \u00e9largi le cadre de d\u00e9criminalisation de ses substances illicites ? - CBD.fr \ud83c\udf31","og_description":"D\u00e9couvrez comment le Portugal \u00e9largit son cadre de d\u00e9criminalisation des substances illicites, modifiant sa loi sur les narcotiques.","og_url":"https:\/\/www.cbd.fr\/blog\/le-portugal-a-t-il-elargi-le-cadre-de-decriminalisation-de-ses-substances-illicites\/","og_site_name":"CBD Blog","article_publisher":"https:\/\/www.facebook.com\/cbdfrr\/","article_published_time":"2023-07-30T13:17:06+00:00","og_image":[{"width":1600,"height":800,"url":"https:\/\/www.cbd.fr\/blog\/wp-content\/uploads\/2023\/07\/portugal-cannabis.jpg","type":"image\/jpeg"}],"author":"Julien","twitter_card":"summary_large_image","twitter_misc":{"\u00c9crit par":"Julien","Dur\u00e9e de lecture estim\u00e9e":"3 minutes"},"schema":{"@context":"https:\/\/schema.org","@graph":[{"@type":"Article","@id":"https:\/\/www.cbd.fr\/blog\/le-portugal-a-t-il-elargi-le-cadre-de-decriminalisation-de-ses-substances-illicites\/#article","isPartOf":{"@id":"https:\/\/www.cbd.fr\/blog\/le-portugal-a-t-il-elargi-le-cadre-de-decriminalisation-de-ses-substances-illicites\/"},"author":{"name":"Julien","@id":"https:\/\/www.cbd.fr\/blog\/#\/schema\/person\/d78b472d184ec8ae4135d454e3338c04"},"headline":"Le Portugal a-t-il \u00e9largi le cadre de d\u00e9criminalisation de ses substances illicites ?","datePublished":"2023-07-30T13:17:06+00:00","mainEntityOfPage":{"@id":"https:\/\/www.cbd.fr\/blog\/le-portugal-a-t-il-elargi-le-cadre-de-decriminalisation-de-ses-substances-illicites\/"},"wordCount":452,"publisher":{"@id":"https:\/\/www.cbd.fr\/blog\/#organization"},"image":{"@id":"https:\/\/www.cbd.fr\/blog\/le-portugal-a-t-il-elargi-le-cadre-de-decriminalisation-de-ses-substances-illicites\/#primaryimage"},"thumbnailUrl":"https:\/\/www.cbd.fr\/blog\/wp-content\/uploads\/2023\/07\/portugal-cannabis.jpg","articleSection":["News Cannabis et CBD"],"inLanguage":"fr-FR"},{"@type":"WebPage","@id":"https:\/\/www.cbd.fr\/blog\/le-portugal-a-t-il-elargi-le-cadre-de-decriminalisation-de-ses-substances-illicites\/","url":"https:\/\/www.cbd.fr\/blog\/le-portugal-a-t-il-elargi-le-cadre-de-decriminalisation-de-ses-substances-illicites\/","name":"Le Portugal a-t-il \u00e9largi le cadre de d\u00e9criminalisation de ses substances illicites ? - CBD Blog","isPartOf":{"@id":"https:\/\/www.cbd.fr\/blog\/#website"},"primaryImageOfPage":{"@id":"https:\/\/www.cbd.fr\/blog\/le-portugal-a-t-il-elargi-le-cadre-de-decriminalisation-de-ses-substances-illicites\/#primaryimage"},"image":{"@id":"https:\/\/www.cbd.fr\/blog\/le-portugal-a-t-il-elargi-le-cadre-de-decriminalisation-de-ses-substances-illicites\/#primaryimage"},"thumbnailUrl":"https:\/\/www.cbd.fr\/blog\/wp-content\/uploads\/2023\/07\/portugal-cannabis.jpg","datePublished":"2023-07-30T13:17:06+00:00","description":"D\u00e9couvrez comment le Portugal \u00e9largit son cadre de d\u00e9criminalisation des substances illicites, modifiant sa loi sur les narcotiques.","breadcrumb":{"@id":"https:\/\/www.cbd.fr\/blog\/le-portugal-a-t-il-elargi-le-cadre-de-decriminalisation-de-ses-substances-illicites\/#breadcrumb"},"inLanguage":"fr-FR","potentialAction":[{"@type":"ReadAction","target":["https:\/\/www.cbd.fr\/blog\/le-portugal-a-t-il-elargi-le-cadre-de-decriminalisation-de-ses-substances-illicites\/"]}]},{"@type":"ImageObject","inLanguage":"fr-FR","@id":"https:\/\/www.cbd.fr\/blog\/le-portugal-a-t-il-elargi-le-cadre-de-decriminalisation-de-ses-substances-illicites\/#primaryimage","url":"https:\/\/www.cbd.fr\/blog\/wp-content\/uploads\/2023\/07\/portugal-cannabis.jpg","contentUrl":"https:\/\/www.cbd.fr\/blog\/wp-content\/uploads\/2023\/07\/portugal-cannabis.jpg","width":1600,"height":800,"caption":"portugal-cannabis"},{"@type":"BreadcrumbList","@id":"https:\/\/www.cbd.fr\/blog\/le-portugal-a-t-il-elargi-le-cadre-de-decriminalisation-de-ses-substances-illicites\/#breadcrumb","itemListElement":[{"@type":"ListItem","position":1,"name":"CBD Blog","item":"https:\/\/www.cbd.fr\/blog\/"},{"@type":"ListItem","position":2,"name":"News Cannabis et CBD","item":"https:\/\/www.cbd.fr\/blog\/category\/actualite-du-cannabis\/"},{"@type":"ListItem","position":3,"name":"Le Portugal a-t-il \u00e9largi le cadre de d\u00e9criminalisation de ses substances illicites ?"}]},{"@type":"WebSite","@id":"https:\/\/www.cbd.fr\/blog\/#website","url":"https:\/\/www.cbd.fr\/blog\/","name":"CBD Blog","description":"Le meilleur blog de CBD et du chanvre en France par CBD.fr","publisher":{"@id":"https:\/\/www.cbd.fr\/blog\/#organization"},"alternateName":"CBD.fr","potentialAction":[{"@type":"SearchAction","target":{"@type":"EntryPoint","urlTemplate":"https:\/\/www.cbd.fr\/blog\/?s={search_term_string}"},"query-input":{"@type":"PropertyValueSpecification","valueRequired":true,"valueName":"search_term_string"}}],"inLanguage":"fr-FR"},{"@type":"Organization","@id":"https:\/\/www.cbd.fr\/blog\/#organization","name":"CBD.fr","alternateName":"CBD.fr","url":"https:\/\/www.cbd.fr\/blog\/","logo":{"@type":"ImageObject","inLanguage":"fr-FR","@id":"https:\/\/www.cbd.fr\/blog\/#\/schema\/logo\/image\/","url":"https:\/\/www.cbd.fr\/blog\/wp-content\/uploads\/2023\/01\/logo-cbd.png","contentUrl":"https:\/\/www.cbd.fr\/blog\/wp-content\/uploads\/2023\/01\/logo-cbd.png","width":215,"height":100,"caption":"CBD.fr"},"image":{"@id":"https:\/\/www.cbd.fr\/blog\/#\/schema\/logo\/image\/"},"sameAs":["https:\/\/www.facebook.com\/cbdfrr\/","https:\/\/www.instagram.com\/cbdfr\/","https:\/\/www.youtube.com\/@CBD_fr","https:\/\/www.linkedin.com\/company\/cbd-fr\/"],"description":"CBD.fr est le leaders fran\u00e7ais du bien-\u00eatre et du CBD, proposant une large gamme de produits \u00e0 base de chanvre rigoureusement s\u00e9lectionn\u00e9s. Expertise, qualit\u00e9 et p\u00e9dagogie sont au c\u0153ur de l\u2019exp\u00e9rience CBD.fr.","email":"support@cbd.fr","telephone":"0189720196","legalName":"CBD.fr","foundingDate":"2021-01-01","taxID":"760933","numberOfEmployees":{"@type":"QuantitativeValue","minValue":"11","maxValue":"50"}},{"@type":"Person","@id":"https:\/\/www.cbd.fr\/blog\/#\/schema\/person\/d78b472d184ec8ae4135d454e3338c04","name":"Julien","image":{"@type":"ImageObject","inLanguage":"fr-FR","@id":"https:\/\/www.cbd.fr\/blog\/#\/schema\/person\/image\/","url":"https:\/\/secure.gravatar.com\/avatar\/58f2f1b1e71c329d0226efe2cc40174640e1757e077dac013c980f3ee43c73a0?s=96&d=mm&r=g","contentUrl":"https:\/\/secure.gravatar.com\/avatar\/58f2f1b1e71c329d0226efe2cc40174640e1757e077dac013c980f3ee43c73a0?s=96&d=mm&r=g","caption":"Julien"},"description":"R\u00e9dacteur en chef sp\u00e9cialis\u00e9 en CBD Julien, n\u00e9 le 17 juillet 1978 en r\u00e9gion Parisienne, est un \u00e9minent r\u00e9dacteur et expert dans le domaine des produits \u00e0 base de CBD. Suite \u00e0 ses \u00e9tudes, Julien a d\u00e9velopp\u00e9 une passion pour les rem\u00e8des naturels, dont le CBD. En 2022, il int\u00e8gre l\u2019\u00e9quipe du site CBD.fr en qualit\u00e9 d\u2019expert et de contributeur r\u00e9gulier. Gr\u00e2ce \u00e0 son expertise scientifique et une \u00e9criture claire, Julien aide \u00e0 d\u00e9mystifier les aspects complexes du CBD, tout en mettant en lumi\u00e8re ses bienfaits et applications potentielles \u00e0 travers ses articles et participations \u00e0 des conf\u00e9rences.","honorificPrefix":"Mr","gender":"male","knowsAbout":["CBD","Cannabis","Copywriter"],"knowsLanguage":["French"],"jobTitle":"Editor-in-chief specializing in CBD","worksFor":"CBD.fr","url":"https:\/\/www.cbd.fr\/blog\/author\/redac-cbd\/"}]}},"_links":{"self":[{"href":"https:\/\/www.cbd.fr\/blog\/wp-json\/wp\/v2\/posts\/8710","targetHints":{"allow":["GET"]}}],"collection":[{"href":"https:\/\/www.cbd.fr\/blog\/wp-json\/wp\/v2\/posts"}],"about":[{"href":"https:\/\/www.cbd.fr\/blog\/wp-json\/wp\/v2\/types\/post"}],"author":[{"embeddable":true,"href":"https:\/\/www.cbd.fr\/blog\/wp-json\/wp\/v2\/users\/90"}],"replies":[{"embeddable":true,"href":"https:\/\/www.cbd.fr\/blog\/wp-json\/wp\/v2\/comments?post=8710"}],"version-history":[{"count":0,"href":"https:\/\/www.cbd.fr\/blog\/wp-json\/wp\/v2\/posts\/8710\/revisions"}],"wp:featuredmedia":[{"embeddable":true,"href":"https:\/\/www.cbd.fr\/blog\/wp-json\/wp\/v2\/media\/8711"}],"wp:attachment":[{"href":"https:\/\/www.cbd.fr\/blog\/wp-json\/wp\/v2\/media?parent=8710"}],"wp:term":[{"taxonomy":"category","embeddable":true,"href":"https:\/\/www.cbd.fr\/blog\/wp-json\/wp\/v2\/categories?post=8710"},{"taxonomy":"post_tag","embeddable":true,"href":"https:\/\/www.cbd.fr\/blog\/wp-json\/wp\/v2\/tags?post=8710"}],"curies":[{"name":"wp","href":"https:\/\/api.w.org\/{rel}","templated":true}]}}